{"id":362767,"date":"2025-09-03T08:00:12","date_gmt":"2025-09-03T08:00:12","guid":{"rendered":"https:\/\/www.europesays.com\/fr\/362767\/"},"modified":"2025-09-03T08:00:12","modified_gmt":"2025-09-03T08:00:12","slug":"la-prevention-du-suicide-ca-marche-lucile-villain-psychiatre-au-chu-de-montpellier","status":"publish","type":"post","link":"https:\/\/www.europesays.com\/fr\/362767\/","title":{"rendered":"\u00ab\u00a0La pr\u00e9vention du suicide \u00e7a marche\u00a0\u00bb Lucile Villain psychiatre au CHU de Montpellier"},"content":{"rendered":"<p>Le CHU de Montpellier se mobilise \u00e0 l&rsquo;occasion de \u00ab\u00a0Septembre Jaune\u00a0\u00bb, mois d\u00e9di\u00e9 \u00e0 la pr\u00e9vention du suicide. 200.000 tentatives sont recens\u00e9es chaque ann\u00e9e en particulier chez les jeunes. <\/p>\n<p>1 jeune sur 4 est en d\u00e9pression. Un constat alarmant qu&rsquo;ICI vous r\u00e9v\u00e8le \u00e0 travers une \u00e9tude r\u00e9alis\u00e9e par la Mutualit\u00e9 fran\u00e7aise, l&rsquo;Institut Montaigne et l&rsquo;Institut Terram. <strong>31% des jeunes interrog\u00e9s entre 15 et 29 ans ont eu des id\u00e9es suicidaires ou ont voulu se faire du mal<\/strong>\u00a0 les deux semaines pr\u00e9c\u00e9dents le questionnaire.<\/p>\n<p>Le CHU de Montpellier se mobilise \u00e0 l&rsquo;occasion de \u00ab\u00a0Septembre Jaune\u00a0\u00bb, mois d\u00e9di\u00e9 \u00e0 la pr\u00e9vention du suicide avec notamment des stands d&rsquo;informations ouverts au grand public, tous les mercredis . <strong>Des aujourd&rsquo;hui\u00a0 (mercredi 03 septembre) vous pouvez vous rendre\u00a0 sur le site de St Eloi de 9h \u00e0 16h.<\/strong><\/p>\n<p>Le Dr Lucile Villain, psychiatre au CHU de Montpellier coordinatrice m\u00e9dicale du <strong>num\u00e9ro d&rsquo;appel national de pr\u00e9vention du suicide le\u00a0\u00bb31 14&Prime;<\/strong> est l&rsquo;invit\u00e9e d&rsquo;ICI matin.<\/p>\n","protected":false},"excerpt":{"rendered":"Le CHU de Montpellier se mobilise \u00e0 l&rsquo;occasion de \u00ab\u00a0Septembre Jaune\u00a0\u00bb, mois d\u00e9di\u00e9 \u00e0 la pr\u00e9vention du suicide.&hellip;\n","protected":false},"author":2,"featured_media":362768,"comment_status":"","ping_status":"","sticky":false,"template":"","format":"standard","meta":{"footnotes":""},"categories":[9599],"tags":[1111,11,1777,674,1011,27,2208,12,2680,25],"class_list":{"0":"post-362767","1":"post","2":"type-post","3":"status-publish","4":"format-standard","5":"has-post-thumbnail","7":"category-montpellier","8":"tag-actu","9":"tag-actualites","10":"tag-eu","11":"tag-europe","12":"tag-fr","13":"tag-france","14":"tag-montpellier","15":"tag-news","16":"tag-occitanie","17":"tag-republique-francaise"},"share_on_mastodon":{"url":"https:\/\/pubeurope.com\/@fr\/115139315149153018","error":""},"_links":{"self":[{"href":"https:\/\/www.europesays.com\/fr\/wp-json\/wp\/v2\/posts\/362767","targetHints":{"allow":["GET"]}}],"collection":[{"href":"https:\/\/www.europesays.com\/fr\/wp-json\/wp\/v2\/posts"}],"about":[{"href":"https:\/\/www.europesays.com\/fr\/wp-json\/wp\/v2\/types\/post"}],"author":[{"embeddable":true,"href":"https:\/\/www.europesays.com\/fr\/wp-json\/wp\/v2\/users\/2"}],"replies":[{"embeddable":true,"href":"https:\/\/www.europesays.com\/fr\/wp-json\/wp\/v2\/comments?post=362767"}],"version-history":[{"count":0,"href":"https:\/\/www.europesays.com\/fr\/wp-json\/wp\/v2\/posts\/362767\/revisions"}],"wp:featuredmedia":[{"embeddable":true,"href":"https:\/\/www.europesays.com\/fr\/wp-json\/wp\/v2\/media\/362768"}],"wp:attachment":[{"href":"https:\/\/www.europesays.com\/fr\/wp-json\/wp\/v2\/media?parent=362767"}],"wp:term":[{"taxonomy":"category","embeddable":true,"href":"https:\/\/www.europesays.com\/fr\/wp-json\/wp\/v2\/categories?post=362767"},{"taxonomy":"post_tag","embeddable":true,"href":"https:\/\/www.europesays.com\/fr\/wp-json\/wp\/v2\/tags?post=362767"}],"curies":[{"name":"wp","href":"https:\/\/api.w.org\/{rel}","templated":true}]}}