{"id":362769,"date":"2025-09-03T08:04:10","date_gmt":"2025-09-03T08:04:10","guid":{"rendered":"https:\/\/www.europesays.com\/fr\/362769\/"},"modified":"2025-09-03T08:04:10","modified_gmt":"2025-09-03T08:04:10","slug":"les-oeuvres-du-sculpteur-jean-pierre-baldini-exposees-a-la-galerie-dornano-a-sisteron","status":"publish","type":"post","link":"https:\/\/www.europesays.com\/fr\/362769\/","title":{"rendered":"Les \u0153uvres du sculpteur Jean-Pierre Baldini expos\u00e9es \u00e0 la galerie d&rsquo;Ornano \u00e0 Sisteron"},"content":{"rendered":"<p>Artiste sculpteur fran\u00e7ais, Jean-Pierre Baldini est impr\u00e9gn\u00e9 par la culture m\u00e9ridionale. D&rsquo;origine toscane, n\u00e9 en 1949 \u00e0 Cannes, il commence par la <a href=\"https:\/\/www.laprovence.com\/article\/region\/47698912269533\/fos-sur-mer-en-seulement-quelques-heures-ce-sculpteur-transforme-une-souche-de-pin-en-oeuvre-dart\" target=\"_blank\" rel=\"nofollow noopener\">sculpture sur bois<\/a> \u00e0 16 ans aux c\u00f4t\u00e9s de l&rsquo;artiste espagnol Alm\u00e9la qui le guidera. Parall\u00e8lement il compl\u00e8te cette enrichissante exp\u00e9rience par des \u00e9tudes de dessin aux Beaux-arts de N\u00eemes.<\/p>\n<p>Curieux et passionn\u00e9, Jean-Pierre Baldini, ne va avoir de cesse d&rsquo;\u00e9tudier les diff\u00e9rentes techniques, les mat\u00e9riaux et de s&rsquo;essayer \u00e0 toutes sortes d&rsquo;arts plastiques (peinture, gravure, photographie). Une premi\u00e8re <a href=\"https:\/\/www.laprovence.com\/article\/culture-loisirs\/88909231406533\/lexposition-consacree-a-cezanne-au-musee-granet-daix-en-provence-depasse-les-200-000-visiteurs\" target=\"_blank\" rel=\"nofollow noopener\">exposition <\/a>en 1968 \u00e0 la mairie d&rsquo;Arles, sa ville d&rsquo;adoption, lance sa carri\u00e8re. Depuis, les \u0153uvres de Jean-Pierre Baldini sont pr\u00e9sent\u00e9es aux quatre coins de la France et jusqu&rsquo;aux \u00c9tats-Unis.<\/p>\n<p>Le bronze d&rsquo;art<\/p>\n<p>Entre-temps, son travail s&rsquo;est orient\u00e9 vers le bronze d&rsquo;art accompagn\u00e9 par des fondeurs avec qui il va collaborer \u00e9troitement. Pour Jean-Pierre Baldini, \u00ab\u00a0il n&rsquo;y a rien de plus beau, de plus fort et de plus expressif que, le bronze, cet alliage issu du mariage du cuivre et de l&rsquo;\u00e9tain [\u2026] Il est \u00e0 la fois, souplesse et profondeur, rigueur et infini et, par le jeu de ses patines, couleur et lumi\u00e8re. En un mot,<a href=\"https:\/\/www.laprovence.com\/article\/culture-loisirs\/5419517964534114\/lune-des-oeuvres-les-plus-mythiques-de-la-sculptrice-camille-claudel-retrouve-par-hasard-aux-encheres\" target=\"_blank\" rel=\"nofollow noopener\"> le bronze<\/a>, c&rsquo;est la vie\u00a0\u00bb et \u00ab\u00a0plus encore que la peinture, par la conqu\u00eate de ses volumes, par l&rsquo;alchimie de sa technologie et de son fini, la sculpture est une des multiples splendeurs que fous et sages ne se lasseront jamais de chercher. \u00ab\u00a0<\/p>\n<p>Jour apr\u00e8s jour, avec application et pers\u00e9v\u00e9rance, Jean-Pierre Baldini p\u00e9trit, mod\u00e8le, \u00e9pure la mati\u00e8re pour qu&rsquo;elle devienne cette ligne \u00e9l\u00e9gante, l\u00e9g\u00e8re et a\u00e9rienne. En cinquante ans, il r\u00e9alise pr\u00e8s de 250 sculptures qui marquent la forte personnalit\u00e9 de cet artiste.<\/p>\n","protected":false},"excerpt":{"rendered":"Artiste sculpteur fran\u00e7ais, Jean-Pierre Baldini est impr\u00e9gn\u00e9 par la culture m\u00e9ridionale. D&rsquo;origine toscane, n\u00e9 en 1949 \u00e0 Cannes,&hellip;\n","protected":false},"author":2,"featured_media":362770,"comment_status":"","ping_status":"","sticky":false,"template":"","format":"standard","meta":{"footnotes":""},"categories":[9566],"tags":[17,1111,11,2430,49769,251,1777,674,15424,1011,27,10486,2731,14194,151,12,13813,25,28720],"class_list":{"0":"post-362769","1":"post","2":"type-post","3":"status-publish","4":"format-standard","5":"has-post-thumbnail","7":"category-grenoble","8":"tag-17","9":"tag-actu","10":"tag-actualites","11":"tag-auvergne-rhone-alpes","12":"tag-baldini","13":"tag-culture","14":"tag-eu","15":"tag-europe","16":"tag-exposees","17":"tag-fr","18":"tag-france","19":"tag-galerie","20":"tag-grenoble","21":"tag-jean-pierre","22":"tag-les","23":"tag-news","24":"tag-oeuvres","25":"tag-republique-francaise","26":"tag-sculpteur"},"share_on_mastodon":{"url":"https:\/\/pubeurope.com\/@fr\/115139330900008237","error":""},"_links":{"self":[{"href":"https:\/\/www.europesays.com\/fr\/wp-json\/wp\/v2\/posts\/362769","targetHints":{"allow":["GET"]}}],"collection":[{"href":"https:\/\/www.europesays.com\/fr\/wp-json\/wp\/v2\/posts"}],"about":[{"href":"https:\/\/www.europesays.com\/fr\/wp-json\/wp\/v2\/types\/post"}],"author":[{"embeddable":true,"href":"https:\/\/www.europesays.com\/fr\/wp-json\/wp\/v2\/users\/2"}],"replies":[{"embeddable":true,"href":"https:\/\/www.europesays.com\/fr\/wp-json\/wp\/v2\/comments?post=362769"}],"version-history":[{"count":0,"href":"https:\/\/www.europesays.com\/fr\/wp-json\/wp\/v2\/posts\/362769\/revisions"}],"wp:featuredmedia":[{"embeddable":true,"href":"https:\/\/www.europesays.com\/fr\/wp-json\/wp\/v2\/media\/362770"}],"wp:attachment":[{"href":"https:\/\/www.europesays.com\/fr\/wp-json\/wp\/v2\/media?parent=362769"}],"wp:term":[{"taxonomy":"category","embeddable":true,"href":"https:\/\/www.europesays.com\/fr\/wp-json\/wp\/v2\/categories?post=362769"},{"taxonomy":"post_tag","embeddable":true,"href":"https:\/\/www.europesays.com\/fr\/wp-json\/wp\/v2\/tags?post=362769"}],"curies":[{"name":"wp","href":"https:\/\/api.w.org\/{rel}","templated":true}]}}