{"id":362773,"date":"2025-09-03T08:06:09","date_gmt":"2025-09-03T08:06:09","guid":{"rendered":"https:\/\/www.europesays.com\/fr\/362773\/"},"modified":"2025-09-03T08:06:09","modified_gmt":"2025-09-03T08:06:09","slug":"a-vern-sur-seiche-un-financement-participatif-pour-conserver-le-radis-geant","status":"publish","type":"post","link":"https:\/\/www.europesays.com\/fr\/362773\/","title":{"rendered":"\u00c0 Vern-sur-Seiche, un financement participatif pour conserver le radis g\u00e9ant"},"content":{"rendered":"<p>\u00a0Un grand merci \u00e0 l\u2019artiste Ar Furlukin de nous mettre \u00e0 disposition cette \u0153uvre \u00e0 ciel ouvert \u00e0 travers un radis g\u00e9ant, aussi \u00e9tonnant que po\u00e9tique\u00a0, a soulign\u00e9 le maire St\u00e9phane Labb\u00e9, jeudi 28\u00a0ao\u00fbt 2025.<\/p>\n<p><strong>Lire aussi\u00a0:<\/strong> <a href=\"https:\/\/rennes.maville.com\/actu\/actudet_-vern-sur-seiche.-trois-choses-a-savoir-sur-le-forum-du-benevolat-_7-6956304_actu.Htm\" target=\"_blank\" rel=\"noopener\"> Vern-sur-Seiche. Trois choses \u00e0 savoir sur le forum du b\u00e9n\u00e9volat<\/a><\/p>\n<p><strong>Un financement participatif pour perdurer<\/strong><\/p>\n<p>L\u2019\u0153uvre monumentale de l\u2019artiste est compos\u00e9e de r\u00e9sine et de m\u00e9tal, elle a \u00e9t\u00e9 \u00a0plant\u00e9e\u00a0 <a href=\"https:\/\/rennes.maville.com\/actu\/actudet_-a-vern-sur-seiche-un-radis-se-dresse-devant-le-volume-_7-6935028_actu.Htm\" target=\"_blank\" rel=\"noopener\">en juillet sur l\u2019esplanade des Arts<\/a>, face au Volume. \u00a0Elle y restera durant un an et finira peut-\u00eatre par y demeurer, en fonction du succ\u00e8s du financement participatif lanc\u00e9 par son cr\u00e9ateur.\u00a0 Cette installation est une \u0153uvre hybride \u00e0 mi-chemin entre sculpture monumentale et mobilier urbain.<\/p>\n<p>Pour Ar Furlukin, ce petit l\u00e9gume rose \u00e0 t\u00eate blanche est bien plus qu\u2019un simple sujet de peinture\u00a0:<strong> \u00ab\u00a0C\u2019est un symbole de nos racines communes, un objet artistique aux mille variations.\u00a0\u00bb<\/strong><\/p>\n<p>Depuis 40\u00a0ans, il explore le radis sous toutes ses formes, sur toile, en sculpture, dans ses \u00e9crits, toujours dans une d\u00e9marche \u00e0 la fois s\u00e9rieuse et fantaisiste. \u00a0Van Gogh peignait des tournesols, C\u00e9zanne des pommes\u2026 Moi je peins des radis.\u00a0<\/p>\n<p><strong>Lire aussi\u00a0:<\/strong> <a href=\"https:\/\/rennes.maville.com\/actu\/actudet_-au-college-de-vern-sur-seiche-les-eleves-de-6e-ont-fait-leur-rentree-_7-6955594_actu.Htm\" target=\"_blank\" rel=\"noopener\">Au coll\u00e8ge de Vern-sur-Seiche, les \u00e9l\u00e8ves de 6e ont fait leur rentr\u00e9e<\/a><\/p>\n<p><strong>Comment l\u2019aider \u00e0 prendre racine\u00a0?<\/strong><\/p>\n<p>Des mini-radis sont en vente dans plusieurs commerces partenaires, au sein de la ville. <strong>\u00ab\u00a0En achetant un radis, vous soutenez directement ce projet artistique et citoyen. Chaque achat participe au financement solidaire de l\u2019\u0153uvre d\u00e9j\u00e0 implant\u00e9e\u00a0\u00bb,<\/strong> indique les services de la mairie.<\/p>\n<p>\u00a0<\/p>\n","protected":false},"excerpt":{"rendered":"\u00a0Un grand merci \u00e0 l\u2019artiste Ar Furlukin de nous mettre \u00e0 disposition cette \u0153uvre \u00e0 ciel ouvert \u00e0&hellip;\n","protected":false},"author":2,"featured_media":362774,"comment_status":"","ping_status":"","sticky":false,"template":"","format":"standard","meta":{"footnotes":""},"categories":[2821],"tags":[1111,11,829,27702,1777,674,3531,1011,27,13702,12,6794,45713,584,25,9310],"class_list":{"0":"post-362773","1":"post","2":"type-post","3":"status-publish","4":"format-standard","5":"has-post-thumbnail","7":"category-rennes","8":"tag-actu","9":"tag-actualites","10":"tag-bretagne","11":"tag-conserver","12":"tag-eu","13":"tag-europe","14":"tag-financement","15":"tag-fr","16":"tag-france","17":"tag-geant","18":"tag-news","19":"tag-participatif","20":"tag-radis","21":"tag-rennes","22":"tag-republique-francaise","23":"tag-vern-sur-seiche"},"share_on_mastodon":{"url":"https:\/\/pubeurope.com\/@fr\/115139339000856196","error":""},"_links":{"self":[{"href":"https:\/\/www.europesays.com\/fr\/wp-json\/wp\/v2\/posts\/362773","targetHints":{"allow":["GET"]}}],"collection":[{"href":"https:\/\/www.europesays.com\/fr\/wp-json\/wp\/v2\/posts"}],"about":[{"href":"https:\/\/www.europesays.com\/fr\/wp-json\/wp\/v2\/types\/post"}],"author":[{"embeddable":true,"href":"https:\/\/www.europesays.com\/fr\/wp-json\/wp\/v2\/users\/2"}],"replies":[{"embeddable":true,"href":"https:\/\/www.europesays.com\/fr\/wp-json\/wp\/v2\/comments?post=362773"}],"version-history":[{"count":0,"href":"https:\/\/www.europesays.com\/fr\/wp-json\/wp\/v2\/posts\/362773\/revisions"}],"wp:featuredmedia":[{"embeddable":true,"href":"https:\/\/www.europesays.com\/fr\/wp-json\/wp\/v2\/media\/362774"}],"wp:attachment":[{"href":"https:\/\/www.europesays.com\/fr\/wp-json\/wp\/v2\/media?parent=362773"}],"wp:term":[{"taxonomy":"category","embeddable":true,"href":"https:\/\/www.europesays.com\/fr\/wp-json\/wp\/v2\/categories?post=362773"},{"taxonomy":"post_tag","embeddable":true,"href":"https:\/\/www.europesays.com\/fr\/wp-json\/wp\/v2\/tags?post=362773"}],"curies":[{"name":"wp","href":"https:\/\/api.w.org\/{rel}","templated":true}]}}