{"id":362779,"date":"2025-09-03T08:09:41","date_gmt":"2025-09-03T08:09:41","guid":{"rendered":"https:\/\/www.europesays.com\/fr\/362779\/"},"modified":"2025-09-03T08:09:41","modified_gmt":"2025-09-03T08:09:41","slug":"benoit-rigot-nomme-directeur-regional-strasbourg-et-aurelien-banon-directeur-regional-reims-bpifrance","status":"publish","type":"post","link":"https:\/\/www.europesays.com\/fr\/362779\/","title":{"rendered":"Beno\u00eet Rigot nomm\u00e9 directeur r\u00e9gional Strasbourg et Aur\u00e9lien Banon directeur r\u00e9gional Reims &#8211; Bpifrance"},"content":{"rendered":"<p style=\"text-align: justify\"><strong>Le 1er septembre 2025 \u2013 Beno\u00eet Rigot est nomm\u00e9 directeur r\u00e9gional Strasbourg et Aur\u00e9lien Banon directeur r\u00e9gional Reims, au sein de la direction du r\u00e9seau Est de Bpifrance.<\/strong><\/p>\n<p style=\"text-align: justify\">Pilot\u00e9e par Bernard Nicaise, la Direction du R\u00e9seau Est de Bpifrance est compos\u00e9e de sept implantations en Grand-Est (Metz, Nancy, Reims, Troyes, Strasbourg) et Bourgogne-Franche-Comt\u00e9 (Dijon et Besan\u00e7on), qui chacune repr\u00e9sente et exerce l&rsquo;ensemble des m\u00e9tiers de la banque : financement, garantie bancaire, soutien \u00e0 l&rsquo;innovation, investissement en fonds propres, conseil, appui \u00e0 l&rsquo;international et cr\u00e9ation d&rsquo;entreprises.<\/p>\n<p style=\"text-align: justify\"><strong>Beno\u00eet Rigot est nomm\u00e9 Directeur Strasbourg. <\/strong>Il succ\u00e8de \u00e0 Ludovic Pouget, nomm\u00e9 Directeur R\u00e9gional Oc\u00e9an Indien Oc\u00e9an Pacifique.<\/p>\n<p style=\"text-align: justify\">Dipl\u00f4m\u00e9 d&rsquo;un master d&rsquo;ing\u00e9nierie \u00e9conomique de l&rsquo;IUP de Grenoble, Beno\u00eet Rigot a int\u00e9gr\u00e9 Bpifrance en 2008 en qualit\u00e9 de Charg\u00e9 d&rsquo;Affaires Innovation au sein des Directions R\u00e9gionales d&rsquo;Amiens puis de Lille. Il est ensuite devenu D\u00e9l\u00e9gu\u00e9 Innovation puis D\u00e9l\u00e9gu\u00e9 Financement au sein de la Direction R\u00e9gionale de Strasbourg en 2013.<\/p>\n<p style=\"text-align: justify\">En 2020, il a \u00e9t\u00e9 nomm\u00e9 Directeur R\u00e9gional \u00e0 Poitiers et depuis 2022, il occupait cette fonction \u00e0 la direction R\u00e9gionale de Nantes.<\/p>\n<p style=\"text-align: justify\">Pour rappel, la Direction R\u00e9gionale Bpifrance Strasbourg compte 40 collaborateurs et est situ\u00e9e au 3 rue de Berne, \u00e0 Schiltigheim (67300).<\/p>\n<p style=\"text-align: justify\"><strong>Aur\u00e9lien Banon est nomm\u00e9 Directeur R\u00e9gional Reims. <\/strong>Il succ\u00e8de \u00e0 Jean-Charles Perrette, nomm\u00e9 Directeur R\u00e9gional Nantes au sein du r\u00e9seau Ouest de Bpifrance.<\/p>\n<p style=\"text-align: justify\">Dipl\u00f4m\u00e9 de l&rsquo;ESTACA et d&rsquo;un master en management des technologies et de l&rsquo;innovation de Dauphine et Mines de Paris. Aur\u00e9lien Banon a rejoint la Direction R\u00e9gionale \u00cele-de-France Ouest de Bpifrance en 2012 en tant que Charg\u00e9 d&rsquo;Affaires Innovation puis Charg\u00e9 d&rsquo;affaires Financement. En 2016, il est devenu D\u00e9l\u00e9gu\u00e9 Innovation \u00e0 la Direction R\u00e9gionale de Paris, et y occupait la fonction de D\u00e9l\u00e9gu\u00e9 Financement depuis 2018.<\/p>\n<p style=\"text-align: justify\">Pour rappel, la Direction R\u00e9gionale Bpifrance Reims compte 35 collaborateurs et est situ\u00e9e au 9 rue de Gaston Boyer 5, \u00e0 Reims\u00a0 (b\u00e2timent Le Naos, 51722).<\/p>\n","protected":false},"excerpt":{"rendered":"Le 1er septembre 2025 \u2013 Beno\u00eet Rigot est nomm\u00e9 directeur r\u00e9gional Strasbourg et Aur\u00e9lien Banon directeur r\u00e9gional Reims,&hellip;\n","protected":false},"author":2,"featured_media":362780,"comment_status":"","ping_status":"","sticky":false,"template":"","format":"standard","meta":{"footnotes":""},"categories":[2820],"tags":[1111,11,1777,674,1011,27,775,12,25,640],"class_list":{"0":"post-362779","1":"post","2":"type-post","3":"status-publish","4":"format-standard","5":"has-post-thumbnail","7":"category-strasbourg","8":"tag-actu","9":"tag-actualites","10":"tag-eu","11":"tag-europe","12":"tag-fr","13":"tag-france","14":"tag-grand-est","15":"tag-news","16":"tag-republique-francaise","17":"tag-strasbourg"},"share_on_mastodon":{"url":"https:\/\/pubeurope.com\/@fr\/115139350592716673","error":""},"_links":{"self":[{"href":"https:\/\/www.europesays.com\/fr\/wp-json\/wp\/v2\/posts\/362779","targetHints":{"allow":["GET"]}}],"collection":[{"href":"https:\/\/www.europesays.com\/fr\/wp-json\/wp\/v2\/posts"}],"about":[{"href":"https:\/\/www.europesays.com\/fr\/wp-json\/wp\/v2\/types\/post"}],"author":[{"embeddable":true,"href":"https:\/\/www.europesays.com\/fr\/wp-json\/wp\/v2\/users\/2"}],"replies":[{"embeddable":true,"href":"https:\/\/www.europesays.com\/fr\/wp-json\/wp\/v2\/comments?post=362779"}],"version-history":[{"count":0,"href":"https:\/\/www.europesays.com\/fr\/wp-json\/wp\/v2\/posts\/362779\/revisions"}],"wp:featuredmedia":[{"embeddable":true,"href":"https:\/\/www.europesays.com\/fr\/wp-json\/wp\/v2\/media\/362780"}],"wp:attachment":[{"href":"https:\/\/www.europesays.com\/fr\/wp-json\/wp\/v2\/media?parent=362779"}],"wp:term":[{"taxonomy":"category","embeddable":true,"href":"https:\/\/www.europesays.com\/fr\/wp-json\/wp\/v2\/categories?post=362779"},{"taxonomy":"post_tag","embeddable":true,"href":"https:\/\/www.europesays.com\/fr\/wp-json\/wp\/v2\/tags?post=362779"}],"curies":[{"name":"wp","href":"https:\/\/api.w.org\/{rel}","templated":true}]}}