{"id":36278,"date":"2025-04-19T10:38:16","date_gmt":"2025-04-19T10:38:16","guid":{"rendered":"https:\/\/www.europesays.com\/fr\/36278\/"},"modified":"2025-04-19T10:38:16","modified_gmt":"2025-04-19T10:38:16","slug":"derriere-chaque-histoire-de-ce-livre-il-y-a-une-femme-qui-est-menacee-sarah-barukh-presente-son-roman-de-bleu-de-blanc-de-rouge-et-detoiles","status":"publish","type":"post","link":"https:\/\/www.europesays.com\/fr\/36278\/","title":{"rendered":"Derri\u00e8re chaque histoire de ce livre, il y a une femme qui est menac\u00e9e\u00a0\u00bb: Sarah Barukh pr\u00e9sente son roman \u00ab\u00a0De bleu, de blanc, de rouge et d\u2019\u00e9toiles"},"content":{"rendered":"<p>Lorsque survient la tuerie de Charlie hebdo, Jeanne, jeune femme juive, fran\u00e7aise, \u00e9prouve une peur irr\u00e9pressible. Mais les manifestations qui s\u2019ensuivent et ce souffle d\u2019unit\u00e9 qui parcourt son pays suscitent aussi un immense espoir: et si le temps \u00e9tait venu d\u2019en finir avec la haine et la division? Au destin de Jeanne se m\u00ealent peu \u00e0 peu d\u2019autres vies, d\u2019autres personnages, tr\u00e8s diff\u00e9rents et, pourtant, frapp\u00e9s par les m\u00eames guerres fratricides, sur fond d\u2019obscurantisme et de d\u00e9ni d\u2019humanit\u00e9. De bleu de blanc, de rouge et d\u2019\u00e9toiles est un livre br\u00fblant d\u2019actualit\u00e9, inspir\u00e9 par des proches de l\u2019autrice, des rencontres ou des t\u00e9moignages. Un roman o\u00f9 les \u00e9motions affleurent \u00e0 chaque ligne.<\/p>\n<p>Dualit\u00e9 de sentiments<\/p>\n<p>\u00ab\u00a0Ce livre, j\u2019en ai eu l\u2019id\u00e9e lors de la grande marche r\u00e9publicaine qui a fait suite aux attentats de Charlie Hebdo, de L\u2019Hyper Cacher et de Montrouge, nous a confi\u00e9 au t\u00e9l\u00e9phone l\u2019autrice qui poss\u00e8de des attaches familiales \u00e0 Nice. Comme beaucoup de Fran\u00e7ais juifs \u00e0 ce moment-l\u00e0, j\u2019ai \u00e9t\u00e9 habit\u00e9e d\u2019un double sentiment. Je me reconnaissais dans Charlie, dans la d\u00e9fense de la libert\u00e9 d\u2019expression, la libert\u00e9 de la presse, la la\u00efcit\u00e9. Mais j\u2019ai ressenti aussi un sentiment de solitude exacerb\u00e9 par la mixit\u00e9 des personnes autour de moi. Car trois ans plus t\u00f4t, lorsqu\u2019il y avait eu la tuerie \u00e0 l\u2019\u00e9cole juive Ozar Hatorah, avec cette petite fille tu\u00e9e par Mohamed Merah, et avant cela encore l\u2019affaire Ilan Halimi, personne n\u2019\u00e9tait descendu dans la rue.\u00a0\u00bb D\u2019o\u00f9 le titre de ce roman: \u00ab\u00a0En d\u00e9ambulant parmi la foule, j\u2019ai pens\u00e9, ils portent des drapeaux bleu, blanc, rouge, pour incarner ces valeurs menac\u00e9es. Et ils ne se rendent pas compte qu\u2019ils sont peut-\u00eatre en train de brandir l\u2019exact contraire de ce qu\u2019ils d\u00e9noncent. Qui sait si ce petit objet n\u2019incarne pas la maltraitance des humains, en ayant \u00e9t\u00e9 fabriqu\u00e9 dans un pays o\u00f9 on exploite des gens.\u00a0\u00bb<\/p>\n<p>La symbolique des \u00e9toiles<\/p>\n<p>C\u2019est \u00e0 partir de ce postulat que l\u2019autrice d\u2019Envole-moi (2020, Albin Michel) a laiss\u00e9 courir sa plume: \u00ab\u00a0J\u2019ai imagin\u00e9 le voyage de ce drapeau, depuis l\u2019endroit o\u00f9 il a \u00e9t\u00e9 produit jusqu\u2019\u00e0 cette petite fille qui le ramasse par terre. La fille de Jeanne, une juive la\u00efque en couple avec un musulman la\u00efque qui a cru \u00e9chapper quelques ann\u00e9es plus t\u00f4t \u00e0 la menace islamiste en partant d\u2019Isra\u00ebl et qui se reprend tout \u00e7a en pleine figure au moment des attentats de Charlie.\u00a0\u00bb Et de marteler : \u00ab\u00a0Je voulais chercher \u00e0 mettre en opposition les symboles qui tuent finalement, qu\u2019il s\u2019agisse des religions, des drapeaux, des nations, avec encore une fois ce que \u00e7a repr\u00e9sente. Tout le livre, jusqu\u2019au titre, m\u2019a \u00e9t\u00e9 inspir\u00e9 par cette phrase de Robert Badinter: \u2018\u2018Pour comprendre l\u2019histoire, il faut traduire les faits en v\u00e9rit\u00e9s humaines\u2019\u2019. Quant aux \u00e9toiles, ce sont les morts, mais c\u2019est aussi ce qui nous lie, puisque nous sommes tous des poussi\u00e8res d\u2019\u00e9toiles. Elles symbolisent \u00e9galement les trois grandes religions monoth\u00e9istes, l\u2019\u00e9toile juive, l\u2019\u00e9toile aupr\u00e8s du croissant des musulmans, et puis l\u2019\u00e9toile du berger que suivent les chr\u00e9tiens. J\u2019ai trouv\u00e9 cela int\u00e9ressant de les lier dans un titre qui, j\u2019esp\u00e9rais, serait un peu po\u00e9tique.\u00a0\u00bb<\/p>\n<p>Invisibilis\u00e9es et menac\u00e9es<\/p>\n<p>Quant \u00e0 la couverture du livre, o\u00f9 le visage de celle qui a initi\u00e9 l\u2019ouvrage collectif 125 et des milliers (1) appara\u00eet effac\u00e9, elle est \u00e9galement riche de sens: \u00ab\u00a0Le d\u00e9nominateur commun \u00e0 tous les syst\u00e8mes d\u2019oppression, c\u2019est qu\u2019ils touchent en priorit\u00e9 et en masse les femmes, qui sont syst\u00e9matiquement invisibilis\u00e9es, menac\u00e9es dans leur corps, dans leur capacit\u00e9 d\u2019\u00e9mancipation. Et derri\u00e8re chaque histoire de ce livre, il y a une femme qui est menac\u00e9e. Qu\u2019il s\u2019agisse de Jin qui a fui la Chine et qui esp\u00e8re, en acceptant des cargaisons pas tout \u00e0 fait cach\u00e8res, gagner assez d\u2019argent pour faire venir ses parents et, surtout, la d\u00e9pouille de sa petite s\u0153ur, victime de la politique de l\u2019enfant unique. C\u2019est l\u2019histoire aussi d\u2019Isaias qui erre, totalement perdu, parce qu\u2019il est sans sa m\u00e8re. Car elle \u00e9tait trop \u00e2g\u00e9e pour prendre les risques que lui a pris, et qui avait peur aussi de s\u2019exposer \u00e0 la culture patriarcale de tant de pays africains. Avec Rima, on d\u00e9couvre ce que vivent bien des femmes au Pakistan&#8230;\u00a0\u00bb<\/p>\n<p>Destins li\u00e9s<\/p>\n<p>Si tous les personnages de ce r\u00e9cit sont en apparence tr\u00e8s diff\u00e9rents, leurs destins sont pourtant li\u00e9s: \u00ab\u00a0Ils cherchent tous la r\u00e9ponse au \u2018\u2018qu\u2019est-ce que je fous l\u00e0? Sur qui puis-je m\u2019appuyer? Qui est v\u00e9ritablement l\u2019ennemi de cette humanit\u00e9?\u2019\u2019 La conclusion de tout cela, c\u2019est cette simple requ\u00eate de ma part: que l\u2019on soit capable de consid\u00e9rer le corps d\u2019un autre, sa pr\u00e9sence, sa vie. M\u00eame si on n\u2019est pas d\u2019accord.\u00a0\u00bb<\/p>\n<p>1. Publi\u00e9 en 2023, 125 et des milliers: 125 personnalit\u00e9s racontent 125 victimes de f\u00e9minicides (\u00e9d. Harper Collins) est un ouvrage collectif au grand retentissement m\u00e9diatique, qui a donn\u00e9 lieu \u00e0 la cr\u00e9ation de l\u2019association 125 et au documentaire Vivante(s).<\/p>\n","protected":false},"excerpt":{"rendered":"Lorsque survient la tuerie de Charlie hebdo, Jeanne, jeune femme juive, fran\u00e7aise, \u00e9prouve une peur irr\u00e9pressible. Mais les&hellip;\n","protected":false},"author":2,"featured_media":36279,"comment_status":"","ping_status":"","sticky":false,"template":"","format":"standard","meta":{"footnotes":""},"categories":[1357],"tags":[1379,251,58,59,1011,27,1351,1380],"class_list":{"0":"post-36278","1":"post","2":"type-post","3":"status-publish","4":"format-standard","5":"has-post-thumbnail","7":"category-livres","8":"tag-books","9":"tag-culture","10":"tag-divertissement","11":"tag-entertainment","12":"tag-fr","13":"tag-france","14":"tag-litterature","15":"tag-livres"},"share_on_mastodon":{"url":"https:\/\/pubeurope.com\/@fr\/114364200021374978","error":""},"_links":{"self":[{"href":"https:\/\/www.europesays.com\/fr\/wp-json\/wp\/v2\/posts\/36278","targetHints":{"allow":["GET"]}}],"collection":[{"href":"https:\/\/www.europesays.com\/fr\/wp-json\/wp\/v2\/posts"}],"about":[{"href":"https:\/\/www.europesays.com\/fr\/wp-json\/wp\/v2\/types\/post"}],"author":[{"embeddable":true,"href":"https:\/\/www.europesays.com\/fr\/wp-json\/wp\/v2\/users\/2"}],"replies":[{"embeddable":true,"href":"https:\/\/www.europesays.com\/fr\/wp-json\/wp\/v2\/comments?post=36278"}],"version-history":[{"count":0,"href":"https:\/\/www.europesays.com\/fr\/wp-json\/wp\/v2\/posts\/36278\/revisions"}],"wp:featuredmedia":[{"embeddable":true,"href":"https:\/\/www.europesays.com\/fr\/wp-json\/wp\/v2\/media\/36279"}],"wp:attachment":[{"href":"https:\/\/www.europesays.com\/fr\/wp-json\/wp\/v2\/media?parent=36278"}],"wp:term":[{"taxonomy":"category","embeddable":true,"href":"https:\/\/www.europesays.com\/fr\/wp-json\/wp\/v2\/categories?post=36278"},{"taxonomy":"post_tag","embeddable":true,"href":"https:\/\/www.europesays.com\/fr\/wp-json\/wp\/v2\/tags?post=36278"}],"curies":[{"name":"wp","href":"https:\/\/api.w.org\/{rel}","templated":true}]}}