{"id":362781,"date":"2025-09-03T08:10:15","date_gmt":"2025-09-03T08:10:15","guid":{"rendered":"https:\/\/www.europesays.com\/fr\/362781\/"},"modified":"2025-09-03T08:10:15","modified_gmt":"2025-09-03T08:10:15","slug":"petite-touche-du-05-02-2026-au-07-02-2026-nice","status":"publish","type":"post","link":"https:\/\/www.europesays.com\/fr\/362781\/","title":{"rendered":"Petite touche &#8211; Du 05\/02\/2026 au 07\/02\/2026 &#8211; Nice"},"content":{"rendered":"<p>En adaptant la fable fantastique de Fr\u00e9d\u00e9ric Cl\u00e9ment, la compagnie du Th\u00e9\u00e2tre D\u00e9saccord\u00e9 cr\u00e9e un spectacle de marionnettes, entre illusion et r\u00e9alit\u00e9, visuel et sonore, o\u00f9 les personnes voyantes et non-voyantes peuvent partager un m\u00eame moment, une m\u00eame \u00e9motion.<\/p>\n<p>&#13;<\/p>\n<p>Petite Touche ne voit pas, mais ses doigts sont aussi sensibles que les moustaches d\u2019une souris. Un jour, elle rencontre Corbillard, un grand corbeau qui ne parle pas. Au travers d\u2019une qu\u00eate \u00e9pique, les deux amis devront unir leurs forces pour sauver tous les oiseaux du monde, menac\u00e9s par la mal\u00e9diction d\u2019un grand Marabout. De ce duo improbable na\u00eetra une amiti\u00e9 extraordinaire. Un univers visuel f\u00e9\u00e9rique pour marionnettes bruissantes et r\u00e9cits pluriels.<\/p>\n<p>&#13;<\/p>\n<p>Texte &amp; adaptation\u00a0Fr\u00e9d\u00e9ric Cl\u00e9ment, Sandrine Maunier, R\u00e9mi Lambert<br \/>Conception &amp; mise en sc\u00e8ne\u00a0Sandrine Maunier, R\u00e9mi Lambert<\/p>\n<p>&#13;<\/p>\n<p>Dur\u00e9e 1h<\/p>\n<p>&#13;<\/p>\n<p>Infos\/billetterie en ligne :\u00a0<a href=\"https:\/\/www.tnn.fr\/fr\/spectacles\/saison-2025-2026\" target=\"_blank\" rel=\"nofollow noopener\">www.tnn.fr<\/a><\/p>\n","protected":false},"excerpt":{"rendered":"En adaptant la fable fantastique de Fr\u00e9d\u00e9ric Cl\u00e9ment, la compagnie du Th\u00e9\u00e2tre D\u00e9saccord\u00e9 cr\u00e9e un spectacle de marionnettes,&hellip;\n","protected":false},"author":2,"featured_media":362782,"comment_status":"","ping_status":"","sticky":false,"template":"","format":"standard","meta":{"footnotes":""},"categories":[2819],"tags":[1111,11,1777,674,1011,27,12,2401,882,25],"class_list":{"0":"post-362781","1":"post","2":"type-post","3":"status-publish","4":"format-standard","5":"has-post-thumbnail","7":"category-nice","8":"tag-actu","9":"tag-actualites","10":"tag-eu","11":"tag-europe","12":"tag-fr","13":"tag-france","14":"tag-news","15":"tag-nice","16":"tag-provence-alpes-cote-dazur","17":"tag-republique-francaise"},"share_on_mastodon":{"url":"https:\/\/pubeurope.com\/@fr\/115139354557629554","error":""},"_links":{"self":[{"href":"https:\/\/www.europesays.com\/fr\/wp-json\/wp\/v2\/posts\/362781","targetHints":{"allow":["GET"]}}],"collection":[{"href":"https:\/\/www.europesays.com\/fr\/wp-json\/wp\/v2\/posts"}],"about":[{"href":"https:\/\/www.europesays.com\/fr\/wp-json\/wp\/v2\/types\/post"}],"author":[{"embeddable":true,"href":"https:\/\/www.europesays.com\/fr\/wp-json\/wp\/v2\/users\/2"}],"replies":[{"embeddable":true,"href":"https:\/\/www.europesays.com\/fr\/wp-json\/wp\/v2\/comments?post=362781"}],"version-history":[{"count":0,"href":"https:\/\/www.europesays.com\/fr\/wp-json\/wp\/v2\/posts\/362781\/revisions"}],"wp:featuredmedia":[{"embeddable":true,"href":"https:\/\/www.europesays.com\/fr\/wp-json\/wp\/v2\/media\/362782"}],"wp:attachment":[{"href":"https:\/\/www.europesays.com\/fr\/wp-json\/wp\/v2\/media?parent=362781"}],"wp:term":[{"taxonomy":"category","embeddable":true,"href":"https:\/\/www.europesays.com\/fr\/wp-json\/wp\/v2\/categories?post=362781"},{"taxonomy":"post_tag","embeddable":true,"href":"https:\/\/www.europesays.com\/fr\/wp-json\/wp\/v2\/tags?post=362781"}],"curies":[{"name":"wp","href":"https:\/\/api.w.org\/{rel}","templated":true}]}}