{"id":362783,"date":"2025-09-03T08:11:11","date_gmt":"2025-09-03T08:11:11","guid":{"rendered":"https:\/\/www.europesays.com\/fr\/362783\/"},"modified":"2025-09-03T08:11:11","modified_gmt":"2025-09-03T08:11:11","slug":"un-proces-aura-t-il-finalement-lieu","status":"publish","type":"post","link":"https:\/\/www.europesays.com\/fr\/362783\/","title":{"rendered":"un proc\u00e8s aura-t-il finalement lieu\u00a0?"},"content":{"rendered":"<p>Alors que le parquet avait requis un non-lieu apr\u00e8s le tir mortel d\u2019un policier sur Zyed Bensa\u00efd, en fuite \u00e0 bord de son v\u00e9hicule, les juges ont demand\u00e9 son renvoi devant la cour criminelle pendant l\u2019\u00e9t\u00e9. La d\u00e9fense a fait appel.<\/p>\n<p class=\"fig-paragraph\">Trois ans apr\u00e8s les faits, la question d\u2019un proc\u00e8s dans l\u2019affaire Zyed Bensa\u00efd se pose toujours. Mais une chose est s\u00fbre\u00a0: l\u2019instruction est d\u00e9sormais close et les deux juges charg\u00e9s de ce dossier ont d\u00e9cid\u00e9 pendant l\u2019\u00e9t\u00e9,\u00a0<a href=\"http:\/\/www.lefigaro.fr\/nice\/refus-d-obtemperer-mortel-a-nice-le-parquet-requiert-un-non-lieu-pour-le-policier-ayant-abattu-zyed-b-en-2022-20240524\" data-fig-type=\"NewsFlash\" data-gtm-custom-categorie=\"navigation\" data-gtm-custom-action=\"crossclick\" data-gtm-custom-label=\"Contextuel\" data-gtm-event=\"customEventSPE\" data-fig-domain=\"LEFIGARO\" rel=\"nofollow noopener\" target=\"_blank\">contre les r\u00e9quisitions du parquet<\/a>, de renvoyer devant la cour criminelle le policier auteur du tir mortel apr\u00e8s un refus d\u2019obtemp\u00e9rer \u00e0 Nice (Alpes-Maritimes), le 7 septembre 2022.<\/p>\n<p class=\"fig-paragraph\">Le proc\u00e8s pour \u00abviolences ayant entra\u00een\u00e9 la mort sans l\u2019intention de la donner\u00bb n\u2019est pour autant pas encore act\u00e9 puisque le policier mis en cause a d\u00e9cid\u00e9 de faire appel de cette d\u00e9cision de renvoi, comme l\u2019indique au Figaro son avocat\u00a0<a href=\"https:\/\/www.lefigaro.fr\/actualite-france\/laurent-franck-lienard-l-avocat-qui-defend-les-flics-20230720\" data-fig-type=\"Article\" data-gtm-custom-categorie=\"navigation\" data-gtm-custom-action=\"crossclick\" data-gtm-custom-label=\"Contextuel\" data-gtm-event=\"customEventSPE\" data-fig-domain=\"LEFIGARO\" rel=\"nofollow noopener\" target=\"_blank\">Laurent-Franck Li\u00e9nard<\/a>. Reste \u00e0 la chambre d\u2019instruction d\u2019Aix-en-Provence de prochainement trancher.<\/p>\n<p>                                    <a class=\"fig-a11y-skip a11y-hidden\" href=\"#fig-a11y-skip-main-inarticle\"><br \/>\n        Passer la publicit\u00e9<br \/>\n    <\/a><\/p>\n<p class=\"fig-paragraph\">L\u2019affaire est sensible et avait suscit\u00e9 de nombreuses r\u00e9actions \u00e0 l\u2019\u00e9poque ainsi que\u00a0<a href=\"http:\/\/www.lefigaro.fr\/faits-divers\/nice-marche-blanche-pour-demander-justice-pour-zied-tue-lors-d-un-refus-d-obtemperer-20220918\" data-fig-type=\"NewsFlash\" data-gtm-custom-categorie=\"navigation\" data-gtm-custom-action=\"crossclick\" data-gtm-custom-label=\"Contextuel\" data-gtm-event=\"customEventSPE\" data-fig-domain=\"LEFIGARO\" rel=\"nofollow noopener\" target=\"_blank\">deux manifestations en soutien \u00e0 l\u2019une ou l\u2019autre partie<\/a>. Le 7 septembre en fin d\u2019apr\u00e8s-midi, alors que Zyed Bensa\u00efd, 24 ans et d\u00e9favorablement connu des autorit\u00e9s,\u00a0<a href=\"http:\/\/www.lefigaro.fr\/actualite-france\/en-leger-repli-le-nombre-de-refus-d-obtemperer-reste-a-un-niveau-tres-eleve-20250501\" data-fig-type=\"Article\" data-gtm-custom-categorie=\"navigation\" data-gtm-custom-action=\"crossclick\" data-gtm-custom-label=\"Contextuel\" data-gtm-event=\"customEventSPE\" data-fig-domain=\"LEFIGARO\" rel=\"nofollow noopener\" target=\"_blank\">refuse d\u2019obtemp\u00e9rer<\/a>, il prend la fuite \u00e0 bord d\u2019un v\u00e9hicule vol\u00e9 et fini par percuter une voiture de police. Un agent pointe alors son arme, le conducteur recule puis semble vouloir repartir, et c\u2019est l\u00e0 que le tir part \u00e0 travers la vitre et tue le jeune homme sur le coup.<\/p>\n<p class=\"fig-paragraph\">Une vid\u00e9o de quelques secondes capt\u00e9e par des t\u00e9moins documente la sc\u00e8ne et c\u2019est sur celle-ci que s\u2019est appuy\u00e9e Me Sefen Guez-Guez, conseil de la famille de Zyed Bensa\u00efd. Ils avaient aussi d\u00e9pos\u00e9 \u00abun m\u00e9moire\u00bb pour exiger des poursuites contre l\u2019avis du parquet de Nice. L\u2019IGPN, la police des polices, avait dans un premier temps \u00e9t\u00e9 saisie.<\/p>\n<p>L\u00e9gitime d\u00e9fense en question<\/p>\n<p class=\"fig-paragraph\">\u00abC\u2019est une victoire juridique importante\u00bb, se satisfait Me Guez-Guez, qui a aussi avanc\u00e9 que le coup de feu du policier ne s\u2019inscrivait pas dans le cadre d\u2019une l\u00e9gitime d\u00e9fense pour mettre fin \u00e0 un danger imminent. \u00abIl se situe \u00e0 1,50 m\u00e8tre, les roues sont orient\u00e9es \u00e0 l\u2019ext\u00e9rieur du policier et on voit un autre v\u00e9hicule de police qui le colle\u00bb, d\u00e9crit encore l\u2019avocat. \u00abLui a invoqu\u00e9 un danger mais il n\u2019y a aucun \u00e9l\u00e9ment dans le dossier qui corrobore vraiment avec un risque d\u2019\u00e9crasement\u00bb, assure-t-il.<\/p>\n<p class=\"fig-paragraph\">Il s\u2019agissait d\u2019un policier adjoint, grade inf\u00e9rieur \u00e0 celui de gardien de la paix, \u00e2g\u00e9 \u00e0 l\u2019\u00e9poque des faits de 33 ans. Avant de faire usage de son arme, on l\u2019entend crier au chauffard de sortir du v\u00e9hicule. Un tir vu comme l\u00e9gal par le parquet ni\u00e7ois dans cette situation mais qui selon les magistrats instructeurs, m\u00e9rite des d\u00e9bats \u00e0 la barre.<\/p>\n<p class=\"fig-paragraph\">\u00abOn ne peut pas se laisser aller \u00e0 la simple \u00e9motion d\u2019une vid\u00e9o\u00bb, explique pour sa part Bruno Bartocetti, d\u00e9l\u00e9gu\u00e9 du syndicat Un1t\u00e9 dans la zone sud, qui parle de \u00abdangerosit\u00e9 constante\u00bb du conducteur. \u00abOn ne demande pas un permis de tuer. S\u2019il a tir\u00e9, c\u2019est qu\u2019il se sentait en danger. Si au d\u00e9part, le parquet a demand\u00e9 la relaxe, c\u2019est que l\u2019action du policier est justifi\u00e9e et qu\u2019on n\u2019a pas un chasseur dans nos rangs\u00bb, poursuit le repr\u00e9sentant. La date d\u2019audience \u00e0 la cour d\u2019appel n\u2019est pas encore connue.<\/p>\n","protected":false},"excerpt":{"rendered":"Alors que le parquet avait requis un non-lieu apr\u00e8s le tir mortel d\u2019un policier sur Zyed Bensa\u00efd, en&hellip;\n","protected":false},"author":2,"featured_media":362784,"comment_status":"","ping_status":"","sticky":false,"template":"","format":"standard","meta":{"footnotes":""},"categories":[2819],"tags":[1111,11,1777,674,1011,27,303,12,2401,1072,882,2852,25],"class_list":{"0":"post-362783","1":"post","2":"type-post","3":"status-publish","4":"format-standard","5":"has-post-thumbnail","7":"category-nice","8":"tag-actu","9":"tag-actualites","10":"tag-eu","11":"tag-europe","12":"tag-fr","13":"tag-france","14":"tag-justice","15":"tag-news","16":"tag-nice","17":"tag-police","18":"tag-provence-alpes-cote-dazur","19":"tag-refus-dobtemperer","20":"tag-republique-francaise"},"share_on_mastodon":{"url":"https:\/\/pubeurope.com\/@fr\/115139358758916557","error":""},"_links":{"self":[{"href":"https:\/\/www.europesays.com\/fr\/wp-json\/wp\/v2\/posts\/362783","targetHints":{"allow":["GET"]}}],"collection":[{"href":"https:\/\/www.europesays.com\/fr\/wp-json\/wp\/v2\/posts"}],"about":[{"href":"https:\/\/www.europesays.com\/fr\/wp-json\/wp\/v2\/types\/post"}],"author":[{"embeddable":true,"href":"https:\/\/www.europesays.com\/fr\/wp-json\/wp\/v2\/users\/2"}],"replies":[{"embeddable":true,"href":"https:\/\/www.europesays.com\/fr\/wp-json\/wp\/v2\/comments?post=362783"}],"version-history":[{"count":0,"href":"https:\/\/www.europesays.com\/fr\/wp-json\/wp\/v2\/posts\/362783\/revisions"}],"wp:featuredmedia":[{"embeddable":true,"href":"https:\/\/www.europesays.com\/fr\/wp-json\/wp\/v2\/media\/362784"}],"wp:attachment":[{"href":"https:\/\/www.europesays.com\/fr\/wp-json\/wp\/v2\/media?parent=362783"}],"wp:term":[{"taxonomy":"category","embeddable":true,"href":"https:\/\/www.europesays.com\/fr\/wp-json\/wp\/v2\/categories?post=362783"},{"taxonomy":"post_tag","embeddable":true,"href":"https:\/\/www.europesays.com\/fr\/wp-json\/wp\/v2\/tags?post=362783"}],"curies":[{"name":"wp","href":"https:\/\/api.w.org\/{rel}","templated":true}]}}