{"id":362785,"date":"2025-09-03T08:12:39","date_gmt":"2025-09-03T08:12:39","guid":{"rendered":"https:\/\/www.europesays.com\/fr\/362785\/"},"modified":"2025-09-03T08:12:39","modified_gmt":"2025-09-03T08:12:39","slug":"valere-guillard-defend-les-metallos-darcelormittal-et-lhistoire-familiale-pres-de-nantes","status":"publish","type":"post","link":"https:\/\/www.europesays.com\/fr\/362785\/","title":{"rendered":"Val\u00e8re Guillard d\u00e9fend les m\u00e9tallos d\u2019ArcelorMittal et l\u2019histoire familiale pr\u00e8s de Nantes"},"content":{"rendered":"<p>C\u2019\u00e9tait un \u00e9t\u00e9 en pente douce sur les bords de la Loire, o\u00f9 l\u2019usine ArcelorMittal a tourn\u00e9 au ralenti, faute d\u2019acier \u00e0 transformer. \u00c7a tangue dans la m\u00e9tallurgie, dans l\u2019\u00e9conomie du pays et la glissade vers les licenciements, enclench\u00e9e depuis l\u2019hiver dernier, pourrait s\u2019acc\u00e9l\u00e9rer en cette rentr\u00e9e.<\/p>\n<p>\u00c0 Basse-Indre (Loire-Atlantique), 97\u00a0postes et une des deux lignes de production sont dans le collimateur du plan d\u2019\u00e9conomie national de la direction. Alors, dans les bureaux syndicaux du site, les \u00e9lus bossent, t\u00e9l\u00e9phonent, s\u2019informent, discutent, comme des boxeurs pr\u00e9pareraient le combat de leur vie.<\/p>\n<p>Comme les autres, Val\u00e8re Guillard conna\u00eet l\u2019enjeu, \u00e9norme pour cet ultime repr\u00e9sentant d\u2019une famille de travailleurs des forges\u00a0: <strong>\u00ab\u00a0Mon arri\u00e8re-grand-p\u00e8re, que j\u2019ai bien connu, y \u00e9tait entr\u00e9 \u00e0 11\u00a0ans. De ce dont je me souviens, son r\u00f4le \u00e9tait d\u2019alimenter les ouvriers en boissons. Puis il a fait diff\u00e9rents m\u00e9tiers ici.\u00a0\u00bb<\/strong><\/p>\n<p>C\u2019\u00e9tait il y a plus d\u2019un si\u00e8cle et lorsqu\u2019on entrait dans une de ces grandes entreprises, c\u2019\u00e9tait de p\u00e8re en fils. Le grand-p\u00e8re maternel de Val\u00e8re Guillard avait aussi rejoint l\u2019imprimerie de Basse-Indre d\u00e8s l\u2019adolescence. <strong>\u00ab\u00a0Des oncles et tantes aussi. C\u2019\u00e9tait le poumon industriel, avec la navale \u00e0 Indret, en face, et l\u2019a\u00e9ro \u00e0 Bouguenais\u00a0\u00bb, <\/strong>expose le syndicaliste.<\/p>\n<p>Lutte pour le laminoir<\/p>\n<p>Dans les ann\u00e9es 1960, son p\u00e8re perp\u00e9tue l\u2019atavisme familial\u00a0: <strong>\u00ab\u00a0Il est rest\u00e9 jusqu\u2019au d\u00e9part du laminoir vers Florange.\u00a0\u00bb<\/strong> \u00c9lu \u00e0 la CFDT, <a href=\"https:\/\/nantes.maville.com\/info\/info-locale\/le-laminoir-le-poumon-de-lentreprise-918770\" target=\"_blank\" rel=\"noopener\">il a bien lutt\u00e9 pour conserver les \u00ab\u00a0cinq cages\u00a0\u00bb, le c\u0153ur de la production du site, en vain.<\/a><\/p>\n<p>\u00c0 16\u00a0ans, apr\u00e8s un passage au centre de formation du Pellerin qui pr\u00e9pare aux m\u00e9tiers de la m\u00e9tallurgie, Val\u00e8re Guillard fait son apprentissage d\u2019ajusteur.\u00a0L\u2019usine de Basse-Indre l\u2019attend\u00a0: <strong>\u00ab\u00a0Je n\u2019ai pas d\u00fb me poser de question. C\u2019\u00e9tait la logique, la facilit\u00e9 sans doute aussi.\u00a0\u00bb<\/strong> En 1996, il rejoint la ligne de rev\u00eatement d\u2019\u00e9tamage, cette couche d\u2019\u00e9tain ou de chrome qui tapisse le fer des bo\u00eetes de conserve.<\/p>\n<p>Tr\u00e8s vite et l\u00e0 aussi par \u00e9ducation, l\u2019ouvrier adh\u00e8re \u00e0 la CGT. Une \u00e9vidence\u00a0?<strong> \u00ab\u00a0Pas par contradiction loin de l\u00e0. La CFDT \u00e9tait pr\u00e9sente mais peu repr\u00e9sent\u00e9e, <\/strong>se souvient-il. <strong>Je me retrouvais plus dans l\u2019histoire de la CGT, ses combats et ses victoires. L\u2019engagement et l\u2019abn\u00e9gation de certains syndicalistes de l\u2019\u00e9poque.\u00a0\u00bb<\/strong><\/p>\n<p>D\u00e9zinguer le plan de la direction<\/p>\n<p>Devenu un des \u00e9lus CGT au comit\u00e9 central il y a deux ans, Val\u00e8re Guillard compte sur <strong>\u00ab\u00a0la force d\u2019un collectif\u00a0\u00bb<\/strong> au moment o\u00f9 les n\u00e9gociations du plan de sauvegarde de l\u2019emploi sont r\u00e9enclench\u00e9es. Elles s\u2019annoncent \u00e2pres. Les armes juridiques sont d\u00e9ploy\u00e9es notamment avec l\u2019appui du cabinet d\u2019experts Secafi, qui \u00e9pluche les motivations de la direction. <strong>\u00ab\u00a0On attend le rapport, <\/strong>confirme Val\u00e8re Guillard. O<strong>n esp\u00e8re d\u00e9zinguer leur plan.\u00a0\u00bb<\/strong><\/p>\n<p>Le retour \u00e0 la table de r\u00e9union est pr\u00e9vu ce mercredi 3\u00a0septembre. Val\u00e8re Guillard sera avec ses coll\u00e8gues face au directeur national et son DHR.<strong> \u00ab\u00a0Pas impressionn\u00e9.<\/strong> <strong>\u00a0On travaille tous ensemble, \u00e0 Basse-Indre, on est les seuls en intersyndicale.\u00a0\u00bb <\/strong>Ces derniers jours, les \u00e9lus sont pass\u00e9s dans les ateliers pour r\u00e9expliquer l\u2019enjeu alors que la production a encore chut\u00e9 en 2024.<\/p>\n<p><strong>\u00ab\u00a0Les march\u00e9s sont partis en Espagne,<\/strong> regrette le syndicaliste. <strong>On se demande si la direction veut nous sauver.\u00a0\u00bb<\/strong> Impossible de ne pas penser \u00e0 une plong\u00e9e vertigineuse, si <a href=\"http:\/\/ouest-france.fr\/economie\/industries\/arcelor-mittal-dans-leur-usine-de-200-ans-des-metallos-fiers-mais-tourmentes-pour-leur-avenir-b74638fa-6f7d-11ef-9636-7dbb9f35abc5\" target=\"_blank\" rel=\"noopener\">les machines devaient s\u2019\u00e9teindre ici, dans le site m\u00e9tallurgique bicentenaire.<\/a> Loin d\u2019une \u00e9poque ou son arri\u00e8re-grand-p\u00e8re venait parfois en traversant \u00e0 pied la Loire gel\u00e9e.<\/p>\n<p>\u00a0<\/p>\n","protected":false},"excerpt":{"rendered":"C\u2019\u00e9tait un \u00e9t\u00e9 en pente douce sur les bords de la Loire, o\u00f9 l\u2019usine ArcelorMittal a tourn\u00e9 au&hellip;\n","protected":false},"author":2,"featured_media":362786,"comment_status":"","ping_status":"","sticky":false,"template":"","format":"standard","meta":{"footnotes":""},"categories":[2818],"tags":[1111,11,13620,19234,1777,674,13108,1011,27,49773,937,49774,766,12,2636,3762,25,3272,49772],"class_list":{"0":"post-362785","1":"post","2":"type-post","3":"status-publish","4":"format-standard","5":"has-post-thumbnail","7":"category-nantes","8":"tag-actu","9":"tag-actualites","10":"tag-arcelormittal","11":"tag-defend","12":"tag-eu","13":"tag-europe","14":"tag-familiale","15":"tag-fr","16":"tag-france","17":"tag-guillard","18":"tag-histoire","19":"tag-metallos","20":"tag-nantes","21":"tag-news","22":"tag-pays-de-la-loire","23":"tag-pres","24":"tag-republique-francaise","25":"tag-saint-nazaire","26":"tag-valere"},"share_on_mastodon":{"url":"https:\/\/pubeurope.com\/@fr\/115139362489002585","error":""},"_links":{"self":[{"href":"https:\/\/www.europesays.com\/fr\/wp-json\/wp\/v2\/posts\/362785","targetHints":{"allow":["GET"]}}],"collection":[{"href":"https:\/\/www.europesays.com\/fr\/wp-json\/wp\/v2\/posts"}],"about":[{"href":"https:\/\/www.europesays.com\/fr\/wp-json\/wp\/v2\/types\/post"}],"author":[{"embeddable":true,"href":"https:\/\/www.europesays.com\/fr\/wp-json\/wp\/v2\/users\/2"}],"replies":[{"embeddable":true,"href":"https:\/\/www.europesays.com\/fr\/wp-json\/wp\/v2\/comments?post=362785"}],"version-history":[{"count":0,"href":"https:\/\/www.europesays.com\/fr\/wp-json\/wp\/v2\/posts\/362785\/revisions"}],"wp:featuredmedia":[{"embeddable":true,"href":"https:\/\/www.europesays.com\/fr\/wp-json\/wp\/v2\/media\/362786"}],"wp:attachment":[{"href":"https:\/\/www.europesays.com\/fr\/wp-json\/wp\/v2\/media?parent=362785"}],"wp:term":[{"taxonomy":"category","embeddable":true,"href":"https:\/\/www.europesays.com\/fr\/wp-json\/wp\/v2\/categories?post=362785"},{"taxonomy":"post_tag","embeddable":true,"href":"https:\/\/www.europesays.com\/fr\/wp-json\/wp\/v2\/tags?post=362785"}],"curies":[{"name":"wp","href":"https:\/\/api.w.org\/{rel}","templated":true}]}}