{"id":362787,"date":"2025-09-03T08:13:15","date_gmt":"2025-09-03T08:13:15","guid":{"rendered":"https:\/\/www.europesays.com\/fr\/362787\/"},"modified":"2025-09-03T08:13:15","modified_gmt":"2025-09-03T08:13:15","slug":"une-enquete-ouverte-apres-les-revelations-dabus-sexuels-au-college-saint-stanislas-de-nantes","status":"publish","type":"post","link":"https:\/\/www.europesays.com\/fr\/362787\/","title":{"rendered":"Une enqu\u00eate ouverte apr\u00e8s les r\u00e9v\u00e9lations d&rsquo;abus sexuels au coll\u00e8ge Saint-Stanislas de Nantes"},"content":{"rendered":"<p>La police enqu\u00eate sur les abus sexuels au coll\u00e8ge Saint-Stanislas de Nantes, r\u00e9v\u00e9l\u00e9s ce vendredi 29 ao\u00fbt, indique le procureur de la R\u00e9publique. Il a lui-m\u00eame \u00e9t\u00e9 destinataire du courrier de la famille d&rsquo;une des victimes qui s&rsquo;est donn\u00e9e la mort en juillet 2024.<\/p>\n<p>Le procureur de la R\u00e9publique de Nantes, Antoine Leroy, indique ce mercredi matin qu&rsquo;une enqu\u00eate a \u00e9t\u00e9 confi\u00e9e aux policiers nantais\u00a0<a class=\"IciLink ici-link IciArticleLink g-ici-body-regular-1 underline brand svelte-lu7k6w\" href=\"https:\/\/www.francebleu.fr\/infos\/faits-divers-justice\/des-vies-ont-ete-brises-revelation-d-abus-sexuels-commis-sur-plusieurs-decennies-au-lycee-saint-stanislas-de-nantes-9797016\" rel=\"nofollow noopener\" target=\"_blank\">apr\u00e8s les r\u00e9v\u00e9lations d&rsquo;abus sexuels commis au coll\u00e8ge Saint-Stanislas de Nantes<\/a>, de 1958 \u00e0 1995, confirmant une information de nos confr\u00e8res de Ouest-France et Presse Oc\u00e9an. Ils s&rsquo;int\u00e9ressent en particulier aux confidences qu&rsquo;<strong>un homme a faites \u00e0 ses proches avant de se donner la mort en juillet 2024<\/strong>, \u00e0 l&rsquo;\u00e2ge de 46 ans. Il leur a expliqu\u00e9 avoir \u00e9t\u00e9 victimes \u00ab\u00a0d&rsquo;infractions \u00e0 caract\u00e8re sexuel\u00a0\u00bb, commises par un surveillant lorsqu&rsquo;il \u00e9tait interne. Ses proches ont \u00e9crit au directeur de l&rsquo;enseignement catholique de Loire-Atlantique qui a transmis le courrier \u00e0 la justice.<\/p>\n<p>Pas d&rsquo;autres signalements pour l&rsquo;instant<\/p>\n<p>Pour l&rsquo;instant, le procureur de la R\u00e9publique de Nantes n&rsquo;en dit pas plus sur les investigations qui sont men\u00e9es. Pour l&rsquo;instant, il n&rsquo;a pas \u00e9t\u00e9 contact\u00e9 par les familles d&rsquo;autres victimes, m\u00eame apr\u00e8s les r\u00e9v\u00e9lations sur ces abus sexuels commis par cinq pr\u00eatres et un surveillant sur une p\u00e9riode de pr\u00e8s de 40 ans dans l&rsquo;\u00e9tablissement nantais. <strong>Jusque-l\u00e0, 10 victimes ont \u00e9t\u00e9 identifi\u00e9es<\/strong>.<\/p>\n<p>De leur c\u00f4t\u00e9, le dioc\u00e8se et la direction de l&rsquo;enseignement catholique de Loire-Atlantique ont <strong>lanc\u00e9 un appel aux potentielles autres victimes<\/strong> en leur demandant de se manifester. En parall\u00e8le, des recherches vont \u00eatre entam\u00e9es dans les archives.<\/p>\n","protected":false},"excerpt":{"rendered":"La police enqu\u00eate sur les abus sexuels au coll\u00e8ge Saint-Stanislas de Nantes, r\u00e9v\u00e9l\u00e9s ce vendredi 29 ao\u00fbt, indique&hellip;\n","protected":false},"author":2,"featured_media":362788,"comment_status":"","ping_status":"","sticky":false,"template":"","format":"standard","meta":{"footnotes":""},"categories":[2818],"tags":[1111,11,1777,674,1011,27,766,12,2636,25],"class_list":{"0":"post-362787","1":"post","2":"type-post","3":"status-publish","4":"format-standard","5":"has-post-thumbnail","7":"category-nantes","8":"tag-actu","9":"tag-actualites","10":"tag-eu","11":"tag-europe","12":"tag-fr","13":"tag-france","14":"tag-nantes","15":"tag-news","16":"tag-pays-de-la-loire","17":"tag-republique-francaise"},"share_on_mastodon":{"url":"https:\/\/pubeurope.com\/@fr\/115139366366373016","error":""},"_links":{"self":[{"href":"https:\/\/www.europesays.com\/fr\/wp-json\/wp\/v2\/posts\/362787","targetHints":{"allow":["GET"]}}],"collection":[{"href":"https:\/\/www.europesays.com\/fr\/wp-json\/wp\/v2\/posts"}],"about":[{"href":"https:\/\/www.europesays.com\/fr\/wp-json\/wp\/v2\/types\/post"}],"author":[{"embeddable":true,"href":"https:\/\/www.europesays.com\/fr\/wp-json\/wp\/v2\/users\/2"}],"replies":[{"embeddable":true,"href":"https:\/\/www.europesays.com\/fr\/wp-json\/wp\/v2\/comments?post=362787"}],"version-history":[{"count":0,"href":"https:\/\/www.europesays.com\/fr\/wp-json\/wp\/v2\/posts\/362787\/revisions"}],"wp:featuredmedia":[{"embeddable":true,"href":"https:\/\/www.europesays.com\/fr\/wp-json\/wp\/v2\/media\/362788"}],"wp:attachment":[{"href":"https:\/\/www.europesays.com\/fr\/wp-json\/wp\/v2\/media?parent=362787"}],"wp:term":[{"taxonomy":"category","embeddable":true,"href":"https:\/\/www.europesays.com\/fr\/wp-json\/wp\/v2\/categories?post=362787"},{"taxonomy":"post_tag","embeddable":true,"href":"https:\/\/www.europesays.com\/fr\/wp-json\/wp\/v2\/tags?post=362787"}],"curies":[{"name":"wp","href":"https:\/\/api.w.org\/{rel}","templated":true}]}}