{"id":362789,"date":"2025-09-03T08:14:12","date_gmt":"2025-09-03T08:14:12","guid":{"rendered":"https:\/\/www.europesays.com\/fr\/362789\/"},"modified":"2025-09-03T08:14:12","modified_gmt":"2025-09-03T08:14:12","slug":"david-b-eric-losfeld-et-philippe-katerine-a-lhonneur","status":"publish","type":"post","link":"https:\/\/www.europesays.com\/fr\/362789\/","title":{"rendered":"David B., \u00c9ric Losfeld et Philippe Katerine \u00e0 l\u2019honneur"},"content":{"rendered":"<p>        <img decoding=\"async\" id=\"25769794\" src=\"https:\/\/www.europesays.com\/fr\/wp-content\/uploads\/2025\/09\/david-b-lascension-du-haut-mal-lassociation.jpg\" alt=\"L\u2019Ascension du Haut Mal\" itemprop=\"contentURL\"\/><\/p>\n<p>    L\u2019Ascension du Haut Mal<\/p>\n<p>David B<\/p>\n<p>Alliant exigence et convivialit\u00e9, le festival f\u00eate sa cinqui\u00e8me \u00e9dition. Sa formule gagnante\u00a0? Un salon du livre \u2013 toujours au Garage Moderne \u2013, avec 50 maisons d\u2019\u00e9dition et 70 auteurs (BD, livre jeunesse, dessin) enrichi d\u2019une multitude d\u2019\u00e9v\u00e9nements\u00a0: projections, ateliers, rencontres, spectacles, boums pour petits et grands, et une dizaine d\u2019expositions diss\u00e9min\u00e9es dans la ville, souvent prolong\u00e9es jusqu\u2019\u00e0 la fin du mois.<\/p>\n<p>Parmi les incontournables\u00a0: \u00e0 la Biblioth\u00e8que M\u00e9riadeck, la r\u00e9trospective consacr\u00e9e \u00e0 David B. (1996-2003), figure majeure de la BD ind\u00e9pendante r\u00e9v\u00e9l\u00e9e par son \u0153uvre autobiographique \u00ab\u00a0L\u2019Ascension du Haut Mal\u00a0\u00bb, qui explore son enfance et la maladie de son fr\u00e8re. Son nouvel album, \u00ab\u00a0Monsieur Chouette\u00a0\u00bb, sort le 12\u00a0septembre.\u00a0Autre temps fort\u00a0: une exposition consacr\u00e9e \u00e0 \u00c9ric Losfeld (1922-1979), \u00e9diteur l\u00e9gendaire qui a r\u00e9volutionn\u00e9 la BD pour adultes dans les ann\u00e9es 1960-1970 avec des publications audacieuses comme \u00ab\u00a0Barbarella\u00a0\u00bb ou \u00ab\u00a0Valentina\u00a0\u00bb. Enfin, curiosit\u00e9 qui s\u00e9duira un large public\u00a0: Philippe Katerine et ses \u00ab\u00a0dessins mignonistes\u00a0\u00bb, \u00e0 d\u00e9couvrir \u00e9galement \u00e0 l\u2019Espace Saint-R\u00e9mi.<\/p>\n<p>Bordeaux. Du jeudi\u00a011 au dimanche 14\u00a0septembre. Gratuit. <a href=\"https:\/\/www.festivalgribouillis.fr\/\" target=\"_blank\" rel=\"nofollow noopener\">festivalgribouillis.fr<\/a><\/p>\n","protected":false},"excerpt":{"rendered":"L\u2019Ascension du Haut Mal David B Alliant exigence et convivialit\u00e9, le festival f\u00eate sa cinqui\u00e8me \u00e9dition. Sa formule&hellip;\n","protected":false},"author":2,"featured_media":362790,"comment_status":"","ping_status":"","sticky":false,"template":"","format":"standard","meta":{"footnotes":""},"categories":[2817],"tags":[1111,11,1997,1777,674,1011,27,12,2219,25],"class_list":{"0":"post-362789","1":"post","2":"type-post","3":"status-publish","4":"format-standard","5":"has-post-thumbnail","7":"category-bordeaux","8":"tag-actu","9":"tag-actualites","10":"tag-bordeaux","11":"tag-eu","12":"tag-europe","13":"tag-fr","14":"tag-france","15":"tag-news","16":"tag-nouvelle-aquitaine","17":"tag-republique-francaise"},"share_on_mastodon":{"url":"https:\/\/pubeurope.com\/@fr\/115139370795692527","error":""},"_links":{"self":[{"href":"https:\/\/www.europesays.com\/fr\/wp-json\/wp\/v2\/posts\/362789","targetHints":{"allow":["GET"]}}],"collection":[{"href":"https:\/\/www.europesays.com\/fr\/wp-json\/wp\/v2\/posts"}],"about":[{"href":"https:\/\/www.europesays.com\/fr\/wp-json\/wp\/v2\/types\/post"}],"author":[{"embeddable":true,"href":"https:\/\/www.europesays.com\/fr\/wp-json\/wp\/v2\/users\/2"}],"replies":[{"embeddable":true,"href":"https:\/\/www.europesays.com\/fr\/wp-json\/wp\/v2\/comments?post=362789"}],"version-history":[{"count":0,"href":"https:\/\/www.europesays.com\/fr\/wp-json\/wp\/v2\/posts\/362789\/revisions"}],"wp:featuredmedia":[{"embeddable":true,"href":"https:\/\/www.europesays.com\/fr\/wp-json\/wp\/v2\/media\/362790"}],"wp:attachment":[{"href":"https:\/\/www.europesays.com\/fr\/wp-json\/wp\/v2\/media?parent=362789"}],"wp:term":[{"taxonomy":"category","embeddable":true,"href":"https:\/\/www.europesays.com\/fr\/wp-json\/wp\/v2\/categories?post=362789"},{"taxonomy":"post_tag","embeddable":true,"href":"https:\/\/www.europesays.com\/fr\/wp-json\/wp\/v2\/tags?post=362789"}],"curies":[{"name":"wp","href":"https:\/\/api.w.org\/{rel}","templated":true}]}}