{"id":362791,"date":"2025-09-03T08:15:14","date_gmt":"2025-09-03T08:15:14","guid":{"rendered":"https:\/\/www.europesays.com\/fr\/362791\/"},"modified":"2025-09-03T08:15:14","modified_gmt":"2025-09-03T08:15:14","slug":"la-course-coloree-fete-10-ans-a-bordeaux","status":"publish","type":"post","link":"https:\/\/www.europesays.com\/fr\/362791\/","title":{"rendered":"la course color\u00e9e f\u00eate 10 ans \u00e0 Bordeaux"},"content":{"rendered":"\n<p>Article sponsoris\u00e9 par la Burdi\u2019Color.<\/p>\n<p><strong>Le samedi 4 octobre 2025, le campus universitaire de Pessac va se parer des couleurs d\u2019un arc-en-ciel. Pour ses 10 ans, la Burdi\u2019Color 2025 revient avec encore plus de poudre color\u00e9e, de musique et d\u2019\u00e9nergie. Cette course color\u00e9e de 5 km attire chaque ann\u00e9e familles, \u00e9tudiants, entreprises et amis en qu\u00eate de fun. Et cette \u00e9dition anniversaire promet aussi des concerts \u00e0 Pessac, des food trucks et un village festif pour prolonger la journ\u00e9e. Bref, un \u00e9v\u00e9nement sportif \u00e0 Bordeaux qui m\u00e9lange sport, f\u00eate et solidarit\u00e9.<\/strong><\/p>\n<p> La Burdi\u2019Color 2025 : un anniversaire haut en couleurs <\/p>\n<p>Lanc\u00e9e en 2015 par<strong> l\u2019association Feel\u2019In<\/strong>, la <strong>Burdi\u2019Color de Bordeaux<\/strong> a d\u00e9j\u00e0 r\u00e9uni plus de <strong>20 000 participants <\/strong>en dix ans. Le concept est simple : courir (ou marcher) 5 kilom\u00e8tres sans chrono ni classement et finir totalement recouvert de couleurs. Chaque kilom\u00e8tre est marqu\u00e9 par un nuage de poudre naturelle \u00e0 base de f\u00e9cule de ma\u00efs. Autrement dit, z\u00e9ro pression, juste du fun et beaucoup de rires.<\/p>\n<p> <img loading=\"lazy\" width=\"700\" height=\"467\" alt=\"Course color\u00e9e et concerts \u00e0 Pessac\" title=\"Burdi\u2019Color 2025 : 5 km de fun et de couleurs \u00e0 Pessac 1\"  nitro-lazy- nitro-lazy-src=\"https:\/\/cdn-ilbobfj.nitrocdn.com\/LLQyioEDmPooSUeshdcABKPnDEWJyTwh\/assets\/images\/optimized\/rev-fefab80\/quoifaireabordeaux.com\/wp-content\/uploads\/2025\/09\/course-coloree-bordeaux.jpg\" class=\"wp-image-18811886 nitro-lazy\" decoding=\"async\" nitro-lazy-empty=\"\" id=\"NDU2OjU1OA==-1\" src=\"data:image\/svg+xml;nitro-empty-id=NDU2OjU1OA==-1;base64,PHN2ZyB2aWV3Qm94PSIwIDAgNzAwIDQ2NyIgd2lkdGg9IjcwMCIgaGVpZ2h0PSI0NjciIHhtbG5zPSJodHRwOi8vd3d3LnczLm9yZy8yMDAwL3N2ZyI+PC9zdmc+\"\/> <\/p>\n<p>L\u2019\u00e9v\u00e9nement est<strong> accessible d\u00e8s 5 ans<\/strong>, ce qui en fait une <strong>sortie id\u00e9ale pour les familles<\/strong>. Les groupes d\u2019\u00e9tudiants et les entreprises de la m\u00e9tropole bordelaise adorent aussi se pr\u00eater au jeu. Cette <strong>course color\u00e9e<\/strong> est devenue un<strong> rituel de rentr\u00e9e<\/strong>, un moment o\u00f9 la ville oublie un instant la grisaille automnale pour se plonger dans un bain de couleurs.<\/p>\n<p> Un village festif et des concerts \u00e0 Pessac <\/p>\n<p>Mais la <strong>Burdi\u2019Color 2025<\/strong> ne s\u2019arr\u00eate pas \u00e0 la course. Une fois la ligne d\u2019arriv\u00e9e franchie, le public retrouve le <strong>village festif<\/strong> ouvert de 11h \u00e0 16h30. Au programme :<\/p>\n<ul class=\"wp-block-list\">\n<li>Des lancers de couleurs g\u00e9ants (pr\u00e9parez vos t\u00e9l\u00e9phones pour les photos).<\/li>\n<li>Des <strong>concerts \u00e0 Pessac<\/strong> et des DJ sets en partenariat avec NRJ.<\/li>\n<li>Des food trucks, un bar et des stands partenaires pour recharger les batteries.<\/li>\n<li>Une boutique officielle pour repartir avec un t-shirt ou des lunettes estampill\u00e9es Burdi\u2019Color.<\/li>\n<\/ul>\n<p>La f\u00eate continue donc bien apr\u00e8s la course. Que vous soyez coureurs ou simples spectateurs, l\u2019ambiance musicale et conviviale vaut le d\u00e9tour.<\/p>\n<p> Un \u00e9v\u00e9nement sportif \u00e0 Bordeaux\u2026 mais aussi solidaire <\/p>\n<p>La <strong>Burdi\u2019Color de Bordeaux<\/strong> n\u2019est pas qu\u2019un simple rendez-vous sportif et festif. Chaque inscription participe \u00e0 une belle cause. En 2025, l\u2019association Feel\u2019In <strong>reverse 0,50 \u20ac par bille<\/strong>t \u00e0 <strong>Les Liens du C\u0153ur<\/strong>, une structure qui accompagne les<strong> enfants atteints de cardiopathies cong\u00e9nitales<\/strong>. Courir ici, c\u2019est donc aussi donner un coup de main \u00e0 ceux qui en ont besoin.<\/p>\n<p>Avec plus de <strong>800 b\u00e9n\u00e9voles mobilis\u00e9s<\/strong> depuis sa cr\u00e9ation, la Burdi\u2019Color illustre parfaitement ce que peut \u00eatre un <strong>\u00e9v\u00e9nement sportif \u00e0 Bordeaux<\/strong> : un m\u00e9lange de convivialit\u00e9, d\u2019engagement et de solidarit\u00e9.<\/p>\n<p> <img loading=\"lazy\" width=\"700\" height=\"467\" alt=\"Course Burdi'color de Bordeaux\" title=\"Burdi\u2019Color 2025 : 5 km de fun et de couleurs \u00e0 Pessac 2\"  nitro-lazy- nitro-lazy-src=\"https:\/\/cdn-ilbobfj.nitrocdn.com\/LLQyioEDmPooSUeshdcABKPnDEWJyTwh\/assets\/images\/optimized\/rev-fefab80\/quoifaireabordeaux.com\/wp-content\/uploads\/2025\/09\/course-burdicolor.jpg\" class=\"wp-image-18811885 nitro-lazy\" decoding=\"async\" nitro-lazy-empty=\"\" id=\"NTA2OjU0OA==-1\" src=\"data:image\/svg+xml;nitro-empty-id=NTA2OjU0OA==-1;base64,PHN2ZyB2aWV3Qm94PSIwIDAgNzAwIDQ2NyIgd2lkdGg9IjcwMCIgaGVpZ2h0PSI0NjciIHhtbG5zPSJodHRwOi8vd3d3LnczLm9yZy8yMDAwL3N2ZyI+PC9zdmc+\"\/>\u00a9 elweline-Burdicolor Tarifs et nouveaut\u00e9s 2025 <\/p>\n<p>Cette ann\u00e9e, une petite nouveaut\u00e9 fait son apparition. Le <strong>pack de d\u00e9part<\/strong> devient optionnel. Vous pouvez participer \u00e0 la course au tarif de base, ou bien choisir la version avec goodies :<strong> t-shirt officiel, bandana et lunettes<\/strong> pour repartir avec un vrai souvenir de l\u2019\u00e9dition des 10 ans.<\/p>\n<p>Les tarifs d\u2019inscription sont les suivants :<\/p>\n<ul class=\"wp-block-list\">\n<li>\u00c9tudiants : 5 \u20ac<\/li>\n<li>Enfants de moins de 12 ans : 8 \u20ac<\/li>\n<li>Plein tarif : 12 \u20ac<\/li>\n<li>Groupe (\u00e0 partir de 10 personnes) : 10 \u20ac par participant<\/li>\n<\/ul>\n<p>L\u2019inscription se fait directement en ligne sur le site officiel <a href=\"http:\/\/www.burdicolor.com\" target=\"_blank\" rel=\"noreferrer noopener nofollow\">burdicolor.com<\/a>. Les places sont limit\u00e9es et la demande forte, alors mieux vaut s\u2019y prendre t\u00f4t pour \u00e9viter la frustration.<\/p>\n<p>Retrouvez tous nos bons plans en cliquant <a href=\"https:\/\/quoifaireabordeaux.com\/category\/actus\/\" target=\"_blank\" rel=\"noreferrer noopener nofollow\">ICI<\/a>.<\/p>\n<p><a href=\"https:\/\/quoifaireabordeaux.com\/festival-graffiti-mur-du-souffle\/\" target=\"_blank\" rel=\"noreferrer noopener nofollow\">Festival graffiti 2025<\/a> : trois jours d\u2019art urbain gratuit \u00e0 Bruges pour la bonne cause.<\/p>\n<p>   Informations pratiques <\/p>\n<p>concernant l&rsquo;\u00e9v\u00e9nement<\/p>\n<p data-start=\"4340\" data-end=\"4377\"><strong data-start=\"4343\" data-end=\"4351\">Date<\/strong> : Samedi 4 octobre 2025<\/p>\n<p data-start=\"4380\" data-end=\"4476\"><strong data-start=\"4383\" data-end=\"4391\">Lieu<\/strong> : Campus universitaire de Pessac \u2013 Bordeaux (Tram B \u2013 arr\u00eat Montaigne-Montesquieu)<\/p>\n<p data-start=\"4479\" data-end=\"4512\"><strong data-start=\"4482\" data-end=\"4493\">Horaire<\/strong> : de 11h \u00e0 16h30<\/p>\n<p data-start=\"4515\" data-end=\"4598\"><strong data-start=\"4518\" data-end=\"4528\">Tarifs<\/strong> : 5 \u20ac (\u00e9tudiant), 8 \u20ac (-12 ans), 12 \u20ac (plein tarif), 10 \u20ac (groupes)<\/p>\n<p data-start=\"4601\" data-end=\"4672\"><strong data-start=\"4604\" data-end=\"4620\">Inscriptions<\/strong> : <a class=\"decorated-link\" href=\"http:\/\/www.burdicolor.com\" target=\"_blank\" rel=\"noopener nofollow\" data-start=\"4623\" data-end=\"4670\">www.burdicolor.com<\/a><\/p>\n<p data-start=\"4675\" data-end=\"4791\"><strong data-start=\"4678\" data-end=\"4699\">Parkings gratuits<\/strong> : Esplanade des Antilles, avenue Jean Babin, Facult\u00e9 STAPS, Universit\u00e9 Bordeaux-Montaigne<\/p>\n","protected":false},"excerpt":{"rendered":"Article sponsoris\u00e9 par la Burdi\u2019Color. Le samedi 4 octobre 2025, le campus universitaire de Pessac va se parer&hellip;\n","protected":false},"author":2,"featured_media":362792,"comment_status":"","ping_status":"","sticky":false,"template":"","format":"standard","meta":{"footnotes":""},"categories":[2817],"tags":[1111,11,1997,1777,674,1011,27,12,2219,25],"class_list":{"0":"post-362791","1":"post","2":"type-post","3":"status-publish","4":"format-standard","5":"has-post-thumbnail","7":"category-bordeaux","8":"tag-actu","9":"tag-actualites","10":"tag-bordeaux","11":"tag-eu","12":"tag-europe","13":"tag-fr","14":"tag-france","15":"tag-news","16":"tag-nouvelle-aquitaine","17":"tag-republique-francaise"},"share_on_mastodon":{"url":"https:\/\/pubeurope.com\/@fr\/115139374252924692","error":""},"_links":{"self":[{"href":"https:\/\/www.europesays.com\/fr\/wp-json\/wp\/v2\/posts\/362791","targetHints":{"allow":["GET"]}}],"collection":[{"href":"https:\/\/www.europesays.com\/fr\/wp-json\/wp\/v2\/posts"}],"about":[{"href":"https:\/\/www.europesays.com\/fr\/wp-json\/wp\/v2\/types\/post"}],"author":[{"embeddable":true,"href":"https:\/\/www.europesays.com\/fr\/wp-json\/wp\/v2\/users\/2"}],"replies":[{"embeddable":true,"href":"https:\/\/www.europesays.com\/fr\/wp-json\/wp\/v2\/comments?post=362791"}],"version-history":[{"count":0,"href":"https:\/\/www.europesays.com\/fr\/wp-json\/wp\/v2\/posts\/362791\/revisions"}],"wp:featuredmedia":[{"embeddable":true,"href":"https:\/\/www.europesays.com\/fr\/wp-json\/wp\/v2\/media\/362792"}],"wp:attachment":[{"href":"https:\/\/www.europesays.com\/fr\/wp-json\/wp\/v2\/media?parent=362791"}],"wp:term":[{"taxonomy":"category","embeddable":true,"href":"https:\/\/www.europesays.com\/fr\/wp-json\/wp\/v2\/categories?post=362791"},{"taxonomy":"post_tag","embeddable":true,"href":"https:\/\/www.europesays.com\/fr\/wp-json\/wp\/v2\/tags?post=362791"}],"curies":[{"name":"wp","href":"https:\/\/api.w.org\/{rel}","templated":true}]}}