{"id":362793,"date":"2025-09-03T08:16:11","date_gmt":"2025-09-03T08:16:11","guid":{"rendered":"https:\/\/www.europesays.com\/fr\/362793\/"},"modified":"2025-09-03T08:16:11","modified_gmt":"2025-09-03T08:16:11","slug":"info-la-depeche-fusillade-dans-une-cite-toulousaine-des-policiers-vises-par-un-homme-arme","status":"publish","type":"post","link":"https:\/\/www.europesays.com\/fr\/362793\/","title":{"rendered":"INFO LA D\u00c9P\u00caCHE. Fusillade dans une cit\u00e9 toulousaine\u00a0: des policiers vis\u00e9s par un homme arm\u00e9"},"content":{"rendered":"<p>\n                                                                    l&rsquo;essentiel<br \/>\n                                                                Dans la nuit de mardi \u00e0 mercredi, une patrouille de police a entendu une rafale d\u2019arme automatique. En s\u2019approchant du secteur de Bellefontaine, les agents ont \u00e9t\u00e9 vis\u00e9s par un homme arm\u00e9. Plusieurs impacts de balles ont \u00e9t\u00e9 relev\u00e9s sur des habitations et des v\u00e9hicules.\n                            <\/p>\n<p data-end=\"511\" data-start=\"235\">Une rafale de balles a claqu\u00e9 dans la nuit de mardi \u00e0 mercredi, r\u00e9sonnant \u00e0 plusieurs kilom\u00e8tres. En mission de surveillance dans un des quartiers du grand Mirail, \u00e0 Toulouse, un \u00e9quipage de police a entendu ces\u00a0tirs automatiques en provenance de la cit\u00e9 de Bellefontaine.<\/p>\n<p class=\"std-elt__inline\">\n        <strong>\u00c0 lire aussi :<\/strong><br \/>\n        <a href=\"https:\/\/www.ladepeche.fr\/2025\/08\/10\/info-la-depeche-plusieurs-appartements-vises-par-des-coups-de-feu-a-toulouse-le-tireur-en-fuite-12869351.php\" rel=\"nofollow noopener\" target=\"_blank\">INFO LA DEPECHE. Plusieurs appartements vis\u00e9s par des coups de feu \u00e0 Toulouse, le tireur en fuite<\/a>\n    <\/p>\n<p data-end=\"1023\" data-start=\"513\">Aussit\u00f4t, les agents se sont rendus aux abords d\u2019un point de deal bien connu des services. Deux policiers sont descendus du v\u00e9hicule et ont commenc\u00e9 \u00e0 progresser, arme au poing, pour s\u00e9curiser la zone. \u00c0 une cinquantaine de m\u00e8tres, un petit groupe de trois \u00e0 quatre individus leur est apparu. L\u2019un d\u2019eux, porteur d\u2019une arme longue, a braqu\u00e9 le canon dans leur direction. Apr\u00e8s quelques provocations verbales, les hommes se sont repli\u00e9s en courant, disparaissant dans l\u2019obscurit\u00e9.<\/p>\n<p>Plusieurs douilles retrouv\u00e9es<\/p>\n<p data-end=\"1446\" data-start=\"1025\">Sur place, les policiers ont d\u00e9couvert plusieurs \u00e9tuis de gros calibre jonchant le sol. Peu apr\u00e8s, une habitante a signal\u00e9 que son domicile avait \u00e9t\u00e9 touch\u00e9 par au moins deux projectiles.\u00a0Des v\u00e9hicules stationn\u00e9s dans les environs pr\u00e9sentaient \u00e9galement des impacts de balles.<\/p>\n<p class=\"std-elt__inline\">\n        <strong>\u00c0 lire aussi :<\/strong><br \/>\n        <a href=\"https:\/\/www.ladepeche.fr\/2025\/08\/18\/info-la-depeche-meurtre-dun-jeune-homme-a-bellefontaine-drogue-douille-scooter-incendie-les-premiers-elements-de-lenquete-12881781.php\" rel=\"nofollow noopener\" target=\"_blank\">INFO LA D\u00c9P\u00caCHE. Meurtre d\u2019un jeune homme \u00e0 Bellefontaine\u00a0: drogue, douille, scooter incendi\u00e9\u2026 Les premiers \u00e9l\u00e9ments de l\u2019enqu\u00eate<\/a>\n    <\/p>\n<p data-end=\"1814\" data-start=\"1448\">Les enqu\u00eateurs cherchent d\u00e9sormais \u00e0 d\u00e9terminer l\u2019origine de cette fusillade et \u00e0 identifier les tireurs.\u00a0Ce nouvel \u00e9pisode s\u2019inscrit dans une s\u00e9rie de violences arm\u00e9es qui secouent, ces derni\u00e8res semaines, les quartiers du grand Mirail, sur fond de trafic de stup\u00e9fiants.<\/p>\n","protected":false},"excerpt":{"rendered":"l&rsquo;essentiel Dans la nuit de mardi \u00e0 mercredi, une patrouille de police a entendu une rafale d\u2019arme automatique.&hellip;\n","protected":false},"author":2,"featured_media":362794,"comment_status":"","ping_status":"","sticky":false,"template":"","format":"standard","meta":{"footnotes":""},"categories":[2816],"tags":[1111,11,1777,674,1011,27,12,2680,25,2312],"class_list":{"0":"post-362793","1":"post","2":"type-post","3":"status-publish","4":"format-standard","5":"has-post-thumbnail","7":"category-toulouse","8":"tag-actu","9":"tag-actualites","10":"tag-eu","11":"tag-europe","12":"tag-fr","13":"tag-france","14":"tag-news","15":"tag-occitanie","16":"tag-republique-francaise","17":"tag-toulouse"},"share_on_mastodon":{"url":"https:\/\/pubeurope.com\/@fr\/115139378181088544","error":""},"_links":{"self":[{"href":"https:\/\/www.europesays.com\/fr\/wp-json\/wp\/v2\/posts\/362793","targetHints":{"allow":["GET"]}}],"collection":[{"href":"https:\/\/www.europesays.com\/fr\/wp-json\/wp\/v2\/posts"}],"about":[{"href":"https:\/\/www.europesays.com\/fr\/wp-json\/wp\/v2\/types\/post"}],"author":[{"embeddable":true,"href":"https:\/\/www.europesays.com\/fr\/wp-json\/wp\/v2\/users\/2"}],"replies":[{"embeddable":true,"href":"https:\/\/www.europesays.com\/fr\/wp-json\/wp\/v2\/comments?post=362793"}],"version-history":[{"count":0,"href":"https:\/\/www.europesays.com\/fr\/wp-json\/wp\/v2\/posts\/362793\/revisions"}],"wp:featuredmedia":[{"embeddable":true,"href":"https:\/\/www.europesays.com\/fr\/wp-json\/wp\/v2\/media\/362794"}],"wp:attachment":[{"href":"https:\/\/www.europesays.com\/fr\/wp-json\/wp\/v2\/media?parent=362793"}],"wp:term":[{"taxonomy":"category","embeddable":true,"href":"https:\/\/www.europesays.com\/fr\/wp-json\/wp\/v2\/categories?post=362793"},{"taxonomy":"post_tag","embeddable":true,"href":"https:\/\/www.europesays.com\/fr\/wp-json\/wp\/v2\/tags?post=362793"}],"curies":[{"name":"wp","href":"https:\/\/api.w.org\/{rel}","templated":true}]}}