{"id":362795,"date":"2025-09-03T08:17:16","date_gmt":"2025-09-03T08:17:16","guid":{"rendered":"https:\/\/www.europesays.com\/fr\/362795\/"},"modified":"2025-09-03T08:17:16","modified_gmt":"2025-09-03T08:17:16","slug":"tisseo-deploie-de-nouvelles-lignes-a-toulouse-et-dans-la-metropole-a-la-rentree","status":"publish","type":"post","link":"https:\/\/www.europesays.com\/fr\/362795\/","title":{"rendered":"Tiss\u00e9o d\u00e9ploie de nouvelles lignes \u00e0 Toulouse et dans la m\u00e9tropole \u00e0 la rentr\u00e9e"},"content":{"rendered":"<p><strong>\u00c0 partir du 1er\u00a0septembre, de nouvelles lignes de bus et de Lin\u00e9o font leur apparition pour mieux desservir Toulouse et les communes aux alentours. Objectif\u00a0: accompagner les quartiers en plein d\u00e9veloppement, relier plus efficacement les zones d\u2019emplois et faciliter les trajets quotidiens des habitants.<\/strong><\/p>\n<p>\u00ab\u00a0Lin\u00e9o\u00a07, Lin\u00e9o\u00a012, 117\u00a0Express et 4\u00a0autres nouvelles lignes viennent \u00e9toffer la galaxie Tiss\u00e9o\u00a0!\u00a0\u00bb, pr\u00e9cise l\u2019op\u00e9rateur.<\/p>\n<p>Deux nouveaux\u00a0Lin\u00e9o<\/p>\n<p>Deux nouvelles lignes font leur apparition pour cette rentr\u00e9e, <strong>la lin\u00e9o 7 et la 12.<\/strong><\/p>\n<p>La ligne 78 laisse place au <strong data-end=\"668\" data-start=\"657\">Lin<\/strong><strong data-end=\"668\" data-start=\"657\">\u00e9o 7<\/strong><strong>, qui reliera d\u00e9sormais Saint-Orens \u00e0 l\u2019universit\u00e9 Paul-Sabatier<\/strong> en passant par le quartier Malep\u00e8re. Avec des passages plus fr\u00e9quents et un itin\u00e9raire prolong\u00e9 jusqu\u2019\u00e0 la piscine de Saint-Orens, ce nouveau Lin\u00e9o dessert \u00e0 la fois le centre-ville de la commune, les quartiers Catala et Am\u00e9thystes, mais aussi des zones \u00e9tudiantes et de loisirs.<\/p>\n<blockquote>\n<p>\u00ab\u00a0Plus de\u00a0<strong>20\u00a0000\u00a0habitants<\/strong>\u00a0et\u00a0<strong>16\u00a0000\u00a0emplois<\/strong>\u00a0disposent d\u2019un arr\u00eat Lin\u00e9o\u00a07\u00a0<strong>\u00e0 moins de 400\u00a0m\u00e8tres tout au long de cet itin\u00e9raire<\/strong>\u00a0\u00bb pr\u00e9cise l\u2019op\u00e9rateur.<\/p>\n<\/blockquote>\n<p>        <img decoding=\"async\" class=\"std-img__img responsive-img\" src=\"https:\/\/www.europesays.com\/fr\/wp-content\/uploads\/2025\/09\/1756887433_572_image.jpg\" alt=\"Tiss\u00e9o annonce une fr\u00e9quence de passage attractive\u00a0: un bus toutes les six minutes en heure de pointe, et sur une partie du trac\u00e9.\"\/><\/p>\n<p>                Tiss\u00e9o annonce une fr\u00e9quence de passage attractive\u00a0: un bus toutes les six minutes en heure de pointe, et sur une partie du trac\u00e9.<br \/>\n                                    \u00a9 Tiss\u00e9o Voyageurs<\/p>\n<p>\u00a0<\/p>\n<p><strong>La nouvelle ligne\u00a0<strong data-end=\"1218\" data-start=\"1206\">Lin\u00e9o 12<\/strong>\u00a0traverse les quartiers Est de Toulouse et relie Borderouge, Roseraie, Soupetard et Rangueil en desservant au passage Montaudran, la Plaine et le quartier Guillaumet. <\/strong>De quoi accompagner la transformation urbaine de cette partie de la ville. Bonus\u00a0: elle donne un acc\u00e8s direct \u00e0 des lieux culturels embl\u00e9matiques comme le <strong data-end=\"1610\" data-start=\"1553\">M\u00e9tronum, la Cit\u00e9 de l\u2019Espace, la Halle de la Machine<\/strong> ou encore l\u2019Envol des Pionniers.\u00a0Sa fr\u00e9quence devrait atteindre\u00a0<strong>les neuf minutes en heure de pointe<\/strong>, et les bus circuleront jusqu\u2019\u00e0 1 heure du matin le week-end.<\/p>\n<p>        <img decoding=\"async\" class=\"std-img__img responsive-img\" src=\"https:\/\/www.europesays.com\/fr\/wp-content\/uploads\/2025\/09\/1756887434_889_image.jpg\" alt=\"Selon Tiss\u00e9o, la Lin\u00e9o 12 dessert dans un rayon de 400\u00a0m\u00e8tres, plus de 46000\u00a0habitants, 18000\u00a0emplois et 5000\u00a0coll\u00e9giens et lyc\u00e9ens&quot;.\"\/><\/p>\n<p>                Selon Tiss\u00e9o, la Lin\u00e9o 12 dessert dans un rayon de 400\u00a0m\u00e8tres, plus de 46000\u00a0habitants, 18000\u00a0emplois et 5000\u00a0coll\u00e9giens et lyc\u00e9ens\u00a0\u00bb.<br \/>\n                                    \u00a9 Tiss\u00e9o Voyageurs<\/p>\n<p>\u00a0<\/p>\n<p>117 Express\u00a0: Muret \u00e0 Toulouse en 35 minutes<\/p>\n<p data-end=\"2084\" data-start=\"1698\">Bonne nouvelle pour les habitants du sud de la m\u00e9tropole\u00a0: la nouvelle <strong data-end=\"1784\" data-start=\"1769\">117 Express<\/strong> relie Muret \u00e0 Basso Cambo (Toulouse) en seulement 35 minutes, <strong>en passant par Roques et Portet-sur-Garonne.<\/strong><\/p>\n<p data-end=\"2084\" data-start=\"1698\"><strong>La 117\u00a0Express offre une desserte privil\u00e9gi\u00e9e\u00a0aux grandes zones d\u2019activit\u00e9s<\/strong> commerciales et industrielles du secteur afin de proposer des connexions directes aux emplois, pens\u00e9es avec <strong>des arr\u00eats sp\u00e9cifiques<\/strong>.\u00a0Gr\u00e2ce \u00e0 ses am\u00e9nagements d\u00e9di\u00e9s, elle garantit des temps de trajet rapides et fiables, et r\u00e9guliers.<\/p>\n<p>        <img decoding=\"async\" class=\"std-img__img responsive-img\" src=\"https:\/\/www.europesays.com\/fr\/wp-content\/uploads\/2025\/09\/1756887435_112_image.jpg\" alt=\"Plus de 19\u00a0000 emplois sont accessibles sur le trac\u00e9 de la ligne 117 Express, selon Tiss\u00e9o\"\/><\/p>\n<p>                Plus de 19\u00a0000 emplois sont accessibles sur le trac\u00e9 de la ligne 117 Express, selon Tiss\u00e9o<br \/>\n                                    \u00a9 Tiss\u00e9o Voyageurs<\/p>\n<p data-end=\"2084\" data-start=\"1698\">\u00a0<\/p>\n<p>De nouvelles connexions avec le TER<\/p>\n<p data-end=\"2228\" data-start=\"2125\">Tiss\u00e9o pense aussi aux communes de l\u2019Ouest toulousain avec trois nouvelles lignes connect\u00e9es au TER\u00a0:<\/p>\n<ul data-end=\"2420\" data-start=\"2229\">\n<li data-end=\"2306\" data-start=\"2229\">\n<p data-end=\"2306\" data-start=\"2231\"><strong data-end=\"2238\" data-start=\"2231\">La 401 <\/strong>relie Saint-Lys \u00e0 Colomiers Gare SNCF via Fonsorbes et Fontenilles.<\/p>\n<\/li>\n<li data-end=\"2354\" data-start=\"2307\">\n<p data-end=\"2354\" data-start=\"2309\"><strong data-end=\"2316\" data-start=\"2309\">La 402<\/strong>\u00a0connecte\u00a0L\u00e9guevin \u00e0 Colomiers Gare SNCF.<\/p>\n<\/li>\n<li data-end=\"2420\" data-start=\"2355\">\n<p data-end=\"2420\" data-start=\"2357\"><strong data-end=\"2364\" data-start=\"2357\">La 403<\/strong>\u00a0dessert\u00a0Lasserre-Prad\u00e8re et L\u00e9vignac jusqu\u2019\u00e0 M\u00e9renvielle.<\/p>\n<\/li>\n<\/ul>\n<p>        <img decoding=\"async\" class=\"std-img__img responsive-img\" src=\"https:\/\/www.europesays.com\/fr\/wp-content\/uploads\/2025\/09\/1756887436_676_image.png\" alt=\"Une fr\u00e9quence de bus annonc\u00e9e \u00e0 toutes les 30\u2019en heures de pointe, toutes les heures en heures creuses pou les lignes 401 et 402.Des horaires en correspondance avec les trains depuis la gare pour la ligne 403..\"\/><\/p>\n<p>                Une fr\u00e9quence de bus annonc\u00e9e \u00e0 toutes les 30\u2019en heures de pointe, toutes les heures en heures creuses pou les lignes 401 et 402.Des horaires en correspondance avec les trains depuis la gare pour la ligne 403..<br \/>\n                                    \u00a9 Tiss\u00e9o Voyageurs<\/p>\n<p>4 lignes prolong\u00e9es<\/p>\n<ul>\n<li data-end=\"2420\" data-start=\"2357\"><strong>La ligne 32 est prolonge\u0301e jusqu\u2019\u00e0\u0300 Le\u0301guevin et son colle\u0300ge<\/strong>, en passant par Brax, Pibrac et Colomiers, avec une connexion au Line\u0301o et au re\u0301seau TER a\u0300 la gare de Colomiers.<\/li>\n<li data-end=\"2420\" data-start=\"2357\"><strong>La ligne 55<\/strong> est prolonge\u0301e a\u0300 Plaisance-du-Touch, pour desservir les quartiers La Sabla et Ousseau, avec des connexion avec me r\u00e9seau\u00a0Line\u0301o \u00e0\u00a0Plaisance-du-Touch et l\u2019ensemble des\u00a0lignes desservant Colomiers Gare.<\/li>\n<li><strong>La ligne 85\u00a0<\/strong>ajoute deux nouveaux arr\u00eats\u00a0pour desservir le quartier en d\u00e9veloppement de Las Fons\u00e8s.<\/li>\n<li><strong>La\u00a0<strong data-end=\"2650\" data-start=\"2637\">ligne 109<\/strong><\/strong> est prolong\u00e9e jusqu\u2019\u00e0 Balma-Ribaute, assurant ainsi une liaison transversale entre Castanet, Lab\u00e8ge, Saint-Orens, Toulouse, Quint-Fonsegrives et Balma.<\/li>\n<\/ul>\n<p data-end=\"2084\" data-start=\"1698\">S\u2019ajoute<strong>\u00a0la cr\u00e9ation de la ligne 35<\/strong>, qui relie\u00a0Colomiers Ramassiers \u00e0 Ar\u00e8nes Romaines, en desservant la ZAC Saint-Martin du Touch et sa halte ferroviaire.<\/p>\n<p data-end=\"2084\" data-start=\"1698\">\u00a0<\/p>\n<p data-end=\"2084\" data-start=\"1698\">\u00a0<\/p>\n","protected":false},"excerpt":{"rendered":"\u00c0 partir du 1er\u00a0septembre, de nouvelles lignes de bus et de Lin\u00e9o font leur apparition pour mieux desservir&hellip;\n","protected":false},"author":2,"featured_media":362796,"comment_status":"","ping_status":"","sticky":false,"template":"","format":"standard","meta":{"footnotes":""},"categories":[2816],"tags":[1111,11,1777,674,1011,27,12,2680,25,2312],"class_list":{"0":"post-362795","1":"post","2":"type-post","3":"status-publish","4":"format-standard","5":"has-post-thumbnail","7":"category-toulouse","8":"tag-actu","9":"tag-actualites","10":"tag-eu","11":"tag-europe","12":"tag-fr","13":"tag-france","14":"tag-news","15":"tag-occitanie","16":"tag-republique-francaise","17":"tag-toulouse"},"share_on_mastodon":{"url":"https:\/\/pubeurope.com\/@fr\/115139382493312036","error":""},"_links":{"self":[{"href":"https:\/\/www.europesays.com\/fr\/wp-json\/wp\/v2\/posts\/362795","targetHints":{"allow":["GET"]}}],"collection":[{"href":"https:\/\/www.europesays.com\/fr\/wp-json\/wp\/v2\/posts"}],"about":[{"href":"https:\/\/www.europesays.com\/fr\/wp-json\/wp\/v2\/types\/post"}],"author":[{"embeddable":true,"href":"https:\/\/www.europesays.com\/fr\/wp-json\/wp\/v2\/users\/2"}],"replies":[{"embeddable":true,"href":"https:\/\/www.europesays.com\/fr\/wp-json\/wp\/v2\/comments?post=362795"}],"version-history":[{"count":0,"href":"https:\/\/www.europesays.com\/fr\/wp-json\/wp\/v2\/posts\/362795\/revisions"}],"wp:featuredmedia":[{"embeddable":true,"href":"https:\/\/www.europesays.com\/fr\/wp-json\/wp\/v2\/media\/362796"}],"wp:attachment":[{"href":"https:\/\/www.europesays.com\/fr\/wp-json\/wp\/v2\/media?parent=362795"}],"wp:term":[{"taxonomy":"category","embeddable":true,"href":"https:\/\/www.europesays.com\/fr\/wp-json\/wp\/v2\/categories?post=362795"},{"taxonomy":"post_tag","embeddable":true,"href":"https:\/\/www.europesays.com\/fr\/wp-json\/wp\/v2\/tags?post=362795"}],"curies":[{"name":"wp","href":"https:\/\/api.w.org\/{rel}","templated":true}]}}