{"id":362797,"date":"2025-09-03T08:18:21","date_gmt":"2025-09-03T08:18:21","guid":{"rendered":"https:\/\/www.europesays.com\/fr\/362797\/"},"modified":"2025-09-03T08:18:21","modified_gmt":"2025-09-03T08:18:21","slug":"les-vetements-daudrey-fleurot-alias-morgane-alvaro-en-vente-lors-de-la-braderie-de-lille-ce-week-end","status":"publish","type":"post","link":"https:\/\/www.europesays.com\/fr\/362797\/","title":{"rendered":"les v\u00eatements d&rsquo;Audrey Fleurot alias Morgane Alvaro en vente lors de la Braderie de Lille ce week-end"},"content":{"rendered":"\n<p data-syno-attrs=\"{&quot;textMarks&quot;:[{&quot;_&quot;:&quot;font_size&quot;,&quot;value&quot;:16},{&quot;_&quot;:&quot;font_family&quot;,&quot;value&quot;:&quot;Times New Roman&quot;,&quot;eastAsia&quot;:&quot;Times New Roman&quot;,&quot;complexScript&quot;:&quot;Times New Roman&quot;},{&quot;_&quot;:&quot;em&quot;,&quot;value&quot;:false},{&quot;_&quot;:&quot;color&quot;,&quot;value&quot;:&quot;#000000&quot;},{&quot;_&quot;:&quot;background_color&quot;,&quot;value&quot;:&quot;#ffffff&quot;}]}\"><strong>Fourrures de toutes les couleurs, pantalon l\u00e9opards\u2026. Si vous aimez HPI et son personnage Morgane Alvaro, cette info est pour vous.<\/strong><\/p>\n<p data-syno-attrs=\"{&quot;textMarks&quot;:[{&quot;_&quot;:&quot;font_size&quot;,&quot;value&quot;:16},{&quot;_&quot;:&quot;font_family&quot;,&quot;value&quot;:&quot;Times New Roman&quot;,&quot;eastAsia&quot;:&quot;Times New Roman&quot;,&quot;complexScript&quot;:&quot;Times New Roman&quot;},{&quot;_&quot;:&quot;em&quot;,&quot;value&quot;:false},{&quot;_&quot;:&quot;color&quot;,&quot;value&quot;:&quot;#000000&quot;},{&quot;_&quot;:&quot;background_color&quot;,&quot;value&quot;:&quot;#ffffff&quot;}]}\"><a href=\"https:\/\/www.deltafm.fr\/deux-bebes-de-saint-pol-sur-mer-heros-de-la-nouvelle-saison-de-hpi\" rel=\"noopener nofollow\" target=\"_blank\">Le dressing tr\u00e8\u00e8\u00e8s color\u00e9 d\u2019Audrey Fleurot dans la s\u00e9rie de TF1<\/a> s\u2019invite ce week-end sur les \u00e9tals de<strong> la braderie de Lille\u2026<\/strong> <\/p>\n<p data-syno-attrs=\"{&quot;textMarks&quot;:[{&quot;_&quot;:&quot;font_size&quot;,&quot;value&quot;:16},{&quot;_&quot;:&quot;font_family&quot;,&quot;value&quot;:&quot;Times New Roman&quot;,&quot;eastAsia&quot;:&quot;Times New Roman&quot;,&quot;complexScript&quot;:&quot;Times New Roman&quot;},{&quot;_&quot;:&quot;em&quot;,&quot;value&quot;:false},{&quot;_&quot;:&quot;color&quot;,&quot;value&quot;:&quot;#000000&quot;},{&quot;_&quot;:&quot;background_color&quot;,&quot;value&quot;:&quot;#ffffff&quot;}]}\">Une centaine de costumes sera \u00e0 chiner. <\/p>\n<p data-syno-attrs=\"{&quot;textMarks&quot;:[{&quot;_&quot;:&quot;font_size&quot;,&quot;value&quot;:16},{&quot;_&quot;:&quot;font_family&quot;,&quot;value&quot;:&quot;Times New Roman&quot;,&quot;eastAsia&quot;:&quot;Times New Roman&quot;,&quot;complexScript&quot;:&quot;Times New Roman&quot;},{&quot;_&quot;:&quot;em&quot;,&quot;value&quot;:false},{&quot;_&quot;:&quot;color&quot;,&quot;value&quot;:&quot;#000000&quot;},{&quot;_&quot;:&quot;background_color&quot;,&quot;value&quot;:&quot;#ffffff&quot;}]}\"><a href=\"https:\/\/fondationdesfemmes.org\/\" rel=\"noopener nofollow\" target=\"_blank\">Les fonds r\u00e9colt\u00e9s seront revers\u00e9s \u00e0 la Fondation des Femmes.<\/a><\/p>\n<p data-syno-attrs=\"{&quot;textMarks&quot;:[{&quot;_&quot;:&quot;font_size&quot;,&quot;value&quot;:16},{&quot;_&quot;:&quot;font_family&quot;,&quot;value&quot;:&quot;Times New Roman&quot;,&quot;eastAsia&quot;:&quot;Times New Roman&quot;,&quot;complexScript&quot;:&quot;Times New Roman&quot;},{&quot;_&quot;:&quot;em&quot;,&quot;value&quot;:false},{&quot;_&quot;:&quot;color&quot;,&quot;value&quot;:&quot;#000000&quot;},{&quot;_&quot;:&quot;background_color&quot;,&quot;value&quot;:&quot;#ffffff&quot;}]}\">\u00a0<\/p>\n","protected":false},"excerpt":{"rendered":"Fourrures de toutes les couleurs, pantalon l\u00e9opards\u2026. Si vous aimez HPI et son personnage Morgane Alvaro, cette info&hellip;\n","protected":false},"author":2,"featured_media":362798,"comment_status":"","ping_status":"","sticky":false,"template":"","format":"standard","meta":{"footnotes":""},"categories":[2815],"tags":[1111,11,47705,1465,8569,8582,9420,47707,47708,14637,25892,25891,920,47704,1777,674,118,1157,63,1011,27,1792,811,47706,1114,2173,47709,1307,3135,12,1308,23862,25890,2687,25,37293,60],"class_list":{"0":"post-362797","1":"post","2":"type-post","3":"status-publish","4":"format-standard","5":"has-post-thumbnail","7":"category-lille","8":"tag-actu","9":"tag-actualites","10":"tag-audomarois","11":"tag-basket","12":"tag-boulogne-sur-mer","13":"tag-boulonnais","14":"tag-calais","15":"tag-calaisis","16":"tag-cote-dopale","17":"tag-delta-fm","18":"tag-delta-plus","19":"tag-delta","20":"tag-dunkerque","21":"tag-dunkerquois","22":"tag-eu","23":"tag-europe","24":"tag-faits-divers","25":"tag-flandre","26":"tag-football","27":"tag-fr","28":"tag-france","29":"tag-handball","30":"tag-hauts-de-france","31":"tag-hazebrouck","32":"tag-infos","33":"tag-interview","34":"tag-le-touquet","35":"tag-lille","36":"tag-littoral","37":"tag-news","38":"tag-nord","39":"tag-pas-de-calais","40":"tag-radio-delta","41":"tag-reportage","42":"tag-republique-francaise","43":"tag-saint-omer","44":"tag-sports"},"share_on_mastodon":{"url":"","error":"Validation failed: Text character limit of 500 exceeded"},"_links":{"self":[{"href":"https:\/\/www.europesays.com\/fr\/wp-json\/wp\/v2\/posts\/362797","targetHints":{"allow":["GET"]}}],"collection":[{"href":"https:\/\/www.europesays.com\/fr\/wp-json\/wp\/v2\/posts"}],"about":[{"href":"https:\/\/www.europesays.com\/fr\/wp-json\/wp\/v2\/types\/post"}],"author":[{"embeddable":true,"href":"https:\/\/www.europesays.com\/fr\/wp-json\/wp\/v2\/users\/2"}],"replies":[{"embeddable":true,"href":"https:\/\/www.europesays.com\/fr\/wp-json\/wp\/v2\/comments?post=362797"}],"version-history":[{"count":0,"href":"https:\/\/www.europesays.com\/fr\/wp-json\/wp\/v2\/posts\/362797\/revisions"}],"wp:featuredmedia":[{"embeddable":true,"href":"https:\/\/www.europesays.com\/fr\/wp-json\/wp\/v2\/media\/362798"}],"wp:attachment":[{"href":"https:\/\/www.europesays.com\/fr\/wp-json\/wp\/v2\/media?parent=362797"}],"wp:term":[{"taxonomy":"category","embeddable":true,"href":"https:\/\/www.europesays.com\/fr\/wp-json\/wp\/v2\/categories?post=362797"},{"taxonomy":"post_tag","embeddable":true,"href":"https:\/\/www.europesays.com\/fr\/wp-json\/wp\/v2\/tags?post=362797"}],"curies":[{"name":"wp","href":"https:\/\/api.w.org\/{rel}","templated":true}]}}