{"id":362799,"date":"2025-09-03T08:19:23","date_gmt":"2025-09-03T08:19:23","guid":{"rendered":"https:\/\/www.europesays.com\/fr\/362799\/"},"modified":"2025-09-03T08:19:23","modified_gmt":"2025-09-03T08:19:23","slug":"orchestre-national-de-lille-itinerances-grieg-et-tchaikovsky-du-10-au-13-sept-2025","status":"publish","type":"post","link":"https:\/\/www.europesays.com\/fr\/362799\/","title":{"rendered":"ORCHESTRE NATIONAL DE LILLE. ITIN\u00c9RANCES : Grieg et Tchaikovsky (du 10 au 13 sept 2025)"},"content":{"rendered":"<p><a href=\"https:\/\/www.festivalbaroque-pontoise.fr\/\" aria-label=\"L602xH250\" rel=\"nofollow noopener\" target=\"_blank\"><img fetchpriority=\"high\" decoding=\"async\" src=\"https:\/\/www.europesays.com\/fr\/wp-content\/uploads\/2025\/09\/L602xH250.jpg\" alt=\"\"   width=\"602\" height=\"250\"\/><\/a><strong>L\u2019Orchestre National de Lille<\/strong> prend l\u2019air et circule Dans tout le territoire du Nord. Depuis 2022, les musiciens lillois d\u00e9butent la nouvelle saison musicale par une tourn\u00e9e <strong>dans les communes rurales du Nord et du Pas-de-Calais<\/strong>. Au programme cette ann\u00e9e, des Itin\u00e9rances centr\u00e9es autour de deux chefs-d\u2019\u0153uvre pour orchestre \u00e0 cordes.<\/p>\n<p>\u00a0\n<\/p>\n<p>\u00a0\n<\/p>\n<p><strong>ORCHESTRE NATIONAL DE LILLE<\/strong><br \/>\n<strong>ITIN\u00c9RANCES \u2013 4 dates <\/strong><strong>du 10 au 13 sept 2025<\/strong><br \/>R\u00c9SERVEZ VOS PLACES directement sur le site de l\u2019ON Lille \/ Orchestre National de Lille :<br \/>\n<a href=\"https:\/\/www.onlille.com\/\" rel=\"nofollow noopener\" target=\"_blank\">https:\/\/www.onlille.com\/<\/a><br \/>\nGRIEG<br \/>Suite Holberg<br \/>\nTCHA\u00cfKOVSKI<br \/>S\u00e9r\u00e9nade pour cordes<\/p>\n<p>\u00a0\n<\/p>\n<p>\u00a0\n<\/p>\n<p>Compos\u00e9e en 1884 par <strong>Edvard Grieg,\u00a0la Suite Holberg<\/strong> \u00e9voque le 18 \u00e8me si\u00e8cle et des styles musicaux que l\u2019\u00e9crivain danois Ludvig Holberg pouvait entendre en son temps.<br \/>Dans la tradition des suites instrumentales,\u00a0la Suite propose une relecture de danses h\u00e9t\u00e9roclites :\u00a0un pr\u00e9lude dans le style de Bach,\u00a0une grave sarabande,\u00a0une gavotte galante,\u00a0un air d\u2019inspiration religieuse et m\u00eame un rigaudon \u00e9voquant la musique folklorique norv\u00e9gienne.\n<\/p>\n<p>Son utilisation au cin\u00e9ma et dans de nombreuses publicit\u00e9s a fait sa renomm\u00e9e :\u00a0la valse de la S\u00e9r\u00e9nade pour cordes (1880) de Tcha\u00efkovski est un tube dont la popularit\u00e9 d\u00e9passe le milieu du classique. Autour de cette danse,\u00a0le compositeur russe d\u00e9ploie des pages lyriques,\u00a0pleines de noblesse, des accents populaires, subtilement int\u00e9gr\u00e9s.\u00a0La s\u00e9r\u00e9nade rappelle la brillance des grands ballets comme le Lac des Cygnes (1876) ou encore Casse-Noisette (1892). Le cycle ITIN\u00c9RANCES 2025 compte 4 escales en territoire rural :\n<\/p>\n<p>\u00a0\n<\/p>\n<p style=\"text-align: center;\">mer. 10 septembre | 20h<br \/>Eperlecques,<br \/>\u00c9glise Saint-L\u00e9ger\n<\/p>\n<p style=\"text-align: center;\">jeu. 11 septembre | 20h<br \/>Felleries,<br \/>\u00c9glise Saint-Lambert\n<\/p>\n<p style=\"text-align: center;\">ven. 12 septembre | 20h<br \/>Auchy-l\u00e8s-Hesdin,<br \/>\u00c9glise Saint-Georges\n<\/p>\n<p style=\"text-align: center;\">sam. 13 septembre | 20h<br \/>Steene,<br \/>\u00c9glise Saint-Martin\n<\/p>\n<p style=\"text-align: center;\">JULIEN SZULMAN,<br \/>Direction et violon\n<\/p>\n<p style=\"text-align: center;\">ORCHESTRE NATIONAL DE LILLE\n<\/p>\n<p>\u00a0\n<\/p>\n<p>\u00a0\n<\/p>\n<p>Pr\u00e9sentation nouvelle saison 2025 2026\n<\/p>\n<p>LIRE aussi notre pr\u00e9sentation de la nouvelle saison de L\u2019ON LILLE Orchestre national de Lille : 2025 \u2013 2026. Hors les murs, les 50 ans. RAVEL, MOZART, BEETHOVEN, FRANK, BARBER, WAGNER, DENISOV\u2026 Joshua Weilerstein, Jean-Claude Casadesus, Nicolas Altstaedt, Alpesh Chauhan, Anna Sulkowska-Migon\u2026\n<\/p>\n<blockquote class=\"wp-embedded-content\" data-secret=\"COgO1PA5pm\">\n<p><a href=\"https:\/\/www.classiquenews.com\/orchestre-national-de-lille-nouvelle-saison-2025-2026-hors-les-murs-les-50-ans-ravel-mozart-beethoven-frank-barber-wagner-denisov-joshua-weilerstein-jean-claude-casadesus-nicola\/\" rel=\"nofollow noopener\" target=\"_blank\">ORCHESTRE NATIONAL DE LILLE, nouvelle saison 2025 \u2013 2026. Hors les murs, les 50 ans. RAVEL, MOZART, BEETHOVEN, FRANK, BARBER, WAGNER, DENISOV\u2026 Joshua Weilerstein, Jean-Claude Casadesus, Nicolas Altstaedt, Alpesh Chauhan, Anna Sulkowska-Migon\u2026<\/a><\/p>\n<\/blockquote>\n<p>\u00a0\n<\/p>\n<p><a href=\"https:\/\/www.opera-massy.com\/\" aria-label=\"opera de massy critique ClassiqueNews 603\" rel=\"nofollow noopener\" target=\"_blank\"><img loading=\"lazy\" decoding=\"async\" src=\"https:\/\/www.europesays.com\/fr\/wp-content\/uploads\/2025\/08\/opera-de-massy-critique-ClassiqueNews-603.gif\" alt=\"\" width=\"603\" height=\"250\"\/><\/a><\/p>\n","protected":false},"excerpt":{"rendered":"L\u2019Orchestre National de Lille prend l\u2019air et circule Dans tout le territoire du Nord. Depuis 2022, les musiciens&hellip;\n","protected":false},"author":2,"featured_media":362800,"comment_status":"","ping_status":"","sticky":false,"template":"","format":"standard","meta":{"footnotes":""},"categories":[2815],"tags":[1111,11,1777,674,1011,27,811,1307,12,25],"class_list":{"0":"post-362799","1":"post","2":"type-post","3":"status-publish","4":"format-standard","5":"has-post-thumbnail","7":"category-lille","8":"tag-actu","9":"tag-actualites","10":"tag-eu","11":"tag-europe","12":"tag-fr","13":"tag-france","14":"tag-hauts-de-france","15":"tag-lille","16":"tag-news","17":"tag-republique-francaise"},"share_on_mastodon":{"url":"https:\/\/pubeurope.com\/@fr\/115139390031325034","error":""},"_links":{"self":[{"href":"https:\/\/www.europesays.com\/fr\/wp-json\/wp\/v2\/posts\/362799","targetHints":{"allow":["GET"]}}],"collection":[{"href":"https:\/\/www.europesays.com\/fr\/wp-json\/wp\/v2\/posts"}],"about":[{"href":"https:\/\/www.europesays.com\/fr\/wp-json\/wp\/v2\/types\/post"}],"author":[{"embeddable":true,"href":"https:\/\/www.europesays.com\/fr\/wp-json\/wp\/v2\/users\/2"}],"replies":[{"embeddable":true,"href":"https:\/\/www.europesays.com\/fr\/wp-json\/wp\/v2\/comments?post=362799"}],"version-history":[{"count":0,"href":"https:\/\/www.europesays.com\/fr\/wp-json\/wp\/v2\/posts\/362799\/revisions"}],"wp:featuredmedia":[{"embeddable":true,"href":"https:\/\/www.europesays.com\/fr\/wp-json\/wp\/v2\/media\/362800"}],"wp:attachment":[{"href":"https:\/\/www.europesays.com\/fr\/wp-json\/wp\/v2\/media?parent=362799"}],"wp:term":[{"taxonomy":"category","embeddable":true,"href":"https:\/\/www.europesays.com\/fr\/wp-json\/wp\/v2\/categories?post=362799"},{"taxonomy":"post_tag","embeddable":true,"href":"https:\/\/www.europesays.com\/fr\/wp-json\/wp\/v2\/tags?post=362799"}],"curies":[{"name":"wp","href":"https:\/\/api.w.org\/{rel}","templated":true}]}}