{"id":362801,"date":"2025-09-03T08:20:17","date_gmt":"2025-09-03T08:20:17","guid":{"rendered":"https:\/\/www.europesays.com\/fr\/362801\/"},"modified":"2025-09-03T08:20:17","modified_gmt":"2025-09-03T08:20:17","slug":"pour-la-derniere-rentree-du-mandat-benoit-payan-sort-son-bilan-du-cartable","status":"publish","type":"post","link":"https:\/\/www.europesays.com\/fr\/362801\/","title":{"rendered":"Pour la derni\u00e8re rentr\u00e9e du mandat, Beno\u00eet Payan sort son bilan du cartable"},"content":{"rendered":"<p>\t    Pour la derni\u00e8re rentr\u00e9e du mandat, Beno\u00eet Payan sort son bilan du cartable &#8211; Marsactu<\/p>\n<p>&#13;<br \/>\n\t\t&#13;<br \/>\n\t\tNous utilisons des cookies pour vous garantir la meilleure exp\u00e9rience sur notre site. Vous pouvez choisir de refuser les cookies.<a href=\"#\" id=\"cn-accept-cookie\" data-cookie-set=\"accept\" class=\"cn-set-cookie cn-button cn-button-custom button\" aria-label=\"J'accepte\">J&rsquo;accepte<\/a><a href=\"#\" id=\"cn-refuse-cookie\" data-cookie-set=\"refuse\" class=\"cn-set-cookie cn-button cn-button-custom button\" aria-label=\"Non\">Non<\/a><a href=\"https:\/\/marsactu.fr\/societe\/cgu\/\" target=\"_blank\" id=\"cn-more-info\" class=\"cn-more-info cn-button cn-button-custom button\" aria-label=\"En savoir plus\" rel=\"noopener\">En savoir plus<\/a><\/p>\n<p>\t\t&#13;<\/p>\n","protected":false},"excerpt":{"rendered":"Pour la derni\u00e8re rentr\u00e9e du mandat, Beno\u00eet Payan sort son bilan du cartable &#8211; Marsactu &#13; &#13; Nous&hellip;\n","protected":false},"author":2,"featured_media":362802,"comment_status":"","ping_status":"","sticky":false,"template":"","format":"standard","meta":{"footnotes":""},"categories":[2814],"tags":[1111,11,16094,4019,1777,674,1011,27,884,49775,12,44868,882,28313,25,4772],"class_list":{"0":"post-362801","1":"post","2":"type-post","3":"status-publish","4":"format-standard","5":"has-post-thumbnail","7":"category-marseille","8":"tag-actu","9":"tag-actualites","10":"tag-benoitpayan","11":"tag-ecoles","12":"tag-eu","13":"tag-europe","14":"tag-fr","15":"tag-france","16":"tag-marseille","17":"tag-municipales2026","18":"tag-news","19":"tag-planecoles","20":"tag-provence-alpes-cote-dazur","21":"tag-rentree","22":"tag-republique-francaise","23":"tag-zalu"},"share_on_mastodon":{"url":"https:\/\/pubeurope.com\/@fr\/115139394120573642","error":""},"_links":{"self":[{"href":"https:\/\/www.europesays.com\/fr\/wp-json\/wp\/v2\/posts\/362801","targetHints":{"allow":["GET"]}}],"collection":[{"href":"https:\/\/www.europesays.com\/fr\/wp-json\/wp\/v2\/posts"}],"about":[{"href":"https:\/\/www.europesays.com\/fr\/wp-json\/wp\/v2\/types\/post"}],"author":[{"embeddable":true,"href":"https:\/\/www.europesays.com\/fr\/wp-json\/wp\/v2\/users\/2"}],"replies":[{"embeddable":true,"href":"https:\/\/www.europesays.com\/fr\/wp-json\/wp\/v2\/comments?post=362801"}],"version-history":[{"count":0,"href":"https:\/\/www.europesays.com\/fr\/wp-json\/wp\/v2\/posts\/362801\/revisions"}],"wp:featuredmedia":[{"embeddable":true,"href":"https:\/\/www.europesays.com\/fr\/wp-json\/wp\/v2\/media\/362802"}],"wp:attachment":[{"href":"https:\/\/www.europesays.com\/fr\/wp-json\/wp\/v2\/media?parent=362801"}],"wp:term":[{"taxonomy":"category","embeddable":true,"href":"https:\/\/www.europesays.com\/fr\/wp-json\/wp\/v2\/categories?post=362801"},{"taxonomy":"post_tag","embeddable":true,"href":"https:\/\/www.europesays.com\/fr\/wp-json\/wp\/v2\/tags?post=362801"}],"curies":[{"name":"wp","href":"https:\/\/api.w.org\/{rel}","templated":true}]}}