{"id":362805,"date":"2025-09-03T08:22:12","date_gmt":"2025-09-03T08:22:12","guid":{"rendered":"https:\/\/www.europesays.com\/fr\/362805\/"},"modified":"2025-09-03T08:22:12","modified_gmt":"2025-09-03T08:22:12","slug":"lyon-commemore-le-81e-anniversaire-de-sa-liberation-place-bellecour","status":"publish","type":"post","link":"https:\/\/www.europesays.com\/fr\/362805\/","title":{"rendered":"Lyon comm\u00e9more le 81e anniversaire de sa Lib\u00e9ration place Bellecour"},"content":{"rendered":"<p itemprop=\"description\"><strong><br \/>&#13;<br \/>\nLa Ville de Lyon invite les habitants \u00e0 participer \u00e0 la c\u00e9r\u00e9monie.<br \/>&#13;<br \/>\n<\/strong><\/p>\n<p>Ce mercredi 3 septembre 2025, la Ville de Lyon organise une c\u00e9r\u00e9monie comm\u00e9morative pour le 81e anniversaire de la Lib\u00e9ration.\u00a0<\/p>\n<p>L\u2019\u00e9v\u00e9nement se tiendra \u00e0 17h30, place Bellecour, devant le Veilleur de pierre, en pr\u00e9sence du maire Gr\u00e9gory Doucet et de son adjointe d\u00e9l\u00e9gu\u00e9e \u00e0 la M\u00e9moire, Sylvie Tomic.<\/p>\n<p>La Ville rappelle que \u00ab\u00a0l\u2019\u00e9t\u00e9 1944 est particuli\u00e8rement meurtrier pour Lyon et ses habitants. Les combats entre les Am\u00e9ricains, la R\u00e9sistance et les Allemands sont intenses dans la ville et sa p\u00e9riph\u00e9rie.\u00a0\u00bb Le 3 septembre 1944, \u00ab\u00a0l\u2019escadron l\u00e9ger du r\u00e9giment de fusiliers marins de la 1\u00e8re DFL (Division fran\u00e7aise libre) entre finalement dans la capitale des Gaules avec \u00e0 sa t\u00eate, le G\u00e9n\u00e9ral Diego Brosset. Lyon est lib\u00e9r\u00e9e !.\u00a0\u00bb<\/p>\n<p>Cette c\u00e9r\u00e9monie est organis\u00e9e en partenariat avec le comit\u00e9 de liaison des associations des anciens combattants et r\u00e9sistants.<\/p>\n","protected":false},"excerpt":{"rendered":"&#13; La Ville de Lyon invite les habitants \u00e0 participer \u00e0 la c\u00e9r\u00e9monie.&#13; Ce mercredi 3 septembre 2025,&hellip;\n","protected":false},"author":2,"featured_media":362806,"comment_status":"","ping_status":"","sticky":false,"template":"","format":"standard","meta":{"footnotes":""},"categories":[1889],"tags":[1111,11,2813,2190,2430,1109,251,1112,2811,1777,674,118,1011,27,1922,1110,1114,2428,2810,12,241,316,25,2812,517,800],"class_list":{"0":"post-362805","1":"post","2":"type-post","3":"status-publish","4":"format-standard","5":"has-post-thumbnail","7":"category-lyon","8":"tag-actu","9":"tag-actualites","10":"tag-article","11":"tag-asvel","12":"tag-auvergne-rhone-alpes","13":"tag-breves","14":"tag-culture","15":"tag-depeches","16":"tag-economique","17":"tag-eu","18":"tag-europe","19":"tag-faits-divers","20":"tag-fr","21":"tag-france","22":"tag-info","23":"tag-informations","24":"tag-infos","25":"tag-lyon","26":"tag-lyonmag","27":"tag-news","28":"tag-ol","29":"tag-politique","30":"tag-republique-francaise","31":"tag-sociale","32":"tag-sport","33":"tag-transports"},"share_on_mastodon":{"url":"https:\/\/pubeurope.com\/@fr\/115139401899745227","error":""},"_links":{"self":[{"href":"https:\/\/www.europesays.com\/fr\/wp-json\/wp\/v2\/posts\/362805","targetHints":{"allow":["GET"]}}],"collection":[{"href":"https:\/\/www.europesays.com\/fr\/wp-json\/wp\/v2\/posts"}],"about":[{"href":"https:\/\/www.europesays.com\/fr\/wp-json\/wp\/v2\/types\/post"}],"author":[{"embeddable":true,"href":"https:\/\/www.europesays.com\/fr\/wp-json\/wp\/v2\/users\/2"}],"replies":[{"embeddable":true,"href":"https:\/\/www.europesays.com\/fr\/wp-json\/wp\/v2\/comments?post=362805"}],"version-history":[{"count":0,"href":"https:\/\/www.europesays.com\/fr\/wp-json\/wp\/v2\/posts\/362805\/revisions"}],"wp:featuredmedia":[{"embeddable":true,"href":"https:\/\/www.europesays.com\/fr\/wp-json\/wp\/v2\/media\/362806"}],"wp:attachment":[{"href":"https:\/\/www.europesays.com\/fr\/wp-json\/wp\/v2\/media?parent=362805"}],"wp:term":[{"taxonomy":"category","embeddable":true,"href":"https:\/\/www.europesays.com\/fr\/wp-json\/wp\/v2\/categories?post=362805"},{"taxonomy":"post_tag","embeddable":true,"href":"https:\/\/www.europesays.com\/fr\/wp-json\/wp\/v2\/tags?post=362805"}],"curies":[{"name":"wp","href":"https:\/\/api.w.org\/{rel}","templated":true}]}}