{"id":362817,"date":"2025-09-03T08:30:11","date_gmt":"2025-09-03T08:30:11","guid":{"rendered":"https:\/\/www.europesays.com\/fr\/362817\/"},"modified":"2025-09-03T08:30:11","modified_gmt":"2025-09-03T08:30:11","slug":"plus-de-500-drones-et-missiles-russes-lances-sur-lukraine-volodymyr-zelensky-denonce-limpunite-de-vladimir-poutine","status":"publish","type":"post","link":"https:\/\/www.europesays.com\/fr\/362817\/","title":{"rendered":"Plus de 500 drones et missiles russes lanc\u00e9s sur l&rsquo;Ukraine, Volodymyr Zelensky d\u00e9nonce \u00ab\u00a0l&rsquo;impunit\u00e9\u00a0\u00bb de Vladimir Poutine"},"content":{"rendered":"<p>La Russie a lanc\u00e9 dans la nuit de mardi 2 \u00e0 mercredi 3 septembre une vaste attaque a\u00e9rienne sur l&rsquo;ouest de l&rsquo;Ukraine. Volodymyr Zelensky a estim\u00e9 que Vladimir Poutine affichait son \u00ab\u00a0impunit\u00e9\u00a0\u00bb.<\/p>\n<p>La Russie a lanc\u00e9 dans la nuit de mardi 2 \u00e0 mercredi 3 septembre une <a href=\"https:\/\/www.bfmtv.com\/international\/europe\/ukraine\/guerre-en-ukraine-la-region-de-dnipropetrovsk-touchee-par-une-attaque-massive-russe_AD-202508300060.html\" title=\"Guerre en Ukraine: la r\u00e9gion de Dnipropetrovsk touch\u00e9e par une attaque &quot;massive&quot; russe\" class=\"internal_link\" rel=\"nofollow noopener\" target=\"_blank\">vaste attaque<\/a> avec plus de 500 drones et missiles principalement sur l&rsquo;ouest de l&rsquo;Ukraine, privant des milliers de foyers d&rsquo;\u00e9lectricit\u00e9 ont annonc\u00e9 mercredi les autorit\u00e9s ukrainiennes.<\/p>\n<p>Des journalistes de l&rsquo;AFP \u00e0 Kiev ont entendu des explosions au-dessus de la capitale et le cr\u00e9pitement des mitrailleuses de la d\u00e9fense a\u00e9rienne lors de cette attaque qui a co\u00efncid\u00e9 avec la visite du pr\u00e9sident russe Vladimir Poutine en Chine.<\/p>\n<p>Dans la r\u00e9gion de <a href=\"https:\/\/www.bfmtv.com\/international\/europe\/ukraine\/guerre-en-ukraine-zelensky-annonce-des-morts-apres-un-bombardement-sur-tcherniguiv-une-universite-et-un-theatre-touches_AN-202308190167.html\" title=\"Guerre en Ukraine: au moins 7 morts et 110 bless\u00e9s dans un bombardement russe sur la ville de Tcherniguiv\" class=\"internal_link\" rel=\"nofollow noopener\" target=\"_blank\">Tcherniguiv<\/a> (nord) 30.0000 personnes sont priv\u00e9es d&rsquo;\u00e9lectricit\u00e9 suite aux bombardements sur des \u00ab\u00a0infrastructures civiles\u00a0\u00bb, a d\u00e9clar\u00e9 le chef de l&rsquo;administration militaire, Viatcheslav Tchaus.<\/p>\n<p>L&rsquo;arm\u00e9e de l&rsquo;air ukrainienne a indiqu\u00e9 que Moscou avait lanc\u00e9 502 drones et 24 missiles.<\/p>\n<blockquote class=\"embed embed_quote\"><p>\u00ab\u00a0Trois missiles et 69 drones d&rsquo;attaque ont touch\u00e9 14 sites et les d\u00e9bris des projectiles abattus sont tomb\u00e9s dans 14 sites\u00a0\u00bb, a-t-elle ajout\u00e9e.<\/p><\/blockquote>\n<p>Des responsables r\u00e9gionaux de l&rsquo;ouest du pays ont indiqu\u00e9 que plusieurs personnes ont \u00e9t\u00e9 bless\u00e9es et que des habitations et des infrastructures civiles ont \u00e9t\u00e9 endommag\u00e9es.<\/p>\n<p>Une d\u00e9monstration russe<\/p>\n<p>Apr\u00e8s cette vaste attaque a\u00e9rienne, le pr\u00e9sident ukrainien Volodymyr Zelensky a estim\u00e9 que son homologue russe <a href=\"https:\/\/www.bfmtv.com\/international\/asie\/russie\/vladimir-poutine_DN-202108310680.html\" title=\"Vladimir Poutine\" class=\"internal_link\" rel=\"nofollow noopener\" target=\"_blank\">Vladimir Poutine<\/a> faisait \u00e9talage de son \u00ab\u00a0impunit\u00e9\u00a0\u00bb.<\/p>\n<p>\u00ab\u00a0Ces frappes sont clairement une d\u00e9monstration russe. Poutine montre son impunit\u00e9. Et cela exige sans aucun doute une r\u00e9ponse de la part du monde\u00a0\u00bb, a d\u00e9clar\u00e9 le chef d&rsquo;\u00c9tat ukrainien, en appelant ses alli\u00e9s \u00e0 faire pression sur \u00ab\u00a0l&rsquo;\u00e9conomie de guerre\u00a0\u00bb de Moscou, avant de s&rsquo;entretenir avec des responsables des pays baltes et nordiques au Danemark.<\/p>\n<p>Moscou pilonne l&rsquo;Ukraine quasi-quotidiennement avec des missiles et des drones depuis qu&rsquo;elle a lanc\u00e9 son invasion \u00e0 grande \u00e9chelle en f\u00e9vrier 2022, d\u00e9clenchant le conflit le plus meurtrier en Europe depuis la Seconde Guerre mondiale.<\/p>\n","protected":false},"excerpt":{"rendered":"La Russie a lanc\u00e9 dans la nuit de mardi 2 \u00e0 mercredi 3 septembre une vaste attaque a\u00e9rienne&hellip;\n","protected":false},"author":2,"featured_media":362818,"comment_status":"","ping_status":"","sticky":false,"template":"","format":"standard","meta":{"footnotes":""},"categories":[1591],"tags":[11,1887,12,1885,1886,132],"class_list":{"0":"post-362817","1":"post","2":"type-post","3":"status-publish","4":"format-standard","5":"has-post-thumbnail","7":"category-russie","8":"tag-actualites","9":"tag-federation-de-russie","10":"tag-news","11":"tag-russia","12":"tag-russian-federation","13":"tag-russie"},"share_on_mastodon":{"url":"https:\/\/pubeurope.com\/@fr\/115139433186814188","error":""},"_links":{"self":[{"href":"https:\/\/www.europesays.com\/fr\/wp-json\/wp\/v2\/posts\/362817","targetHints":{"allow":["GET"]}}],"collection":[{"href":"https:\/\/www.europesays.com\/fr\/wp-json\/wp\/v2\/posts"}],"about":[{"href":"https:\/\/www.europesays.com\/fr\/wp-json\/wp\/v2\/types\/post"}],"author":[{"embeddable":true,"href":"https:\/\/www.europesays.com\/fr\/wp-json\/wp\/v2\/users\/2"}],"replies":[{"embeddable":true,"href":"https:\/\/www.europesays.com\/fr\/wp-json\/wp\/v2\/comments?post=362817"}],"version-history":[{"count":0,"href":"https:\/\/www.europesays.com\/fr\/wp-json\/wp\/v2\/posts\/362817\/revisions"}],"wp:featuredmedia":[{"embeddable":true,"href":"https:\/\/www.europesays.com\/fr\/wp-json\/wp\/v2\/media\/362818"}],"wp:attachment":[{"href":"https:\/\/www.europesays.com\/fr\/wp-json\/wp\/v2\/media?parent=362817"}],"wp:term":[{"taxonomy":"category","embeddable":true,"href":"https:\/\/www.europesays.com\/fr\/wp-json\/wp\/v2\/categories?post=362817"},{"taxonomy":"post_tag","embeddable":true,"href":"https:\/\/www.europesays.com\/fr\/wp-json\/wp\/v2\/tags?post=362817"}],"curies":[{"name":"wp","href":"https:\/\/api.w.org\/{rel}","templated":true}]}}