{"id":362819,"date":"2025-09-03T08:31:12","date_gmt":"2025-09-03T08:31:12","guid":{"rendered":"https:\/\/www.europesays.com\/fr\/362819\/"},"modified":"2025-09-03T08:31:12","modified_gmt":"2025-09-03T08:31:12","slug":"de-granville-aux-hopitaux-ukrainiens-ce-manchois-redonne-espoir-aux-blesses-de-guerre","status":"publish","type":"post","link":"https:\/\/www.europesays.com\/fr\/362819\/","title":{"rendered":"De Granville aux h\u00f4pitaux ukrainiens, ce Manchois redonne espoir aux bless\u00e9s de guerre"},"content":{"rendered":"<p>            Par<br \/>\n        <strong><br \/>\n            <a href=\"https:\/\/actu.fr\/auteur\/louise-boeri\" title=\"Consulter tous les articles de Louise BOERI\" target=\"_blank\" rel=\"noopener\">Louise BOERI<\/a><br \/>\n        <\/strong><\/p>\n<p>        Publi\u00e9 le<\/p>\n<p>            3 sept. 2025 \u00e0 10h21        <\/p>\n<p data-end=\"531\"><b>\u00c9quiper les bless\u00e9s de guerre ukrainiens en proth\u00e8ses<\/b>, tel est l\u2019objectif de la soci\u00e9t\u00e9 R\u00e9silience Orthopedics. \u00c0 l\u2019origine du projet, <b>Erwan Calvier,<\/b> orthoproth\u00e9siste originaire de <a href=\"https:\/\/actu.fr\/normandie\/granville_50218\" target=\"_blank\" rel=\"noopener\">Granville<\/a> (<a href=\"https:\/\/actu.fr\/normandie\/manche_50\" target=\"_blank\" rel=\"noopener\">Manche<\/a>) et fondateur de la soci\u00e9t\u00e9 Vytruve, et son associ\u00e9 Dimitri Trotignon.<\/p>\n<p data-end=\"531\" class=\" wall-content\">Depuis l\u2019invasion russe, les deux hommes veulent<b> former efficacement<\/b> les futurs orthoproth\u00e9sistes ukrainiens, confront\u00e9s \u00e0 une situation d\u2019urgence avec <b>plusieurs dizaines de milliers de soldats amput\u00e9s.<\/b><\/p>\n<p data-end=\"850\" class=\" wall-content\">Bas\u00e9e \u00e0 Rennes, R\u00e9silience Orthopedics a \u00e9t\u00e9 s\u00e9lectionn\u00e9e en mars\u00a02025 <b>parmi les laur\u00e9ats du fonds \u00ab\u2009Ukraine\u2009\u00bb<\/b>, un programme gouvernemental destin\u00e9 \u00e0 soutenir la reconstruction du pays. <b>Leur ambition\u2009:<\/b> cr\u00e9er un r\u00e9seau de microcliniques autonomes en Ukraine, reli\u00e9es \u00e0 un centre de production utilisant l\u2019impression 3D.<\/p>\n<p data-end=\"1349\" class=\" wall-content\">Concr\u00e8tement, le projet vise \u00e0 former les professionnels ukrainiens pour qu\u2019ils puissent, \u00e0 terme, \u00e9quiper eux-m\u00eames les bless\u00e9s. Pour cela, <b>six semaines de formation<\/b> ont \u00e9t\u00e9 organis\u00e9es \u00e0 l\u2019universit\u00e9 de Lviv pour quinze orthoproth\u00e9sistes. Ils y apprennent \u00e0 manipuler les scanners et les outils d\u2019impression 3D.<\/p>\n<p>\u00ab\u2009On estime \u00e0 80\u2009000 le nombre d\u2019amput\u00e9s en Ukraine\u2009\u00bb<\/p>\n<p data-end=\"1349\" class=\" wall-content\">Afin de leur offrir des cas pratiques, cinq Fran\u00e7ais \u00e9quip\u00e9s de proth\u00e8ses (bras, jambes, genoux) ont fait le d\u00e9placement <b>en ao\u00fbt <\/b>pour servir de mod\u00e8les et aider les stagiaires \u00e0 se former. <a href=\"https:\/\/actu.fr\/normandie\/cherbourg-en-cotentin_50129\/ampute-apres-un-grave-accident-ce-cherbourgeois-sengage-aux-cotes-des-blesses-de-guerre-en-ukraine_63091839.html\" target=\"_blank\" rel=\"noopener\">Parmi eux, le Cotentinois Luc Le Brun.<\/a><\/p>\n<p data-end=\"320\" class=\" wall-content\">Il ne reste d\u00e9sormais que deux semaines de formation pour les quinze orthoproth\u00e9sistes ukrainiens engag\u00e9s dans le programme. \u00ab\u2009Ils sont <b>tr\u00e8s motiv\u00e9s et enthousiastes <\/b>\u00e0 l\u2019id\u00e9e d\u2019aider leur pays\u2009\u00bb, souligne Erwan Calvier. Un projet d\u2019autant plus crucial que les patients rencontr\u00e9s sont profond\u00e9ment \u00ab\u2009marqu\u00e9s par la guerre\u2009\u00bb, t\u00e9moigne Luc Le Brun.<\/p>\n<p data-end=\"807\" class=\" wall-content\">\u00c0 terme,<b> l\u2019objectif est clair\u2009: <\/b>rendre les h\u00f4pitaux et le centre de production de proth\u00e8ses totalement autonomes gr\u00e2ce \u00e0 l\u2019utilisation des scanners et de l\u2019impression 3D, afin de diagnostiquer et appareiller directement les bless\u00e9s de guerre. \u00ab\u2009On estime \u00e0<b> 80\u2009000 <\/b>le nombre d\u2019amput\u00e9s en Ukraine\u2009\u00bb, rappelle Erwan Calvier.<\/p>\n<p>Treize tonnes de mat\u00e9riel<\/p>\n<p data-end=\"1098\" class=\" wall-content\">Les technologies d\u00e9velopp\u00e9es par R\u00e9silience Orthopedics devraient ainsi permettre de r\u00e9pondre \u00e0 une <b>demande consid\u00e9rable.<\/b> La r\u00e9\u00e9ducation, quant \u00e0 elle, est d\u00e9j\u00e0 assur\u00e9e par les h\u00f4pitaux ukrainiens, o\u00f9 les kin\u00e9sith\u00e9rapeutes sont form\u00e9s pour accompagner les patients dans ce long parcours.<\/p>\n<p>Votre r\u00e9gion, votre actu !<\/p>\n<p>Recevez chaque jour les infos qui comptent pour vous.<\/p>\n<p>\t<a href=\"https:\/\/actu.fr\/newsletter\" class=\"ac-btn ac-btn--corner ac-btn--medium ac-btn--blue800\" target=\"_blank\" rel=\"noopener\">S&rsquo;incrire<\/a><\/p>\n<p data-end=\"384\" class=\" wall-content\">Au total, <b>13\u00a0tonnes de mat\u00e9riel seront achemin\u00e9es en Ukraine\u2009:<\/b> scanners 3D, imprimantes 3D, machines de pon\u00e7age, rampes de marche\u2026 tout l\u2019\u00e9quipement n\u00e9cessaire pour assurer les examens, l\u2019appareillage et la r\u00e9\u00e9ducation des patients. Trois h\u00f4pitaux ukrainiens (\u00e0 Lviv, Kiev et Poltava) recevront chacun trois scanners.<\/p>\n<p data-end=\"384\" class=\" wall-content\">\n<p>    <img   decoding=\"async\" loading=\"lazy\" class=\"size-large\" src=\"https:\/\/www.europesays.com\/fr\/wp-content\/uploads\/2025\/09\/f1a37f8060b86c7a37f8060b85ca37v-960x640.jpg\" alt=\"Imprimantes 3D Vytruve\" width=\"960\" height=\"640\"\/><br \/>\n    Des imprimantes 3D de la soci\u00e9t\u00e9 Vytruve seront achemin\u00e9es en Ukraine. \u00a9Erwan CALVIER<\/p>\n<p>\u00c9tendre l\u2019aide \u00e0 d\u2019autres pays<\/p>\n<p data-end=\"705\" class=\" wall-content\">Le centre de production, quant \u00e0 lui, sera bas\u00e9 \u00e0 l\u2019universit\u00e9 de Lviv, o\u00f9 sera install\u00e9e une imprimante 3D. Dans les prochains jours, <b>vingt proth\u00e8ses<\/b> seront livr\u00e9es \u00e0 l\u2019h\u00f4pital militaire de Lviv pour \u00e9quiper les bless\u00e9s de guerre. Au total, <b>160 proth\u00e8ses<\/b> devraient \u00eatre livr\u00e9es avant la fin de la formation en cours.<\/p>\n<p data-end=\"924\" class=\" wall-content\">Au-del\u00e0 de ce projet, R\u00e9silience Orthopedics entend poursuivre son action. La soci\u00e9t\u00e9 affiche d\u00e9j\u00e0 sa volont\u00e9 <b>d\u2019\u00e9tendre son aide \u00e0 d\u2019autres pays touch\u00e9s par les conflits,<\/b> comme la Syrie, le Liban ou encore la Libye.<\/p>\n<p class=\" wall-content\">Personnalisez votre actualit\u00e9 en ajoutant vos villes et m\u00e9dias en favori avec <a href=\"https:\/\/moncompte.actu.fr\" title=\"D\u00e9couvez Mon Actu\" rel=\"nofollow noopener\" data-trk=\"{&quot;cta&quot;:{&quot;action&quot;:&quot;https:\\\/\\\/moncompte.actu.fr&quot;,&quot;category&quot;:&quot;mon compte&quot;,&quot;from&quot;:&quot;article footer&quot;,&quot;name&quot;:&quot;Mon actu&quot;,&quot;type&quot;:&quot;cta&quot;}}\" target=\"_blank\">Mon Actu<\/a>.<\/p>\n","protected":false},"excerpt":{"rendered":"Par Louise BOERI Publi\u00e9 le 3 sept. 2025 \u00e0 10h21 \u00c9quiper les bless\u00e9s de guerre ukrainiens en proth\u00e8ses,&hellip;\n","protected":false},"author":2,"featured_media":362820,"comment_status":"","ping_status":"","sticky":false,"template":"","format":"standard","meta":{"footnotes":""},"categories":[1590],"tags":[11,1777,674,131,5701,12,71,104,220],"class_list":{"0":"post-362819","1":"post","2":"type-post","3":"status-publish","4":"format-standard","5":"has-post-thumbnail","7":"category-ukraine","8":"tag-actualites","9":"tag-eu","10":"tag-europe","11":"tag-guerre-en-ukraine","12":"tag-innovation","13":"tag-news","14":"tag-sante","15":"tag-societe","16":"tag-ukraine"},"share_on_mastodon":{"url":"https:\/\/pubeurope.com\/@fr\/115139437471736389","error":""},"_links":{"self":[{"href":"https:\/\/www.europesays.com\/fr\/wp-json\/wp\/v2\/posts\/362819","targetHints":{"allow":["GET"]}}],"collection":[{"href":"https:\/\/www.europesays.com\/fr\/wp-json\/wp\/v2\/posts"}],"about":[{"href":"https:\/\/www.europesays.com\/fr\/wp-json\/wp\/v2\/types\/post"}],"author":[{"embeddable":true,"href":"https:\/\/www.europesays.com\/fr\/wp-json\/wp\/v2\/users\/2"}],"replies":[{"embeddable":true,"href":"https:\/\/www.europesays.com\/fr\/wp-json\/wp\/v2\/comments?post=362819"}],"version-history":[{"count":0,"href":"https:\/\/www.europesays.com\/fr\/wp-json\/wp\/v2\/posts\/362819\/revisions"}],"wp:featuredmedia":[{"embeddable":true,"href":"https:\/\/www.europesays.com\/fr\/wp-json\/wp\/v2\/media\/362820"}],"wp:attachment":[{"href":"https:\/\/www.europesays.com\/fr\/wp-json\/wp\/v2\/media?parent=362819"}],"wp:term":[{"taxonomy":"category","embeddable":true,"href":"https:\/\/www.europesays.com\/fr\/wp-json\/wp\/v2\/categories?post=362819"},{"taxonomy":"post_tag","embeddable":true,"href":"https:\/\/www.europesays.com\/fr\/wp-json\/wp\/v2\/tags?post=362819"}],"curies":[{"name":"wp","href":"https:\/\/api.w.org\/{rel}","templated":true}]}}