{"id":362821,"date":"2025-09-03T08:32:09","date_gmt":"2025-09-03T08:32:09","guid":{"rendered":"https:\/\/www.europesays.com\/fr\/362821\/"},"modified":"2025-09-03T08:32:09","modified_gmt":"2025-09-03T08:32:09","slug":"echange-de-donnees-avec-les-usa-le-recours-du-depute-philippe-latombe-rejete-par-la-cjue","status":"publish","type":"post","link":"https:\/\/www.europesays.com\/fr\/362821\/","title":{"rendered":"\u00c9change de donn\u00e9es avec les USA : le recours du d\u00e9put\u00e9 Philippe Latombe rejet\u00e9 par la CJUE"},"content":{"rendered":"<p>Sans surprise, le Tribunal a rejet\u00e9 le recours (<a href=\"https:\/\/curia.europa.eu\/jcms\/upload\/docs\/application\/pdf\/2025-09\/cp250106fr.pdf\" target=\"_blank\" rel=\"noreferrer noopener nofollow\">PDF<\/a>), consid\u00e9rant que, \u00ab\u00a0\u00e0 la date d\u2019adoption de la d\u00e9cision attaqu\u00e9e, les \u00c9tats-Unis assuraient un niveau ad\u00e9quat de protection des donn\u00e9es \u00e0 caract\u00e8re personnel transf\u00e9r\u00e9es depuis l\u2019Union vers des organisations \u00e9tablies dans ce pays\u00a0\u00bb.<\/p>\n<p>Rappelons que le Data Privacy Framework est un cadre d\u2019\u00e9changes entre l\u2019Europe et les \u00c9tats-Unis. Il \u00e9tablit que les protections offertes outre-Atlantique sont \u00e9quivalentes \u00e0 celles pr\u00e9sentes en Europe. Le DPF est largement attaqu\u00e9 depuis sa sortie, d\u2019autant plus qu\u2019il est venu remplacer le Privacy Shield, qui avait d\u00e9j\u00e0 pris la rel\u00e8ve du Safe Harbor, tous deux tomb\u00e9s apr\u00e8s avoir \u00e9t\u00e9 attaqu\u00e9s par Max Schrems.<\/p>\n<p>Le DPF r\u00e9siste malgr\u00e9 les soubresauts<\/p>\n<p>Philippe Latombe souhaitait voir disparaitre cet accord d\u2019ad\u00e9quation, pour les m\u00eames raisons que les deux pr\u00e9c\u00e9dents cadres. \u00c0 l\u2019automne 2023, il expliquait ainsi que les conceptions europ\u00e9enne et am\u00e9ricaine des donn\u00e9es \u00e9taient irr\u00e9conciliables\u00a0: l\u2019Europe consid\u00e8re que les donn\u00e9es appartiennent \u00e0 ceux qui les \u00e9mettent, les \u00c9tats-Unis \u00e0 ceux qui les collectent. Pour le d\u00e9put\u00e9, la Data Protection Review Court mise en place aux \u00c9tats-Unis n\u2019\u00e9tait par ailleurs ni ind\u00e9pendante ni impartiale.<\/p>\n<p>Chez l\u2019association noyb, <a href=\"https:\/\/noyb.eu\/fr\/eu-us-data-transers-first-reaction-latombe-case\" target=\"_blank\" rel=\"noreferrer noopener nofollow\">Max Schrems affiche sa d\u00e9ception<\/a>\u00a0: \u00ab\u00a0Nous voyons actuellement Trump destituer des responsables &lsquo;ind\u00e9pendants&rsquo; de la FTC ou de la R\u00e9serve f\u00e9d\u00e9rale. La Cour en question n&rsquo;est m\u00eame pas \u00e9tablie par la loi, mais seulement par un ordre ex\u00e9cutif du pr\u00e9sident \u2013 et peut donc \u00eatre r\u00e9voqu\u00e9e dans la foul\u00e9e. Il est tr\u00e8s surprenant que la Cour de justice de l&rsquo;Union europ\u00e9enne ait jug\u00e9 cela suffisant. Si l&rsquo;on compare cette affaire avec des affaires internes \u00e0 l&rsquo;UE telles que celles concernant la Pologne ou la Hongrie, il faut faire preuve d&rsquo;une grande souplesse mentale pour accepter qu&rsquo;il s&rsquo;agisse d&rsquo;une Cour ind\u00e9pendante\u00a0\u00bb.<\/p>\n<p>Rien n\u2019emp\u00eache cependant Philippe Latombe de faire appel de la d\u00e9cision.<\/p>\n","protected":false},"excerpt":{"rendered":"Sans surprise, le Tribunal a rejet\u00e9 le recours (PDF), consid\u00e9rant que, \u00ab\u00a0\u00e0 la date d\u2019adoption de la d\u00e9cision&hellip;\n","protected":false},"author":2,"featured_media":362822,"comment_status":"","ping_status":"","sticky":false,"template":"","format":"standard","meta":{"footnotes":""},"categories":[1589],"tags":[11,73,1866,12,1864,1865,1863,308],"class_list":{"0":"post-362821","1":"post","2":"type-post","3":"status-publish","4":"format-standard","5":"has-post-thumbnail","7":"category-etats-unis","8":"tag-actualites","9":"tag-etats-unis","10":"tag-etats-unis-damerique","11":"tag-news","12":"tag-united-states","13":"tag-united-states-of-america","14":"tag-us","15":"tag-usa"},"share_on_mastodon":{"url":"https:\/\/pubeurope.com\/@fr\/115139441151659491","error":""},"_links":{"self":[{"href":"https:\/\/www.europesays.com\/fr\/wp-json\/wp\/v2\/posts\/362821","targetHints":{"allow":["GET"]}}],"collection":[{"href":"https:\/\/www.europesays.com\/fr\/wp-json\/wp\/v2\/posts"}],"about":[{"href":"https:\/\/www.europesays.com\/fr\/wp-json\/wp\/v2\/types\/post"}],"author":[{"embeddable":true,"href":"https:\/\/www.europesays.com\/fr\/wp-json\/wp\/v2\/users\/2"}],"replies":[{"embeddable":true,"href":"https:\/\/www.europesays.com\/fr\/wp-json\/wp\/v2\/comments?post=362821"}],"version-history":[{"count":0,"href":"https:\/\/www.europesays.com\/fr\/wp-json\/wp\/v2\/posts\/362821\/revisions"}],"wp:featuredmedia":[{"embeddable":true,"href":"https:\/\/www.europesays.com\/fr\/wp-json\/wp\/v2\/media\/362822"}],"wp:attachment":[{"href":"https:\/\/www.europesays.com\/fr\/wp-json\/wp\/v2\/media?parent=362821"}],"wp:term":[{"taxonomy":"category","embeddable":true,"href":"https:\/\/www.europesays.com\/fr\/wp-json\/wp\/v2\/categories?post=362821"},{"taxonomy":"post_tag","embeddable":true,"href":"https:\/\/www.europesays.com\/fr\/wp-json\/wp\/v2\/tags?post=362821"}],"curies":[{"name":"wp","href":"https:\/\/api.w.org\/{rel}","templated":true}]}}