{"id":362823,"date":"2025-09-03T08:33:11","date_gmt":"2025-09-03T08:33:11","guid":{"rendered":"https:\/\/www.europesays.com\/fr\/362823\/"},"modified":"2025-09-03T08:33:11","modified_gmt":"2025-09-03T08:33:11","slug":"lespagne-et-le-royaume-uni-renforcent-leurs-liens-grace-a-un-nouvel-accord-strategique","status":"publish","type":"post","link":"https:\/\/www.europesays.com\/fr\/362823\/","title":{"rendered":"L&rsquo;Espagne et le Royaume-Uni renforcent leurs liens gr\u00e2ce \u00e0 un nouvel accord strat\u00e9gique"},"content":{"rendered":"<p>Le Premier ministre espagnol Pedro S\u00e1nchez est en d\u00e9placement \u00e0 Londres mercredi 3 septembre pour sa premi\u00e8re r\u00e9union bilat\u00e9rale avec son homologue britannique Keir Starmer.<\/p>\n<p>L\u2019\u00e9conomie sera en t\u00eate de l\u2019ordre du jour, les deux dirigeants devant signer un \u00ab\u2009accord strat\u00e9gique\u2009\u00bb \u2014 le premier du genre depuis le Brexit \u2014 couvrant le commerce, le climat, la migration et l\u2019investissement.<\/p>\n<p>Les ministres de l\u2019\u00c9conomie Carlos Cuerpo et Rachel Reeves participeront \u00e9galement \u00e0 un forum d\u2019affaires de haut niveau visant \u00e0 renforcer les liens avec le Royaume-Uni, l\u2019un des principaux <a href=\"https:\/\/www.lamoncloa.gob.es\/lang\/en\/gobierno\/news\/paginas\/2024\/20240320-foreign-investment.aspx\" rel=\"nofollow noopener\" target=\"_blank\">investisseurs \u00e9trangers <\/a>de l\u2019Espagne.<\/p>\n<p>Cette r\u00e9union intervient deux mois apr\u00e8s que Madrid, Londres et Bruxelles <a href=\"https:\/\/www.euractiv.fr\/section\/politics\/news\/frontiere-gibraltar-espagne-le-dernier-mur-deurope-occidentale-disparaitra-en-2026\/\" target=\"_blank\" rel=\"noopener nofollow\">ont n\u00e9goci\u00e9<\/a> un accord historique sur le statut de Gibraltar apr\u00e8s le Brexit. Cet accord pr\u00e9voit la suppression de la fronti\u00e8re physique d\u2019ici 2026, l\u2019\u00e9limination des contr\u00f4les des marchandises entre les territoires et le renforcement du commerce, de la s\u00e9curit\u00e9 et de la coop\u00e9ration fiscale entre l\u2019UE, l\u2019Espagne et Gibraltar.<\/p>\n<p>Des sources proches des n\u00e9gociations ont rapport\u00e9 qu\u2019un projet d\u2019accord serait publi\u00e9 en octobre, le texte final \u00e9tant attendu pour le mois de d\u00e9cembre.<\/p>\n","protected":false},"excerpt":{"rendered":"Le Premier ministre espagnol Pedro S\u00e1nchez est en d\u00e9placement \u00e0 Londres mercredi 3 septembre pour sa premi\u00e8re r\u00e9union&hellip;\n","protected":false},"author":2,"featured_media":362824,"comment_status":"","ping_status":"","sticky":false,"template":"","format":"standard","meta":{"footnotes":""},"categories":[1588],"tags":[11,1777,674,12,473,1853,1851,1850,1852],"class_list":{"0":"post-362823","1":"post","2":"type-post","3":"status-publish","4":"format-standard","5":"has-post-thumbnail","7":"category-royaume-uni","8":"tag-actualites","9":"tag-eu","10":"tag-europe","11":"tag-news","12":"tag-royaume-uni","13":"tag-royaume-uni-de-grande-bretagne-et-dirlande-du-nord","14":"tag-uk","15":"tag-united-kingdom","16":"tag-united-kingdom-of-great-britain-and-northern-ireland"},"share_on_mastodon":{"url":"https:\/\/pubeurope.com\/@fr\/115139444947675340","error":""},"_links":{"self":[{"href":"https:\/\/www.europesays.com\/fr\/wp-json\/wp\/v2\/posts\/362823","targetHints":{"allow":["GET"]}}],"collection":[{"href":"https:\/\/www.europesays.com\/fr\/wp-json\/wp\/v2\/posts"}],"about":[{"href":"https:\/\/www.europesays.com\/fr\/wp-json\/wp\/v2\/types\/post"}],"author":[{"embeddable":true,"href":"https:\/\/www.europesays.com\/fr\/wp-json\/wp\/v2\/users\/2"}],"replies":[{"embeddable":true,"href":"https:\/\/www.europesays.com\/fr\/wp-json\/wp\/v2\/comments?post=362823"}],"version-history":[{"count":0,"href":"https:\/\/www.europesays.com\/fr\/wp-json\/wp\/v2\/posts\/362823\/revisions"}],"wp:featuredmedia":[{"embeddable":true,"href":"https:\/\/www.europesays.com\/fr\/wp-json\/wp\/v2\/media\/362824"}],"wp:attachment":[{"href":"https:\/\/www.europesays.com\/fr\/wp-json\/wp\/v2\/media?parent=362823"}],"wp:term":[{"taxonomy":"category","embeddable":true,"href":"https:\/\/www.europesays.com\/fr\/wp-json\/wp\/v2\/categories?post=362823"},{"taxonomy":"post_tag","embeddable":true,"href":"https:\/\/www.europesays.com\/fr\/wp-json\/wp\/v2\/tags?post=362823"}],"curies":[{"name":"wp","href":"https:\/\/api.w.org\/{rel}","templated":true}]}}