{"id":362825,"date":"2025-09-03T08:34:18","date_gmt":"2025-09-03T08:34:18","guid":{"rendered":"https:\/\/www.europesays.com\/fr\/362825\/"},"modified":"2025-09-03T08:34:18","modified_gmt":"2025-09-03T08:34:18","slug":"allemagne-pmi-lactivite-des-services-se-contracte-a-nouveau-en-aout-03-09-2025-a-1022","status":"publish","type":"post","link":"https:\/\/www.europesays.com\/fr\/362825\/","title":{"rendered":"Allemagne\/PMI-L&rsquo;activit\u00e9 des services se contracte \u00e0 nouveau en ao\u00fbt &#8211; 03\/09\/2025 \u00e0 10:22"},"content":{"rendered":"<p>\n L&rsquo;activit\u00e9 du secteur<br \/>\nallemand des services s&rsquo;est l\u00e9g\u00e8rement contract\u00e9e en ao\u00fbt apr\u00e8s<br \/>\nune expansion marginale en juillet, les nouvelles affaires<br \/>\ns&rsquo;\u00e9tant \u00e0 nouveau contract\u00e9es, selon une enqu\u00eate aupr\u00e8s des<br \/>\ndirecteurs d&rsquo;achat publi\u00e9e mercredi.\n<\/p>\n<p>\n L&rsquo;indice PMI HCOB pour les services est tomb\u00e9 \u00e0 49,3 en<br \/>\nao\u00fbt, contre 50,6 en juillet, montre l&rsquo;enqu\u00eate.\n<\/p>\n<p>\n Toute valeur inf\u00e9rieure \u00e0 50 indique une baisse de<br \/>\nl&rsquo;activit\u00e9 globale, tandis qu&rsquo;une valeur sup\u00e9rieure \u00e0 50 indique<br \/>\nune croissance.\n<\/p>\n<p>\n La contraction enregistr\u00e9e au mois d&rsquo;ao\u00fbt a \u00e9t\u00e9 attribu\u00e9e \u00e0<br \/>\nla baisse des nouvelles affaires et \u00e0 la stagnation des<br \/>\nembauches, la fragilit\u00e9 de la demande et l&rsquo;incertitude des<br \/>\nclients \u00e9tant \u00e9galement cit\u00e9es comme facteurs contribuant \u00e0 la<br \/>\nbaisse de l&rsquo;activit\u00e9.\n<\/p>\n<p>\n \u00ab\u00a0Par rapport au mois pr\u00e9c\u00e9dent, les hausses de prix ont \u00e9t\u00e9<br \/>\nsensiblement plus fortes\u00a0\u00bb, a d\u00e9clar\u00e9 Cyrus de la Rubia,<br \/>\n\u00e9conomiste en chef \u00e0 la Hamburg Commercial Bank AG.\n<\/p>\n<p>\n \u00ab\u00a0Le pouvoir de fixation des prix relativement solide sugg\u00e8re<br \/>\nque les entreprises ne sont pas encore dans une situation<br \/>\ncritique\u00a0\u00bb, a-t-il ajout\u00e9.\n<\/p>\n<p>\n Malgr\u00e9 la nouvelle contraction de l&rsquo;activit\u00e9, les pr\u00e9visions<br \/>\ndes entreprises sont rest\u00e9es stables, alors qu&rsquo;elles se disent<br \/>\noptimistes quant \u00e0 leurs perspectives de croissance.\n<\/p>\n<p>\n Environ 30% des entreprises interrog\u00e9es anticipent une<br \/>\naugmentation de leur activit\u00e9 au cours de l&rsquo;ann\u00e9e prochaine,<br \/>\nsous l&rsquo;effet de facteurs tels que les nouveaux produits et les<br \/>\ninvestissements.\n<\/p>\n<p>\n L&rsquo;enqu\u00eate a toutefois mis en \u00e9vidence une baisse des<br \/>\nnouvelles exportations, en partie due \u00e0 une demande plus faible<br \/>\ndes march\u00e9s europ\u00e9ens, tandis que les niveaux d&#8217;emploi ont<br \/>\nstagn\u00e9 apr\u00e8s une s\u00e9rie de sept mois de cr\u00e9ation d&#8217;emplois.\n<\/p>\n<p>\n L&rsquo;indice PMI composite, qui comprend \u00e0 la fois les services<br \/>\net l&rsquo;industrie manufacturi\u00e8re, est quant \u00e0 lui rest\u00e9 stable \u00e0<br \/>\n50,5 en ao\u00fbt, sugg\u00e9rant une croissance marginale de l&rsquo;activit\u00e9<br \/>\ncommerciale.\n<\/p>\n<p>\n (R\u00e9dig\u00e9 par Rachel More ; version fran\u00e7aise Diana Mandia, \u00e9dit\u00e9<br \/>\npar Blandine H\u00e9nault)<\/p>\n","protected":false},"excerpt":{"rendered":"L&rsquo;activit\u00e9 du secteur allemand des services s&rsquo;est l\u00e9g\u00e8rement contract\u00e9e en ao\u00fbt apr\u00e8s une expansion marginale en juillet, les&hellip;\n","protected":false},"author":2,"featured_media":17400,"comment_status":"","ping_status":"","sticky":false,"template":"","format":"standard","meta":{"footnotes":""},"categories":[1587],"tags":[400,11,672,398,408,1804,405,1805,1803,1777,674,1801,403,402,399,404,12,1802,401,406,407],"class_list":{"0":"post-362825","1":"post","2":"type-post","3":"status-publish","4":"format-standard","5":"has-post-thumbnail","7":"category-allemagne","8":"tag-action-cac-40","9":"tag-actualites","10":"tag-allemagne","11":"tag-bourse-de-paris","12":"tag-boursorama","13":"tag-bundesrepublik-deutschland","14":"tag-cotations","15":"tag-de","16":"tag-deutschland","17":"tag-eu","18":"tag-europe","19":"tag-germany","20":"tag-indices-devises","21":"tag-investir","22":"tag-investissement","23":"tag-marche-boursier","24":"tag-news","25":"tag-republique-federale-dallemagne","26":"tag-sicav","27":"tag-trackers","28":"tag-warrants"},"share_on_mastodon":{"url":"https:\/\/pubeurope.com\/@fr\/115139449118437411","error":""},"_links":{"self":[{"href":"https:\/\/www.europesays.com\/fr\/wp-json\/wp\/v2\/posts\/362825","targetHints":{"allow":["GET"]}}],"collection":[{"href":"https:\/\/www.europesays.com\/fr\/wp-json\/wp\/v2\/posts"}],"about":[{"href":"https:\/\/www.europesays.com\/fr\/wp-json\/wp\/v2\/types\/post"}],"author":[{"embeddable":true,"href":"https:\/\/www.europesays.com\/fr\/wp-json\/wp\/v2\/users\/2"}],"replies":[{"embeddable":true,"href":"https:\/\/www.europesays.com\/fr\/wp-json\/wp\/v2\/comments?post=362825"}],"version-history":[{"count":0,"href":"https:\/\/www.europesays.com\/fr\/wp-json\/wp\/v2\/posts\/362825\/revisions"}],"wp:featuredmedia":[{"embeddable":true,"href":"https:\/\/www.europesays.com\/fr\/wp-json\/wp\/v2\/media\/17400"}],"wp:attachment":[{"href":"https:\/\/www.europesays.com\/fr\/wp-json\/wp\/v2\/media?parent=362825"}],"wp:term":[{"taxonomy":"category","embeddable":true,"href":"https:\/\/www.europesays.com\/fr\/wp-json\/wp\/v2\/categories?post=362825"},{"taxonomy":"post_tag","embeddable":true,"href":"https:\/\/www.europesays.com\/fr\/wp-json\/wp\/v2\/tags?post=362825"}],"curies":[{"name":"wp","href":"https:\/\/api.w.org\/{rel}","templated":true}]}}