{"id":362826,"date":"2025-09-03T08:35:12","date_gmt":"2025-09-03T08:35:12","guid":{"rendered":"https:\/\/www.europesays.com\/fr\/362826\/"},"modified":"2025-09-03T08:35:12","modified_gmt":"2025-09-03T08:35:12","slug":"qantas-nomme-darsh-chapman-a-la-tete-de-sa-region-europe-moyen-orient-et-afrique","status":"publish","type":"post","link":"https:\/\/www.europesays.com\/fr\/362826\/","title":{"rendered":"Qantas nomme Darsh Chapman \u00e0 la t\u00eate de sa r\u00e9gion Europe, Moyen-Orient et Afrique"},"content":{"rendered":"<p>\t\t\t\t <a href=\"https:\/\/www.tourmag.com\/javascript:void(0)\" rel=\"https:\/\/www.europesays.com\/fr\/wp-content\/uploads\/2025\/09\/90872147-63999312.jpg&amp;ibox noopener\" title=\"Qantas a nomm\u00e9 Darsh Chapman au poste de directrice r\u00e9gionale pour le Royaume-Uni, l\u2019Europe, le Moyen-Orient et l\u2019Afrique - Photo : Qantas\" target=\"_blank\"><img decoding=\"async\" class=\"responsive\" style=\"display:none\" src=\"https:\/\/www.europesays.com\/fr\/wp-content\/uploads\/2025\/09\/90872147-63999312.jpg\" alt=\"Qantas a nomm\u00e9 Darsh Chapman au poste de directrice r\u00e9gionale pour le Royaume-Uni, l\u2019Europe, le Moyen-Orient et l\u2019Afrique - Photo : Qantas\" title=\"Qantas a nomm\u00e9 Darsh Chapman au poste de directrice r\u00e9gionale pour le Royaume-Uni, l\u2019Europe, le Moyen-Orient et l\u2019Afrique - Photo : Qantas\" \/><br \/>\n<img decoding=\"async\" class=\"not-responsive\" src=\"https:\/\/www.europesays.com\/fr\/wp-content\/uploads\/2025\/09\/1756888512_120_90872147-63999312.jpg\" alt=\"Qantas a nomm\u00e9 Darsh Chapman au poste de directrice r\u00e9gionale pour le Royaume-Uni, l\u2019Europe, le Moyen-Orient et l\u2019Afrique - Photo : Qantas\" title=\"Qantas a nomm\u00e9 Darsh Chapman au poste de directrice r\u00e9gionale pour le Royaume-Uni, l\u2019Europe, le Moyen-Orient et l\u2019Afrique - Photo : Qantas\" width=\"672\" \/><\/a><\/p>\n<p>\n\t\t\t\t\t Qantas a nomm\u00e9 Darsh Chapman au poste de directrice r\u00e9gionale pour le Royaume-Uni, l\u2019Europe, le Moyen-Orient et l\u2019Afrique &#8211; Photo : Qantas\n\t\t\t\t <\/p>\n<p>\t\t\t\t\t Le 5 ao\u00fbt 2025, Qantas a officialis\u00e9 la nomination de <a class=\"liens\" href=\"https:\/\/www.linkedin.com\/in\/darsh-chapman-8685a723\/?originalSubdomain=au\" target=\"_blank\" rel=\"noopener\">Darsh Chapman<\/a> au poste de directrice r\u00e9gionale pour le Royaume-Uni, l\u2019Europe, le Moyen-Orient et l\u2019Afrique, avec <b>prise de fonction imm\u00e9diate<\/b>. <\/p>\n<p>Bas\u00e9e \u00e0 <a class=\"liens\" href=\"https:\/\/www.tourmag.com\/Que-faire-a-Londres-Les-incontournables_a119893.html\" target=\"_blank\" rel=\"noopener\">Londres,<\/a> elle succ\u00e8de \u00e0 Georgia Blackburn, qui a dirig\u00e9 la r\u00e9gion pendant trois ans.&#13;\t\t\t\t\t <\/p>\n<p>Darsh Chapman dispose d&rsquo;une solide exp\u00e9rience, acquise notamment \u00e0 la direction de la fonction <b>Global Airports de Qantas<\/b> depuis 2021, ainsi que dans ses pr\u00e9c\u00e9dents postes au sein de l\u2019\u00e9quipe Ventes et Distribution de la compagnie. &#13;\t\t\t\t\t <\/p>\n<p>Son profil allie expertise op\u00e9rationnelle et comp\u00e9tences commerciales, un atout pour <b>le d\u00e9veloppement de la compagnie<\/b> dans ces march\u00e9s cl\u00e9s.\n\t\t\t\t <\/p>\n","protected":false},"excerpt":{"rendered":"Qantas a nomm\u00e9 Darsh Chapman au poste de directrice r\u00e9gionale pour le Royaume-Uni, l\u2019Europe, le Moyen-Orient et l\u2019Afrique&hellip;\n","protected":false},"author":2,"featured_media":362827,"comment_status":"","ping_status":"","sticky":false,"template":"","format":"standard","meta":{"footnotes":""},"categories":[1586],"tags":[11,1777,674,1011,27,12,37941,25],"class_list":{"0":"post-362826","1":"post","2":"type-post","3":"status-publish","4":"format-standard","5":"has-post-thumbnail","7":"category-europe","8":"tag-actualites","9":"tag-eu","10":"tag-europe","11":"tag-fr","12":"tag-france","13":"tag-news","14":"tag-qantas","15":"tag-republique-francaise"},"share_on_mastodon":{"url":"https:\/\/pubeurope.com\/@fr\/115139453376617195","error":""},"_links":{"self":[{"href":"https:\/\/www.europesays.com\/fr\/wp-json\/wp\/v2\/posts\/362826","targetHints":{"allow":["GET"]}}],"collection":[{"href":"https:\/\/www.europesays.com\/fr\/wp-json\/wp\/v2\/posts"}],"about":[{"href":"https:\/\/www.europesays.com\/fr\/wp-json\/wp\/v2\/types\/post"}],"author":[{"embeddable":true,"href":"https:\/\/www.europesays.com\/fr\/wp-json\/wp\/v2\/users\/2"}],"replies":[{"embeddable":true,"href":"https:\/\/www.europesays.com\/fr\/wp-json\/wp\/v2\/comments?post=362826"}],"version-history":[{"count":0,"href":"https:\/\/www.europesays.com\/fr\/wp-json\/wp\/v2\/posts\/362826\/revisions"}],"wp:featuredmedia":[{"embeddable":true,"href":"https:\/\/www.europesays.com\/fr\/wp-json\/wp\/v2\/media\/362827"}],"wp:attachment":[{"href":"https:\/\/www.europesays.com\/fr\/wp-json\/wp\/v2\/media?parent=362826"}],"wp:term":[{"taxonomy":"category","embeddable":true,"href":"https:\/\/www.europesays.com\/fr\/wp-json\/wp\/v2\/categories?post=362826"},{"taxonomy":"post_tag","embeddable":true,"href":"https:\/\/www.europesays.com\/fr\/wp-json\/wp\/v2\/tags?post=362826"}],"curies":[{"name":"wp","href":"https:\/\/api.w.org\/{rel}","templated":true}]}}