{"id":362828,"date":"2025-09-03T08:36:31","date_gmt":"2025-09-03T08:36:31","guid":{"rendered":"https:\/\/www.europesays.com\/fr\/362828\/"},"modified":"2025-09-03T08:36:31","modified_gmt":"2025-09-03T08:36:31","slug":"sans-les-policiers-il-y-aurait-eu-dautres-victimes","status":"publish","type":"post","link":"https:\/\/www.europesays.com\/fr\/362828\/","title":{"rendered":"Sans les policiers, il y aurait eu d&rsquo;autres victimes"},"content":{"rendered":"<p>Cinq personnes ont \u00e9t\u00e9 bless\u00e9es dont une gravement en plein centre de Marseille mardi par un homme muni de deux couteaux et d&rsquo;une matraque, qui venait d&rsquo;\u00eatre expuls\u00e9 de son h\u00f4tel et a \u00e9t\u00e9 tu\u00e9 par des policiers.<\/p>\n<p>\u00ab\u00a0Un homme de nationalit\u00e9 tunisienne, en situation r\u00e9guli\u00e8re, s&rsquo;\u00e9tait fait expulser de l&rsquo;h\u00f4tel dans lequel il logeait dans le quartier de Belsunce, parce qu&rsquo;il ne payait pas son loyer\u00a0\u00bb, a expliqu\u00e9 <a href=\"https:\/\/maritima.fr\/actualites\/faits-divers\/marseille\/8691\/attaque-au-couteau-a-marseille-ce-que-lon-sait-du-deroule-des-evenements\" target=\"_blank\" rel=\"noopener\">le procureur Nicolas Bessone, lors d&rsquo;un point presse<\/a>.<\/p>\n<p>\u00ab\u00a0Il aurait, selon des t\u00e9moins, prononc\u00e9 diverses paroles religieuses et confuses lors de son p\u00e9riple\u00a0\u00bb, selon une source judiciaire. \u00ab\u00a0Les \u00e9l\u00e9ments recueillis lors des premiers \u00e9l\u00e9ments de l&rsquo;enqu\u00eate ne sont pas de nature \u00e0 fonder la comp\u00e9tence du parquet national antiterroriste (Pnat)\u00a0\u00bb, a ajout\u00e9 cette source.<\/p>\n<p>A 14H45, ce Tunisien de 35 ans en situation r\u00e9guli\u00e8re, revient dans cet h\u00f4tel, monte au premier \u00e9tage dans la chambre qu&rsquo;il a occup\u00e9e et porte alors un coup de couteau au flanc d&rsquo;un occupant. Touch\u00e9e au thorax, il se trouvait en fin d&rsquo;apr\u00e8s-midi \u00ab\u00a0dans un \u00e9tat critique\u00a0\u00bb, selon le procureur.<\/p>\n<p>Il porte ensuite<a href=\"https:\/\/maritima.fr\/actualites\/faits-divers\/marseille\/8690\/marseille-plusieurs-blesses-dans-une-attaque-au-couteau-lassaillant-tue-par-les-policiers\" target=\"_blank\" rel=\"noopener\"> plusieurs coups de couteau au g\u00e9rant de l&rsquo;h\u00f4tel<\/a>, avant de le poursuivre dans la rue o\u00f9 il s&rsquo;enfuyait avec son fils. Il poignarde alors ce dernier \u00ab\u00a0au niveau du dos\u00a0\u00bb.<\/p>\n<p>Le g\u00e9rant de l&rsquo;h\u00f4tel et son fils, \u00ab\u00a0en urgence relative\u00a0\u00bb selon le procureur, sont tr\u00e8s certainement \u00ab\u00a0d\u00e9finitivement sauv\u00e9s\u00a0\u00bb, a assur\u00e9 dans la soir\u00e9e le ministre de l&rsquo;Int\u00e9rieur Bruno Retailleau, venu sur place.<\/p>\n<p>L&rsquo;homme se rend ensuite cours Belsunce, une art\u00e8re tr\u00e8s fr\u00e9quent\u00e9e et commer\u00e7ante du centre-ville, \u00ab\u00a0dans un snack situ\u00e9 \u00e0 proximit\u00e9 o\u00f9 il y a le patron et un certain nombre d&#8217;employ\u00e9s\u00a0\u00bb de l&rsquo;h\u00f4tel, situ\u00e9 quelques rues plus loin. Dans ce restaurant, il essaie alors de blesser d&rsquo;autres personnes.<\/p>\n<p>Chass\u00e9 du snack, il va ensuite poursuivre son \u00ab\u00a0p\u00e9riple criminel\u00a0\u00bb et \u00ab\u00a0il semblerait qu&rsquo;\u00e0 l&rsquo;aveugle, gratuitement il tente de porter des coups \u00e0 des personnes pr\u00e9sentes et notamment deux personnes vont \u00eatre bless\u00e9es au niveau facial en recevant des coups de matraque puisqu&rsquo;il \u00e9tait porteur de deux couteaux mais \u00e9galement d&rsquo;une matraque\u00a0\u00bb, d\u00e9taille Nicolas Bessone.<\/p>\n<p>\u00a0<\/p>\n<p>\u00ab\u00a0Patrouille au bon endroit\u00a0\u00bb<\/p>\n<p>\u00a0<\/p>\n<p>Une patrouille de police circulant \u00e0 Belsunce intervient ensuite : les policiers \u00ab\u00a0vont lui demander de jeter ses armes, il n&rsquo;obtemp\u00e8re pas et ils vont faire usage de leurs armes, que ce soit du taser ou de leur pistolet automatique et ils vont le neutraliser\u00a0\u00bb, d\u00e9taille le procureur.<\/p>\n<p>Selon Bruno Retailleau, il s&rsquo;agissait pr\u00e9cis\u00e9ment d&rsquo;une patrouille de la police aux fronti\u00e8res (Paf) qui \u00e9tait \u00ab\u00a0l\u00e0 dans le cadre de patrouille pour lutter contre l&rsquo;immigration irr\u00e9guli\u00e8re, \u00e7a fait partie des consignes que j&rsquo;ai donn\u00e9 aux pr\u00e9fets (&#8230;) et sans eux je peux vous assurer qu&rsquo;il y aurait eu d&rsquo;autres victimes\u00a0\u00bb. \u00ab\u00a0C&rsquo;\u00e9tait la bonne patrouille au bon moment et au bon endroit\u00a0\u00bb, a salu\u00e9 le ministre.<\/p>\n<p>L&rsquo;homme d\u00e9c\u00e8dera avant 15H30 malgr\u00e9 les tentatives de r\u00e9animation.<\/p>\n<p>L&rsquo;enqu\u00eate est en cours et la police des polices, l&rsquo;IGPN, a aussi \u00e9t\u00e9 saisie.<\/p>\n<p>L&rsquo;assaillant, porteur d&rsquo;une carte de s\u00e9jour expirant en 2032, avait des ant\u00e9c\u00e9dents judiciaires et fin ao\u00fbt il avait \u00e9t\u00e9 vis\u00e9 par un article 40 du pr\u00e9fet de l&rsquo;H\u00e9rault pour des propos antis\u00e9mites, selon le ministre.<\/p>\n<p>Dans une vid\u00e9o publi\u00e9e sur TikTok par une utilisatrice anonyme, on peut voir un individu muni de deux couteaux qui recule, tenu en joue par quatre policiers en civil avec des pistolets. Apr\u00e8s une vingtaine de secondes, il saute dans la direction des forces de l\u2019ordre et est alors neutralis\u00e9 par les tirs des policiers. On entend sept coups de feu.<\/p>\n<p>Un habitant du quartier a racont\u00e9 aux journalistes de l&rsquo;AFP que la police \u00e9tait arriv\u00e9e \u00ab\u00a0tr\u00e8s vite\u00a0\u00bb. \u00ab\u00a0Ils ont essay\u00e9 de l\u2019arr\u00eater devant un fast food et l\u00e0 l&rsquo;homme a essay\u00e9 d&rsquo;attaquer un policier au couteau. Le policier a cri\u00e9 +arr\u00eate-toi, arr\u00eate-toi+\u00a0\u00bb, a-t-il ajout\u00e9.<\/p>\n<p>\u00ab\u00a0Quand parfois j&rsquo;ai cr\u00e9\u00e9 la pol\u00e9mique, pour indiquer que parfois l&rsquo;immigration n&rsquo;\u00e9tait pas dans toutes les conditions n\u00e9cessairement une chance, il y a des parcours qui sont des bons parcours, mais on doit faire tr\u00e8s attention \u00e0 ceux et celles qu&rsquo;on accueille\u00a0\u00bb, a ajout\u00e9 Bruno Retailleau (LR), fid\u00e8le \u00e0 sa ligne.<\/p>\n<p>Le maire divers gauche Beno\u00eet Payan a de son c\u00f4t\u00e9 redit qu&rsquo;il \u00ab\u00a0manque toujours des effectifs de police\u00a0\u00bb dans la 2e ville de France.<\/p>\n<p>\u00a0<\/p>\n<p>\u00a9 Agence France-Presse (par P. Cassedanne et J. Pacorel)\u00a0<\/p>\n","protected":false},"excerpt":{"rendered":"Cinq personnes ont \u00e9t\u00e9 bless\u00e9es dont une gravement en plein centre de Marseille mardi par un homme muni&hellip;\n","protected":false},"author":2,"featured_media":362829,"comment_status":"","ping_status":"","sticky":false,"template":"","format":"standard","meta":{"footnotes":""},"categories":[1586],"tags":[11,834,5264,1777,674,1779,1011,27,884,12,25,1778,364],"class_list":{"0":"post-362828","1":"post","2":"type-post","3":"status-publish","4":"format-standard","5":"has-post-thumbnail","7":"category-europe","8":"tag-actualites","9":"tag-attaque","10":"tag-couteau","11":"tag-eu","12":"tag-europe","13":"tag-european-union","14":"tag-fr","15":"tag-france","16":"tag-marseille","17":"tag-news","18":"tag-republique-francaise","19":"tag-ue","20":"tag-union-europeenne"},"share_on_mastodon":{"url":"https:\/\/pubeurope.com\/@fr\/115139456851629342","error":""},"_links":{"self":[{"href":"https:\/\/www.europesays.com\/fr\/wp-json\/wp\/v2\/posts\/362828","targetHints":{"allow":["GET"]}}],"collection":[{"href":"https:\/\/www.europesays.com\/fr\/wp-json\/wp\/v2\/posts"}],"about":[{"href":"https:\/\/www.europesays.com\/fr\/wp-json\/wp\/v2\/types\/post"}],"author":[{"embeddable":true,"href":"https:\/\/www.europesays.com\/fr\/wp-json\/wp\/v2\/users\/2"}],"replies":[{"embeddable":true,"href":"https:\/\/www.europesays.com\/fr\/wp-json\/wp\/v2\/comments?post=362828"}],"version-history":[{"count":0,"href":"https:\/\/www.europesays.com\/fr\/wp-json\/wp\/v2\/posts\/362828\/revisions"}],"wp:featuredmedia":[{"embeddable":true,"href":"https:\/\/www.europesays.com\/fr\/wp-json\/wp\/v2\/media\/362829"}],"wp:attachment":[{"href":"https:\/\/www.europesays.com\/fr\/wp-json\/wp\/v2\/media?parent=362828"}],"wp:term":[{"taxonomy":"category","embeddable":true,"href":"https:\/\/www.europesays.com\/fr\/wp-json\/wp\/v2\/categories?post=362828"},{"taxonomy":"post_tag","embeddable":true,"href":"https:\/\/www.europesays.com\/fr\/wp-json\/wp\/v2\/tags?post=362828"}],"curies":[{"name":"wp","href":"https:\/\/api.w.org\/{rel}","templated":true}]}}