{"id":362832,"date":"2025-09-03T08:38:13","date_gmt":"2025-09-03T08:38:13","guid":{"rendered":"https:\/\/www.europesays.com\/fr\/362832\/"},"modified":"2025-09-03T08:38:13","modified_gmt":"2025-09-03T08:38:13","slug":"nicolas-sarkozy-adoube-le-rassemblement-national-mediapart","status":"publish","type":"post","link":"https:\/\/www.europesays.com\/fr\/362832\/","title":{"rendered":"Nicolas Sarkozy adoube le Rassemblement national &#8211; Mediapart"},"content":{"rendered":"<ol>\n<li><a href=\"https:\/\/news.google.com\/rss\/articles\/CBMinwFBVV95cUxNQU00Rm94dy1iVUNKLWZzZm1qYkVCTl9BU2FXUWpHYWJZVlNaUjdVOXJ2S0hmaENRXzhtSW1OQUl3REpXX2NTSW9tM1FTcHFtMFRsLVlkWkxCNTM0Q1BpblRaaWNTRHhPTWhvZzhqNFBqeUNUTGljbjc4c010cUJad3FZQXZYVG9HMFQtd2dkTU1hVVBQU1RjbENhMnZHNVE?oc=5\" target=\"_blank\" rel=\"noopener\">Nicolas Sarkozy adoube le Rassemblement national<\/a>&nbsp;&nbsp;Mediapart<\/li>\n<li><a href=\"https:\/\/news.google.com\/rss\/articles\/CBMivAFBVV95cUxPSjZMMkt1Nl8xbzBDMmgxLWVnZTU4RVZHSDg2QWlLTi1UQzdPcFhMLXNNcEdQQ05zUUlKNWJ1Q3BDUVk1OE9YU2VUUHoyYWxwWEwwUlFXMHVFN3J5eTZsR29ocHNWMDMxZVNfdHNubmVyTURXT1RqejZzakNXNmtRUzZ2NHRnSEh3NzV5ZmttR2pfZWxBTmpNamZiNUU4UWRBSWJucll2WkRXOV9XZHk4d25jMDdfX2dJTkxZTg?oc=5\" target=\"_blank\" rel=\"noopener\">Nicolas Sarkozy au Figaro : \u00abIl n\u2019y aura pas d\u2019autre solution que la dissolution\u00bb<\/a>&nbsp;&nbsp;Le Figaro<\/li>\n<li><a href=\"https:\/\/news.google.com\/rss\/articles\/CBMitAFBVV95cUxPek9DZjJUZ2ZJOHNXb0M0dWZRWVFYdFdOT3ZLLVdtVExoc3BYWXF3NFJJWXRLV2NsbFBnaUZMSHJVRE5QeDA2cXF0ZVRGWDEycVdMbzdTdWpIbVhzWGpjeTZ6Ym9tZUJZVzlQTjQ5a1VNdWlja2EyejFaZXJvU1BWQzl5MU1zRXpIYWtSSFN0ZUh2YXhfVU9fVGVHYmwwdmQzdGlDNTVmZHlqeUZsYXZuQ0lSRkTSAboBQVVfeXFMUDZYVGIyWFBiR1pMUmNUWHBJMmx3UXhFQXQ3UGpmMXVtb1hPcE1INVE0MWFJcjEzaTVmZGFkSGh3dm9PQzB0dGxRN0FnTmlfdzlqMkpERmtvRmpNbzdIbzMzdDROMVRVWEJ5RzBfUXBfZXRNdlM5NFJva3Rjc296aWh6QnUzSnNiSTJJVV9VelpsaU5WLXpfVFNMcXdLd1NjbGxzMjR5ZktuSlVSdEFuaFR1aUVrWDZFTk1R?oc=5\" target=\"_blank\" rel=\"noopener\">Vote de confiance : Fran\u00e7ois Bayrou se dit \u00abpr\u00eat\u00bb \u00e0 renoncer \u00e0 supprimer deux jours f\u00e9ri\u00e9s en cas de solution alternative<\/a>&nbsp;&nbsp;CNews<\/li>\n<li><a href=\"https:\/\/news.google.com\/rss\/articles\/CBMijwJBVV95cUxPWFhiLWV1dmhqMjUtZjFqT3NOVlpJZFhSQ2dZTnJOQTVpR2lmbmFTS3J0MWNsUnZmamxnYVQ1Q2hoVml1M1lfakNGQUlocVNMUFhSYjkwQmRwLVQ3LTViUnY0a3FaN2hMX1l0NTFuLTMtRWRIS0xGWFVzZHMtLWEwallCenVuUTRSanh2VWdaSXJLNmZiSl9ldjFXeEV2c1Z0TjJvcGl2MW5YRzVfOVlrNEpad1ByblRwYnYxSGVfbGxTMVNUYnQtZm5PZDFnbVFOU2ZPYlN4OEkyS1RtQUd4ZEZXbktBVW1MOC1TRW9LSlJfMHgzWkloazByQjVRWlhtQXkzNDNJTi1FLXl6amZN?oc=5\" target=\"_blank\" rel=\"noopener\">Vote de confiance: Nicolas Sarkozy est \u00ab\u00a0persuad\u00e9\u00a0\u00bb qu&rsquo;Emmanuel Macron \u00ab\u00a0n&rsquo;aura pas d&rsquo;autre solution que la dissolution\u00a0\u00bb<\/a>&nbsp;&nbsp;BFMTV<\/li>\n<li><a href=\"https:\/\/news.google.com\/rss\/articles\/CBMi-AFBVV95cUxPN05fRXVWbXJrY29WZTdjZUhZdm5xMXgtQTJMRTNfOGFfa0IwVnR3S1dwUlBZcEVLS3BoRjZGS29sQVIxQ1pYWHRKVno0SFplX0ZhQXM1Uy1ZdXNHOGJ3Umo3aURzMkJRM1g3Q2tZckx3a3VIQms3Nk9hTnQzY3FjbzNuNEhuMENEaU9IRGVWczY2MFlQeHdiNGZfN1BGakd6UHk2UWxERElqcXluWG1jV1VOXzVrQ0RpMDBKTG5uamx0czV5ZnJjeWZtUktSOTllOEFLd3phQUxzeC1QbGJLT0t5OU1jbG0tR24zSlVyajEwcVVILW1nYg?oc=5\" target=\"_blank\" rel=\"noopener\">\u00c9DITO &#8211; Vote de confiance : \u00ab\u00a0Les perspectives de compromis parlementaires se r\u00e9tr\u00e9cissent \u00e0 vue d\u2019oeil\u00a0\u00bb, selon \u00c9tienne Gernelle<\/a>&nbsp;&nbsp;RTL.fr<\/li>\n<\/ol>\n","protected":false},"excerpt":{"rendered":"Nicolas Sarkozy adoube le Rassemblement national&nbsp;&nbsp;Mediapart Nicolas Sarkozy au Figaro : \u00abIl n\u2019y aura pas d\u2019autre solution que&hellip;\n","protected":false},"author":2,"featured_media":362833,"comment_status":"","ping_status":"","sticky":false,"template":"","format":"standard","meta":{"footnotes":""},"categories":[2],"tags":[11,1076,1011,27,1077,430,12,3091,25],"class_list":{"0":"post-362832","1":"post","2":"type-post","3":"status-publish","4":"format-standard","5":"has-post-thumbnail","7":"category-actualites","8":"tag-actualites","9":"tag-extreme-droite","10":"tag-fr","11":"tag-france","12":"tag-jordan-bardella","13":"tag-marine-le-pen","14":"tag-news","15":"tag-nicolas-sarkozy","16":"tag-republique-francaise"},"share_on_mastodon":{"url":"https:\/\/pubeurope.com\/@fr\/115139464747709312","error":""},"_links":{"self":[{"href":"https:\/\/www.europesays.com\/fr\/wp-json\/wp\/v2\/posts\/362832","targetHints":{"allow":["GET"]}}],"collection":[{"href":"https:\/\/www.europesays.com\/fr\/wp-json\/wp\/v2\/posts"}],"about":[{"href":"https:\/\/www.europesays.com\/fr\/wp-json\/wp\/v2\/types\/post"}],"author":[{"embeddable":true,"href":"https:\/\/www.europesays.com\/fr\/wp-json\/wp\/v2\/users\/2"}],"replies":[{"embeddable":true,"href":"https:\/\/www.europesays.com\/fr\/wp-json\/wp\/v2\/comments?post=362832"}],"version-history":[{"count":0,"href":"https:\/\/www.europesays.com\/fr\/wp-json\/wp\/v2\/posts\/362832\/revisions"}],"wp:featuredmedia":[{"embeddable":true,"href":"https:\/\/www.europesays.com\/fr\/wp-json\/wp\/v2\/media\/362833"}],"wp:attachment":[{"href":"https:\/\/www.europesays.com\/fr\/wp-json\/wp\/v2\/media?parent=362832"}],"wp:term":[{"taxonomy":"category","embeddable":true,"href":"https:\/\/www.europesays.com\/fr\/wp-json\/wp\/v2\/categories?post=362832"},{"taxonomy":"post_tag","embeddable":true,"href":"https:\/\/www.europesays.com\/fr\/wp-json\/wp\/v2\/tags?post=362832"}],"curies":[{"name":"wp","href":"https:\/\/api.w.org\/{rel}","templated":true}]}}