{"id":362834,"date":"2025-09-03T08:39:11","date_gmt":"2025-09-03T08:39:11","guid":{"rendered":"https:\/\/www.europesays.com\/fr\/362834\/"},"modified":"2025-09-03T08:39:11","modified_gmt":"2025-09-03T08:39:11","slug":"vidal-sur-france-2-on-voudrait-tous-etre-soignes-par-ce-dr-house-de-genie-ultra-sympa","status":"publish","type":"post","link":"https:\/\/www.europesays.com\/fr\/362834\/","title":{"rendered":"\u00ab\u00a0Vidal\u00a0\u00bb sur France\u00a02\u00a0: on voudrait tous \u00eatre soign\u00e9s par ce \u00ab\u00a0Dr House\u00a0\u00bb de g\u00e9nie ultra-sympa"},"content":{"rendered":"<p class=\"paragraph text_align_left lp-f-body-02\">Lors de l\u2019anniversaire f\u00eat\u00e9 sur une plage de son mari, Ludivine, m\u00e8re de famille d\u2019accueil, avance soudain vers la mer, s\u2019y engouffre jusqu\u2019\u00e0 manquer de se noyer. Les crises passag\u00e8res incompr\u00e9hensibles comme celle-l\u00e0 se multiplient.<\/p>\n<p class=\"paragraph text_align_left lp-f-body-02\">Au m\u00eame moment, l\u2019\u00e9nergique Ha\u00efssa d\u00e9boule chez le docteur Victor Vidal, envoy\u00e9e par une association de r\u00e9insertion des d\u00e9tenus pour passer un entretien. Elle n\u2019y conna\u00eet rien \u00e0 la m\u00e9decine. Lui, gilet jaune canari sur chemise \u00e0 palmiers, l\u2019embauche sur-le-champ comme secr\u00e9taire, sans m\u00eame l\u2019interroger.<\/p>\n<p class=\"paragraph text_align_left lp-f-body-02\">Les cas atypiques, \u00ab Vidal \u00bb (ce mercredi, 21h10, sur <a href=\"https:\/\/www.leparisien.fr\/culture-loisirs\/france-tv\/\" target=\"_blank\" rel=\"noreferrer nofollow noopener\">France 2),<\/a> qui a fui les h\u00f4pitaux pour \u00ab \u00eatre plus libre \u00bb, les collectionne. \u00c9galement expert aupr\u00e8s des tribunaux, ce toubib se passionne pour les \u00e9nigmes m\u00e9dicales. Pas simple quand il re\u00e7oit Ludivine, qui perd la boule et pourrait perdre la garde des gamins que l\u2019Aide sociale \u00e0 l\u2019enfance lui a confi\u00e9s. Empoisonnement, schizophr\u00e9nie, comme le pense sa psy ?<\/p>\n<p>Fan de nouilles instantan\u00e9es, de karaok\u00e9 et de veste \u00e0 franges<\/p>\n<p class=\"paragraph text_align_left lp-f-body-02\">Pour Kelly, jeune Miss \u00e0 la pilosit\u00e9 envahissante apr\u00e8s avoir re\u00e7u des injections, il penche d\u2019abord pour un kyste b\u00e9nin au cerveau. Sur son grand tableau, fa\u00e7on enqu\u00eate de police, il note les hypoth\u00e8ses. Les pistes s\u2019accumulent, les points d\u2019interrogations \u00e9galement. Qu\u2019importe : il cherche, quitte \u00e0 se d\u00e9placer \u2014 souvent \u2014 chez les malades, vider un frigo \u00e0 la recherche de l\u2019origine du mal, d\u00e9bouler chez une cons\u0153ur r\u00e9tive\u2026<\/p>\n<p class=\"paragraph text_align_left lp-f-body-02\">Fan de nouilles instantan\u00e9es, de karaok\u00e9 et de veste \u00e0 franges \u2013 \u00ab ce p\u2019tit c\u00f4t\u00e9 <a href=\"https:\/\/www.leparisien.fr\/culture-loisirs\/musique\/cinq-ans-apres-la-mort-de-johnny-larmes-bougies-et-chansons-sur-sa-tombe-a-saint-barth-06-12-2022-L6RNGGHBDZFWDMFB2OCJROCCXM.php\" target=\"_blank\" rel=\"noreferrer nofollow noopener\">Johnny Hallyday<\/a> en vacances \u00e0 Saint Barth, \u00e7a va vous comme un gant \u00bb, le chambre Ha\u00efssa, toujours cash \u2013 le grand \u00e9chalas n\u2019est pas seulement excentrique. Il est brillant. Une sorte de \u00ab Dr House \u00bb (pour le g\u00e9nie) en version ultra-sympa\u2026 Mais l\u00e9g\u00e8rement \u00e0 c\u00f4t\u00e9 de la plaque dans sa vie priv\u00e9e quand sa femme, lass\u00e9e de son indisponibilit\u00e9 permanente, demande le divorce et qu\u2019il tente de la reconqu\u00e9rir avec l\u2019aide de son assistante.<\/p>\n<p>La note de la r\u00e9daction :\u00ab Vidal \u00bb, <\/p>\n<p>t\u00e9l\u00e9film fran\u00e7ais r\u00e9alis\u00e9 par B\u00e9n\u00e9dicte Delmas. (2024), avec David Kammenos, Nama Keita, Anne Suarez, C\u00e9cile Rebboah, St\u00e9phane Blancafort\u2026 (1h30).<\/p>\n","protected":false},"excerpt":{"rendered":"Lors de l\u2019anniversaire f\u00eat\u00e9 sur une plage de son mari, Ludivine, m\u00e8re de famille d\u2019accueil, avance soudain vers&hellip;\n","protected":false},"author":2,"featured_media":362835,"comment_status":"","ping_status":"","sticky":false,"template":"","format":"standard","meta":{"footnotes":""},"categories":[4],"tags":[11,872,1011,27,12,25,2205],"class_list":{"0":"post-362834","1":"post","2":"type-post","3":"status-publish","4":"format-standard","5":"has-post-thumbnail","7":"category-france","8":"tag-actualites","9":"tag-culture-et-loisirs","10":"tag-fr","11":"tag-france","12":"tag-news","13":"tag-republique-francaise","14":"tag-television-medias"},"share_on_mastodon":{"url":"https:\/\/pubeurope.com\/@fr\/115139468542810378","error":""},"_links":{"self":[{"href":"https:\/\/www.europesays.com\/fr\/wp-json\/wp\/v2\/posts\/362834","targetHints":{"allow":["GET"]}}],"collection":[{"href":"https:\/\/www.europesays.com\/fr\/wp-json\/wp\/v2\/posts"}],"about":[{"href":"https:\/\/www.europesays.com\/fr\/wp-json\/wp\/v2\/types\/post"}],"author":[{"embeddable":true,"href":"https:\/\/www.europesays.com\/fr\/wp-json\/wp\/v2\/users\/2"}],"replies":[{"embeddable":true,"href":"https:\/\/www.europesays.com\/fr\/wp-json\/wp\/v2\/comments?post=362834"}],"version-history":[{"count":0,"href":"https:\/\/www.europesays.com\/fr\/wp-json\/wp\/v2\/posts\/362834\/revisions"}],"wp:featuredmedia":[{"embeddable":true,"href":"https:\/\/www.europesays.com\/fr\/wp-json\/wp\/v2\/media\/362835"}],"wp:attachment":[{"href":"https:\/\/www.europesays.com\/fr\/wp-json\/wp\/v2\/media?parent=362834"}],"wp:term":[{"taxonomy":"category","embeddable":true,"href":"https:\/\/www.europesays.com\/fr\/wp-json\/wp\/v2\/categories?post=362834"},{"taxonomy":"post_tag","embeddable":true,"href":"https:\/\/www.europesays.com\/fr\/wp-json\/wp\/v2\/tags?post=362834"}],"curies":[{"name":"wp","href":"https:\/\/api.w.org\/{rel}","templated":true}]}}