{"id":362836,"date":"2025-09-03T08:42:23","date_gmt":"2025-09-03T08:42:23","guid":{"rendered":"https:\/\/www.europesays.com\/fr\/362836\/"},"modified":"2025-09-03T08:42:23","modified_gmt":"2025-09-03T08:42:23","slug":"une-pepite-du-stade-toulousain-pourrait-quitter-le-navire","status":"publish","type":"post","link":"https:\/\/www.europesays.com\/fr\/362836\/","title":{"rendered":"Une p\u00e9pite du Stade-Toulousain pourrait quitter le navire !"},"content":{"rendered":"<p>Il est tr\u00e8s rare que le Stade-Toulousain ne r\u00e9ussisse pas \u00e0 conserver ses p\u00e9pites au sein de son groupe.<\/p>\n<p>De mani\u00e8re g\u00e9n\u00e9rale, d\u00e8s que Toulouse entame des n\u00e9gociations avec un jeune pour le convaincre de poursuivre l\u2019aventure, le joueur concern\u00e9 s\u2019ex\u00e9cute et prolonge son bail.<\/p>\n<p>Reste \u00e0 voir si le talonneur Guillaume Cramont en fera de m\u00eame.<\/p>\n<p>Selon les informations de Rugby Scope, le jeune talonneur de serait dans le viseur des dirigeants de l\u2019Aviron Bayonnais pour les saisons \u00e0 venir.<\/p>\n<p>Et pour cause, le club Basque va voir deux de ses talonneurs arriver au terme de leurs contrats, \u00e0 savoir Vincent Giudicelli et Facundo Bosch.<\/p>\n<p>Les deux joueurs pourraient quitter Bayonne d\u00e8s la fin de la saison actuelle, d\u2019o\u00f9 la volont\u00e9 de l\u2019Aviron d\u2019entamer des n\u00e9gociations avec Guillaume Cramont.<\/p>\n<p>Face \u00e0 la forte concurrence qui r\u00e8gne \u00e0 Toulouse au poste de talonneur avec Peato Mauvaka et Julien Marchand, Guillaume Cramont va-t-il c\u00e9der aux sir\u00e8nes de l\u2019Aviron Bayonnais ?<\/p>\n<p><strong>R\u00e9ponse prochainement\u2026<\/strong><\/p>\n","protected":false},"excerpt":{"rendered":"Il est tr\u00e8s rare que le Stade-Toulousain ne r\u00e9ussisse pas \u00e0 conserver ses p\u00e9pites au sein de son&hellip;\n","protected":false},"author":2,"featured_media":218683,"comment_status":"","ping_status":"","sticky":false,"template":"","format":"standard","meta":{"footnotes":""},"categories":[1416],"tags":[1011,27,479,1468,60],"class_list":{"0":"post-362836","1":"post","2":"type-post","3":"status-publish","4":"format-standard","5":"has-post-thumbnail","7":"category-rugby","8":"tag-fr","9":"tag-france","10":"tag-rugby","11":"tag-rugby-football","12":"tag-sports"},"share_on_mastodon":{"url":"https:\/\/pubeurope.com\/@fr\/115139480420641485","error":""},"_links":{"self":[{"href":"https:\/\/www.europesays.com\/fr\/wp-json\/wp\/v2\/posts\/362836","targetHints":{"allow":["GET"]}}],"collection":[{"href":"https:\/\/www.europesays.com\/fr\/wp-json\/wp\/v2\/posts"}],"about":[{"href":"https:\/\/www.europesays.com\/fr\/wp-json\/wp\/v2\/types\/post"}],"author":[{"embeddable":true,"href":"https:\/\/www.europesays.com\/fr\/wp-json\/wp\/v2\/users\/2"}],"replies":[{"embeddable":true,"href":"https:\/\/www.europesays.com\/fr\/wp-json\/wp\/v2\/comments?post=362836"}],"version-history":[{"count":0,"href":"https:\/\/www.europesays.com\/fr\/wp-json\/wp\/v2\/posts\/362836\/revisions"}],"wp:featuredmedia":[{"embeddable":true,"href":"https:\/\/www.europesays.com\/fr\/wp-json\/wp\/v2\/media\/218683"}],"wp:attachment":[{"href":"https:\/\/www.europesays.com\/fr\/wp-json\/wp\/v2\/media?parent=362836"}],"wp:term":[{"taxonomy":"category","embeddable":true,"href":"https:\/\/www.europesays.com\/fr\/wp-json\/wp\/v2\/categories?post=362836"},{"taxonomy":"post_tag","embeddable":true,"href":"https:\/\/www.europesays.com\/fr\/wp-json\/wp\/v2\/tags?post=362836"}],"curies":[{"name":"wp","href":"https:\/\/api.w.org\/{rel}","templated":true}]}}