{"id":362837,"date":"2025-09-03T08:43:16","date_gmt":"2025-09-03T08:43:16","guid":{"rendered":"https:\/\/www.europesays.com\/fr\/362837\/"},"modified":"2025-09-03T08:43:16","modified_gmt":"2025-09-03T08:43:16","slug":"novak-djokovic-qualifie-pour-une-53%e1%b5%89-demi-finale-dun-tournoi-du-grand-chelem-a-lus-open","status":"publish","type":"post","link":"https:\/\/www.europesays.com\/fr\/362837\/","title":{"rendered":"Novak Djokovic qualifi\u00e9 pour une 53\u1d49\u00a0demi-finale d\u2019un tournoi du\u00a0Grand Chelem \u00e0\u00a0l\u2019US Open"},"content":{"rendered":"<p>                          <img loading=\"lazy\" decoding=\"async\" src=\"https:\/\/www.europesays.com\/fr\/wp-content\/uploads\/2025\/09\/74aa239_ftp-import-images-1-uvkt9m6ulqln-588ba17e0054430f807d72387669a2c7-0-e539fb43ce6e464389bbfe96.jpeg\" alt=\"La danse de Novak Djokovic apr\u00e8s sa victoire contre Taylor Fritz, en quarts de finale de l\u2019US Open, \u00e0 New York, le 2\u00a0septembre\u00a02025.\"   width=\"664\" height=\"443\"\/>    La danse de Novak Djokovic apr\u00e8s sa victoire contre Taylor Fritz, en quarts de finale de l\u2019US Open, \u00e0 New York, le 2\u00a0septembre\u00a02025.  ADAM HUNGER \/ AP                          <\/p>\n<p class=\"article__paragraph  \">La statistique donne le tournis. Novak Djokovic s\u2019est qualifi\u00e9, mardi soir \u00e0 New York, lors de l\u2019US Open de tennis, pour la 53e\u00a0demi-finale d\u2019un tournoi Grand Chelem de sa carri\u00e8re. Le Serbe a battu l\u2019Am\u00e9ricain Taylor Fritz (4e au classement ATP) devant son public en quatre manches\u00a0: 6-3, 7-5, 3-6, 6-4. L\u2019ancien num\u00e9ro un mondial \u2013 il l\u2019a \u00e9t\u00e9 pendant 428\u00a0semaines \u2013 retrouvera, vendredi, l\u2019Espagnol Carlos Alcaraz, facile vainqueur, de son c\u00f4t\u00e9, du Tch\u00e8que Jiri Lehecka 6-4, 6-2, 6-4.<\/p>\n<p>                                            Lire aussi |  Article r\u00e9serv\u00e9 \u00e0 nos abonn\u00e9s  <a href=\"https:\/\/www.lemonde.fr\/sport\/article\/2025\/07\/11\/jannik-sinner-annihile-la-quete-d-une-25e-victoire-en-grand-chelem-de-novak-djokovic_6620737_3242.html\" class=\"js-article-read-also catcher--favoris__link\" data-premium=\"1\" id=\"article-title-3431298\" rel=\"nofollow noopener\" target=\"_blank\">Jannik Sinner annihile la qu\u00eate d\u2019une 25\u1d49\u00a0victoire en\u00a0Grand Chelem de\u00a0Novak Djokovic<\/a>    <\/p>\n<p>   Lire plus tard  <\/p>\n<p class=\"article__paragraph  \">Face \u00e0 des spectateurs qui ne souhaitaient majoritairement pas sa victoire, Novak Djokovic a f\u00eat\u00e9 sa r\u00e9ussite en esquissant quelques petits pas de danse pour sa fille, qui vient de f\u00eater son anniversaire. \u00ab\u00a0C\u2019\u00e9tait un match incroyablement serr\u00e9, j\u2019ai eu de la chance d\u2019\u00e9carter plusieurs balles de break \u00e0 des moments importants dans le deuxi\u00e8me set\u00a0\u00bb, a dit \u00ab\u00a0Nole\u00a0\u00bb.<\/p>\n<p class=\"article__paragraph  \">\u00ab\u00a0Durant l\u2019essentiel des deuxi\u00e8me et troisi\u00e8me sets, [Taylor Fritz] \u00e9tait le meilleur joueur sur le court\u00a0\u00bb, a m\u00eame estim\u00e9 Djokovic, qui peut toujours r\u00eaver d\u2019un 25e\u00a0titre record en Grand Chelem.<\/p>\n<p>                    Alcaraz en qu\u00eate de la place de num\u00e9ro un mondial                    <\/p>\n<p class=\"article__paragraph  \">\u00ab\u00a0Les deux jours \u00e0 venir vont \u00eatre vraiment cruciaux pour mettre mon corps en condition, le pr\u00e9parer \u00e0 se battre durant cinq sets si n\u00e9cessaire\u00a0\u00bb contre Carlos Alcaraz, a poursuivi Djokovic. Le Serbe aura, en effet, besoin de fra\u00eecheur et d\u2019\u00e9nergie pour essayer de faire chuter l\u2019Espagnol, qui impressionne depuis le d\u00e9but de l\u2019US \u2013 il n\u2019a pas perdu le moindre set. \u00ab\u00a0Je ne vais en tout cas pas hisser le drapeau blanc en entrant sur le court\u00a0\u00bb, a promis Djokovic. Face \u00e0 Lehecka, 21e\u00a0joueur mondial, il n\u2019a conc\u00e9d\u00e9 aucune balle de break.<\/p>\n<p class=\"article__paragraph  \">Elimin\u00e9 l\u2019an dernier au deuxi\u00e8me tour, Alcaraz est revenu \u00e0 New York avec une motivation totale\u00a0: en qu\u00eate de la place de num\u00e9ro un mondial, l\u2019Espagnol est certain de d\u00e9tr\u00f4ner l\u2019Italien Jannik Sinner s\u2019il remporte le titre \u00e0 New York, dimanche. \u00ab\u00a0C\u2019est vraiment dur de ne pas [y] penser, a reconnu Alcaraz apr\u00e8s sa victoire. Mais \u00e0 chaque fois que je p\u00e9n\u00e8tre sur le court, j\u2019essaye de ne pas l\u2019avoir en t\u00eate. Si j\u2019y songeais trop, je me mettrais beaucoup de pression.\u00a0\u00bb<\/p>\n<p>                                       Lire aussi |  <a href=\"https:\/\/www.lemonde.fr\/sport\/article\/2025\/09\/01\/a-l-us-open-naomi-osaka-elimine-coco-gauff-en-huitiemes-de-finale_6638075_3242.html\" class=\"js-article-read-also catcher--favoris__link\" data-premium=\"\" id=\"article-title-3436302\" rel=\"nofollow noopener\" target=\"_blank\">A l\u2019US Open, Naomi Osaka \u00e9limine Coco Gauff en\u00a0huiti\u00e8mes de\u00a0finale\u00a0; F\u00e9lix Auger-Aliassime fait tomber Andrey Rublev<\/a>    <\/p>\n<p>   Lire plus tard  <\/p>\n<p class=\"article__paragraph  \">Mercredi, les deux derniers quarts de finale opposeront Jannik Sinner \u00e0 son compatriote Lorenzo Musetti (10e) et l\u2019Australien Alex de Minaur (8e) au Canadien F\u00e9lix Auger-Aliassime (27e).<\/p>\n<p class=\"article__paragraph  \">Dans le tableau f\u00e9minin, Aryna Sabalenka a b\u00e9n\u00e9fici\u00e9, mardi, du forfait sur blessure de la Tch\u00e8que Marketa Vondrousova (60e), qu\u2019elle devait affronter en quarts de finale. La Bi\u00e9lorusse retrouvera en demi-finales l\u2019Am\u00e9ricaine, qui a battu la Tch\u00e8que Barbora Krejcikova (62e), 6-3, 6-3. Les deux joueuses s\u2019\u00e9taient affront\u00e9es en finale \u00e0 l\u2019US Open en\u00a02024 (victoire en deux sets de Sabalenka). Les deux derniers quarts de finale du tableau f\u00e9minin opposeront, mercredi, la Polonaise Iga Swiatek (2e) \u00e0 l\u2019Am\u00e9ricaine Amanda Anisimova (9e) et la Japonaise Naomi Osaka (24e) \u00e0 la Tch\u00e8que Karolina Muchova (13e).<\/p>\n<p class=\"article__author-container\"> <a class=\"article__author-link\" href=\"https:\/\/www.lemonde.fr\/signataires\/service-sports\/\" rel=\"nofollow noopener\" target=\"_blank\"> Service Sports<\/a> (avec AFP) <\/p>\n<p>                  <a href=\"https:\/\/www.lemonde.fr\/syndication\/\" class=\"reuse__content\" title=\"R\u00e9utiliser ce contenu\" target=\"_blank\" rel=\"nofollow noopener\">R\u00e9utiliser ce contenu<\/a>      <\/p>\n","protected":false},"excerpt":{"rendered":"La danse de Novak Djokovic apr\u00e8s sa victoire contre Taylor Fritz, en quarts de finale de l\u2019US Open,&hellip;\n","protected":false},"author":2,"featured_media":362838,"comment_status":"","ping_status":"","sticky":false,"template":"","format":"standard","meta":{"footnotes":""},"categories":[1415],"tags":[1011,27,60,1467],"class_list":{"0":"post-362837","1":"post","2":"type-post","3":"status-publish","4":"format-standard","5":"has-post-thumbnail","7":"category-tennis","8":"tag-fr","9":"tag-france","10":"tag-sports","11":"tag-tennis"},"share_on_mastodon":{"url":"https:\/\/pubeurope.com\/@fr\/115139484307849539","error":""},"_links":{"self":[{"href":"https:\/\/www.europesays.com\/fr\/wp-json\/wp\/v2\/posts\/362837","targetHints":{"allow":["GET"]}}],"collection":[{"href":"https:\/\/www.europesays.com\/fr\/wp-json\/wp\/v2\/posts"}],"about":[{"href":"https:\/\/www.europesays.com\/fr\/wp-json\/wp\/v2\/types\/post"}],"author":[{"embeddable":true,"href":"https:\/\/www.europesays.com\/fr\/wp-json\/wp\/v2\/users\/2"}],"replies":[{"embeddable":true,"href":"https:\/\/www.europesays.com\/fr\/wp-json\/wp\/v2\/comments?post=362837"}],"version-history":[{"count":0,"href":"https:\/\/www.europesays.com\/fr\/wp-json\/wp\/v2\/posts\/362837\/revisions"}],"wp:featuredmedia":[{"embeddable":true,"href":"https:\/\/www.europesays.com\/fr\/wp-json\/wp\/v2\/media\/362838"}],"wp:attachment":[{"href":"https:\/\/www.europesays.com\/fr\/wp-json\/wp\/v2\/media?parent=362837"}],"wp:term":[{"taxonomy":"category","embeddable":true,"href":"https:\/\/www.europesays.com\/fr\/wp-json\/wp\/v2\/categories?post=362837"},{"taxonomy":"post_tag","embeddable":true,"href":"https:\/\/www.europesays.com\/fr\/wp-json\/wp\/v2\/tags?post=362837"}],"curies":[{"name":"wp","href":"https:\/\/api.w.org\/{rel}","templated":true}]}}