{"id":362841,"date":"2025-09-03T08:46:10","date_gmt":"2025-09-03T08:46:10","guid":{"rendered":"https:\/\/www.europesays.com\/fr\/362841\/"},"modified":"2025-09-03T08:46:10","modified_gmt":"2025-09-03T08:46:10","slug":"des-statistiques-prometteuses-pour-la-finale-de-la-ligue-des-champions","status":"publish","type":"post","link":"https:\/\/www.europesays.com\/fr\/362841\/","title":{"rendered":"des statistiques prometteuses pour la finale de la Ligue des champions"},"content":{"rendered":"<p>Opta ( soci\u00e9t\u00e9 sp\u00e9cialis\u00e9e dans les statistiques avanc\u00e9es du football) donne au Paris Saint-Germain de tr\u00e8s bonne chance d\u2019atteindre la finale de la Ligue des champions cette saison, confirmant son statut de favori parmi les clubs europ\u00e9ens.<\/p>\n<p class=\"fig-paragraph\">Selon les donn\u00e9es d\u2019Opta, le PSG \u00e0 22,01 % de chance d\u2019atteindre la finale 2026, se pla\u00e7ant derri\u00e8re Liverpool (34,20 %) et Arsenal (27,29 %) mais devant Manchester City (16,9 %) et le FC Barcelone (19,5 % ). Ces chiffres sont bas\u00e9s sur la qualit\u00e9 de l\u2019effectif, les performances r\u00e9centes et le tirage au sort de la phase de groupe.<\/p>\n<p class=\"fig-paragraph\">Le champion d\u2019Europe en titre devra tout de m\u00eame se m\u00e9fier de cette phase groupe. Plusieurs chocs contre des cadors europ\u00e9ens sont \u00e0 pr\u00e9voir, le FC Barcelone (demi-finaliste de la derni\u00e8re \u00e9dition), le Bayern Munich, Tottenham ou encore Newcastle. N\u00e9anmoins, ces statistiques renforcent la position du PSG comme l\u2019un des pr\u00e9tendants s\u00e9rieux au titre europ\u00e9en et relance l\u2019ambition du club de r\u00e9cidiver la performance de la saison derni\u00e8re.<\/p>\n<p>                                    <a class=\"fig-a11y-skip a11y-hidden\" href=\"#fig-a11y-skip-main-inarticle\"><br \/>\n        Passer la publicit\u00e9<br \/>\n    <\/a><\/p>\n<p class=\"fig-paragraph\">Les deux autres repr\u00e9sentants fran\u00e7ais, l\u2019Olympique de Marseille et l\u2019AS Monaco, figurent eux beaucoup plus bas dans ces statistiques. Opta attend Monaco \u00e0 la 21e position synonyme de barragiste, tandis que l\u2019OM figure parmi les \u00e9limin\u00e9s, hors du top 24, \u00e0 la 31e position.<\/p>\n","protected":false},"excerpt":{"rendered":"Opta ( soci\u00e9t\u00e9 sp\u00e9cialis\u00e9e dans les statistiques avanc\u00e9es du football) donne au Paris Saint-Germain de tr\u00e8s bonne chance&hellip;\n","protected":false},"author":2,"featured_media":362842,"comment_status":"","ping_status":"","sticky":false,"template":"","format":"standard","meta":{"footnotes":""},"categories":[1412],"tags":[1451,1452,1453,1454,1455,1011,27,3127,149,93,60],"class_list":{"0":"post-362841","1":"post","2":"type-post","3":"status-publish","4":"format-standard","5":"has-post-thumbnail","7":"category-f1","8":"tag-f1","9":"tag-formula-1","10":"tag-formula1","11":"tag-formule-1","12":"tag-formule1","13":"tag-fr","14":"tag-france","15":"tag-monaco","16":"tag-om","17":"tag-psg","18":"tag-sports"},"share_on_mastodon":{"url":"https:\/\/pubeurope.com\/@fr\/115139496105410053","error":""},"_links":{"self":[{"href":"https:\/\/www.europesays.com\/fr\/wp-json\/wp\/v2\/posts\/362841","targetHints":{"allow":["GET"]}}],"collection":[{"href":"https:\/\/www.europesays.com\/fr\/wp-json\/wp\/v2\/posts"}],"about":[{"href":"https:\/\/www.europesays.com\/fr\/wp-json\/wp\/v2\/types\/post"}],"author":[{"embeddable":true,"href":"https:\/\/www.europesays.com\/fr\/wp-json\/wp\/v2\/users\/2"}],"replies":[{"embeddable":true,"href":"https:\/\/www.europesays.com\/fr\/wp-json\/wp\/v2\/comments?post=362841"}],"version-history":[{"count":0,"href":"https:\/\/www.europesays.com\/fr\/wp-json\/wp\/v2\/posts\/362841\/revisions"}],"wp:featuredmedia":[{"embeddable":true,"href":"https:\/\/www.europesays.com\/fr\/wp-json\/wp\/v2\/media\/362842"}],"wp:attachment":[{"href":"https:\/\/www.europesays.com\/fr\/wp-json\/wp\/v2\/media?parent=362841"}],"wp:term":[{"taxonomy":"category","embeddable":true,"href":"https:\/\/www.europesays.com\/fr\/wp-json\/wp\/v2\/categories?post=362841"},{"taxonomy":"post_tag","embeddable":true,"href":"https:\/\/www.europesays.com\/fr\/wp-json\/wp\/v2\/tags?post=362841"}],"curies":[{"name":"wp","href":"https:\/\/api.w.org\/{rel}","templated":true}]}}