{"id":362843,"date":"2025-09-03T08:47:11","date_gmt":"2025-09-03T08:47:11","guid":{"rendered":"https:\/\/www.europesays.com\/fr\/362843\/"},"modified":"2025-09-03T08:47:11","modified_gmt":"2025-09-03T08:47:11","slug":"je-suis-en-vie-par-miracle-apres-une-chute-a-100-km-h-et-un-coma-artificiel-la-renaissance-de-baroncini","status":"publish","type":"post","link":"https:\/\/www.europesays.com\/fr\/362843\/","title":{"rendered":"\u00ab\u00a0Je suis en vie par miracle\u00a0\u00bb\u2026 Apr\u00e8s une chute \u00e0 100 km\/h et un coma artificiel, la renaissance de Baroncini"},"content":{"rendered":"<p><a href=\"https:\/\/www.20minutes.fr\/sport\/cyclisme\/4167345-20250809-tour-pologne-filippo-baroncini-place-coma-artificiel-apres-chute-vie-danger\" target=\"_blank\" class=\"c-link c-link--is-underlined\" rel=\"noopener\">Il avait \u00e9t\u00e9 plac\u00e9 dans un coma artificiel<\/a>. Tomb\u00e9 lourdement d\u00e9but ao\u00fbt dans le final de la 3e \u00e9tape du <a href=\"https:\/\/www.20minutes.fr\/sport\/2906195-20201111-tour-pologne-neuf-mois-suspension-dylan-groenewegen-apres-grave-chute-fabio-jakobsen\" target=\"_blank\" class=\"c-link c-link--is-underlined\" rel=\"noopener\">Tour de Pologne<\/a>, Filippo Baroncini souffrait de multiples blessures\u00a0: une fracture des vert\u00e8bres cervicales (sans s\u00e9quelles neurologiques), des fractures au visage dont une \u00e0 la pommette qui n\u00e9cessitait son placement dans un coma artificiel, et \u00e0 la clavicule.<\/p>\n<p>Deux mois apr\u00e8s cette chute, o\u00f9 il a heurt\u00e9 le sol \u00e0 100\u00a0km\/h dans une descente, le coureur d\u2019UAE Team Emirates va mieux, beaucoup mieux. \u00ab\u00a0Je suis en vie par miracle, explique l\u2019Italien, encore \u00e0 l\u2019h\u00f4pital, dans un entretien accord\u00e9 \u00e0 la <a href=\"https:\/\/www.gazzetta.it\/Ciclismo\/02-09-2025\/baroncini-il-coma-e-la-rinascita-sono-un-miracolato.shtml?refresh_ce\" rel=\"nofollow noopener\" target=\"_blank\" class=\"c-link c-link--is-underlined\">Gazzetta dello Sport<\/a>. Je ne m\u2019en suis pas rendu compte tout de suite, mais petit \u00e0 petit, je commence \u00e0 en avoir la sensation.\u00a0\u00bb<\/p>\n<\/p>\n<p>Malgr\u00e9 cette grave chute, <a href=\"https:\/\/www.20minutes.fr\/sport\/cyclisme\/4154889-20250601-giro-2025-classement-general-resultats-apres-derniere-etape\" target=\"_blank\" class=\"c-link c-link--is-underlined\" rel=\"noopener\">Baroncini<\/a> esp\u00e8re vite regrimper sur son v\u00e9lo et participer \u00e0 de nouvelles courses, mais il sait que \u00e7a prendra un peu de temps. \u00ab\u00a0J\u2019aimerais pr\u00e9cipiter les choses, mais en m\u00eame temps, je sais que je ne devrais pas. Je sais que la r\u00e9cup\u00e9ration doit \u00eatre planifi\u00e9e au bon moment et que je dois retrouver mon niveau normal. Je dois surveiller attentivement ma bouche, ma m\u00e2choire et ma future posture. Et j\u2019ai perdu beaucoup de masse musculaire et de poids.\u00a0\u00bb<\/p>\n","protected":false},"excerpt":{"rendered":"Il avait \u00e9t\u00e9 plac\u00e9 dans un coma artificiel. Tomb\u00e9 lourdement d\u00e9but ao\u00fbt dans le final de la 3e&hellip;\n","protected":false},"author":2,"featured_media":362844,"comment_status":"","ping_status":"","sticky":false,"template":"","format":"standard","meta":{"footnotes":""},"categories":[1411],"tags":[1154,207,1011,27,452,2437,517,60,36598],"class_list":{"0":"post-362843","1":"post","2":"type-post","3":"status-publish","4":"format-standard","5":"has-post-thumbnail","7":"category-cyclisme","8":"tag-cycling","9":"tag-cyclisme","10":"tag-fr","11":"tag-france","12":"tag-italie","13":"tag-pologne","14":"tag-sport","15":"tag-sports","16":"tag-uae"},"share_on_mastodon":{"url":"https:\/\/pubeurope.com\/@fr\/115139499997443843","error":""},"_links":{"self":[{"href":"https:\/\/www.europesays.com\/fr\/wp-json\/wp\/v2\/posts\/362843","targetHints":{"allow":["GET"]}}],"collection":[{"href":"https:\/\/www.europesays.com\/fr\/wp-json\/wp\/v2\/posts"}],"about":[{"href":"https:\/\/www.europesays.com\/fr\/wp-json\/wp\/v2\/types\/post"}],"author":[{"embeddable":true,"href":"https:\/\/www.europesays.com\/fr\/wp-json\/wp\/v2\/users\/2"}],"replies":[{"embeddable":true,"href":"https:\/\/www.europesays.com\/fr\/wp-json\/wp\/v2\/comments?post=362843"}],"version-history":[{"count":0,"href":"https:\/\/www.europesays.com\/fr\/wp-json\/wp\/v2\/posts\/362843\/revisions"}],"wp:featuredmedia":[{"embeddable":true,"href":"https:\/\/www.europesays.com\/fr\/wp-json\/wp\/v2\/media\/362844"}],"wp:attachment":[{"href":"https:\/\/www.europesays.com\/fr\/wp-json\/wp\/v2\/media?parent=362843"}],"wp:term":[{"taxonomy":"category","embeddable":true,"href":"https:\/\/www.europesays.com\/fr\/wp-json\/wp\/v2\/categories?post=362843"},{"taxonomy":"post_tag","embeddable":true,"href":"https:\/\/www.europesays.com\/fr\/wp-json\/wp\/v2\/tags?post=362843"}],"curies":[{"name":"wp","href":"https:\/\/api.w.org\/{rel}","templated":true}]}}