{"id":362845,"date":"2025-09-03T08:48:11","date_gmt":"2025-09-03T08:48:11","guid":{"rendered":"https:\/\/www.europesays.com\/fr\/362845\/"},"modified":"2025-09-03T08:48:11","modified_gmt":"2025-09-03T08:48:11","slug":"la-vie-des-ex-jorge-sampaoli-rebondit-a-latletico-mineiro-au-bresil","status":"publish","type":"post","link":"https:\/\/www.europesays.com\/fr\/362845\/","title":{"rendered":"La vie des ex : Jorge Sampaoli rebondit \u00e0 l&rsquo;Atl\u00e9tico Mineiro au Br\u00e9sil"},"content":{"rendered":"<p>L\u2019entra\u00eeneur argentin Jorge Sampaoli, limog\u00e9 en janvier de Rennes o\u00f9 il n\u2019est rest\u00e9 que deux mois et demi, a \u00e9t\u00e9 nomm\u00e9 \u00e0 la t\u00eate de l\u2019Atl\u00e9tico Mineiro, a annonc\u00e9 mardi le club br\u00e9silien. \u00ab\u00a0Sampaoli revient pour son deuxi\u00e8me mandat aux commandes (de l\u2019\u00e9quipe). \u00c0 65\u00a0ans et avec de belles r\u00e9ussites \u00e0 son CV, l\u2019entra\u00eeneur a sign\u00e9 un contrat jusqu\u2019\u00e0 la fin de\u00a02027\u00a0\u00bb, a \u00e9crit l\u2019\u00e9quipe de Belo Horizonte sur les r\u00e9seaux sociaux.<\/p>\n<p>Surtout, le volcanique argentin avait d\u00e9j\u00e0 \u00e9t\u00e9 \u00e0 la t\u00eate de l\u2019Atl\u00e9tico Mineiro entre mars 2020 et f\u00e9vrier 2021, et va donc retrouver un vestiaire qu\u2019il conna\u00eet d\u00e9j\u00e0, o\u00f9 se trouve notamment le Br\u00e9silien Hulk, ancien joueur de Porto et du Zenith Saint-Petersbourg.<\/p>\n","protected":false},"excerpt":{"rendered":"L\u2019entra\u00eeneur argentin Jorge Sampaoli, limog\u00e9 en janvier de Rennes o\u00f9 il n\u2019est rest\u00e9 que deux mois et demi,&hellip;\n","protected":false},"author":2,"featured_media":362846,"comment_status":"","ping_status":"","sticky":false,"template":"","format":"standard","meta":{"footnotes":""},"categories":[1410],"tags":[17,154,63,1011,27,28294,49779,149,49778,49777,60,4717],"class_list":{"0":"post-362845","1":"post","2":"type-post","3":"status-publish","4":"format-standard","5":"has-post-thumbnail","7":"category-football","8":"tag-17","9":"tag-des","10":"tag-football","11":"tag-fr","12":"tag-france","13":"tag-jorge","14":"tag-latletico","15":"tag-om","16":"tag-rebondit","17":"tag-sampaoli","18":"tag-sports","19":"tag-vie"},"share_on_mastodon":{"url":"https:\/\/pubeurope.com\/@fr\/115139503940960061","error":""},"_links":{"self":[{"href":"https:\/\/www.europesays.com\/fr\/wp-json\/wp\/v2\/posts\/362845","targetHints":{"allow":["GET"]}}],"collection":[{"href":"https:\/\/www.europesays.com\/fr\/wp-json\/wp\/v2\/posts"}],"about":[{"href":"https:\/\/www.europesays.com\/fr\/wp-json\/wp\/v2\/types\/post"}],"author":[{"embeddable":true,"href":"https:\/\/www.europesays.com\/fr\/wp-json\/wp\/v2\/users\/2"}],"replies":[{"embeddable":true,"href":"https:\/\/www.europesays.com\/fr\/wp-json\/wp\/v2\/comments?post=362845"}],"version-history":[{"count":0,"href":"https:\/\/www.europesays.com\/fr\/wp-json\/wp\/v2\/posts\/362845\/revisions"}],"wp:featuredmedia":[{"embeddable":true,"href":"https:\/\/www.europesays.com\/fr\/wp-json\/wp\/v2\/media\/362846"}],"wp:attachment":[{"href":"https:\/\/www.europesays.com\/fr\/wp-json\/wp\/v2\/media?parent=362845"}],"wp:term":[{"taxonomy":"category","embeddable":true,"href":"https:\/\/www.europesays.com\/fr\/wp-json\/wp\/v2\/categories?post=362845"},{"taxonomy":"post_tag","embeddable":true,"href":"https:\/\/www.europesays.com\/fr\/wp-json\/wp\/v2\/tags?post=362845"}],"curies":[{"name":"wp","href":"https:\/\/api.w.org\/{rel}","templated":true}]}}