{"id":362847,"date":"2025-09-03T08:49:10","date_gmt":"2025-09-03T08:49:10","guid":{"rendered":"https:\/\/www.europesays.com\/fr\/362847\/"},"modified":"2025-09-03T08:49:10","modified_gmt":"2025-09-03T08:49:10","slug":"fils-de-chroniques-dhaifa-adieu-jean-pat-les-films-a-voir-et-a-eviter-cette-semaine","status":"publish","type":"post","link":"https:\/\/www.europesays.com\/fr\/362847\/","title":{"rendered":"Fils de, Chroniques d\u2019Ha\u00effa, Adieu Jean-Pat&#8230; Les films \u00e0 voir et \u00e0 \u00e9viter cette semaine"},"content":{"rendered":"<p><strong>CRITIQUES &#8211;<\/strong> Une satire horripilante avec Fran\u00e7ois Cluzet, un film qui sonde les tensions entre Isra\u00e9liens et Palestiniens, une com\u00e9die port\u00e9e par Hakim Jemili&#8230; La s\u00e9lection du Figaro.<\/p>\n<p>Chroniques d\u2019Ha\u00effa &#8211; \u00c0 voir<\/p>\n<p class=\"fig-paragraph\"><strong>Drame de Scandar Copti &#8211; 2h04<\/strong><\/p>\n<p class=\"fig-paragraph\">De Fouad, le p\u00e8re entrepreneur emp\u00eatr\u00e9 dans des malversations financi\u00e8res, en passant par l\u2019a\u00een\u00e9e qui pr\u00e9pare avec entrain son mariage, le r\u00e9alisateur palestinien Scandar Copti (cam\u00e9ra d\u2019or \u00e0\u00a0<a href=\"http:\/\/www.lefigaro.fr\/cinema\/mostra-de-venise-le-plus-ancien-festival-de-cinema-s-affiche-en-meilleur-rival-de-cannes-20250827\" target=\"_blank\" data-fig-type=\"Article\" rel=\"noopener\" data-gtm-custom-categorie=\"navigation\" data-gtm-custom-action=\"crossclick\" data-gtm-custom-label=\"Contextuel\" data-gtm-event=\"customEventSPE\" data-fig-domain=\"LEFIGARO\">Cannes<\/a>\u00a0en 2010) tisse un drame familial au c\u0153ur de la ville la plus cosmopolite d\u2019Isra\u00ebl. Chroniques d\u2019Ha\u00effa poss\u00e8de la saveur des secrets de famille bien gard\u00e9s. Derri\u00e8re l\u2019impeccable fa\u00e7ade d\u2019un clan qui affiche sa r\u00e9ussite sociale, quatre voix se font entendre, quatre destins prennent corps fa\u00e7onn\u00e9s par des passions br\u00fblantes et des sentiments emp\u00each\u00e9s. Scandar Copti les imbrique parfaitement dans un film puzzle passionnant. Hommes et femmes, m\u00e8re et filles, p\u00e8re et fils, Arabes et Juifs, entament une ronde aussi p\u00e9rilleuse qu\u2019irr\u00e9sistible tout en dansant au-dessus du volcan\u00a0:\u00a0<a href=\"http:\/\/www.lefigaro.fr\/cinema\/notre-critique-de-chroniques-d-haifa-une-ronde-des-passions-aussi-seduisante-que-bouleversante-20250902\" target=\"_blank\" data-fig-type=\"Article\" rel=\"noopener\" data-gtm-custom-categorie=\"navigation\" data-gtm-custom-action=\"crossclick\" data-gtm-custom-label=\"Contextuel\" data-gtm-event=\"customEventSPE\" data-fig-domain=\"LEFIGARO\">celui du poids des traditions et des pr\u00e9jug\u00e9s<\/a>. <strong>O.D.<\/strong><\/p>\n<p class=\"fig-body-link\">\n            \u00c0 lire aussi<br \/>\n        <a class=\"fig-body-link__link\" href=\"http:\/\/www.lefigaro.fr\/cinema\/notre-critique-de-chroniques-d-haifa-une-ronde-des-passions-aussi-seduisante-que-bouleversante-20250902\" target=\"_blank\" data-fig-type=\"Article\" rel=\"noopener\" data-gtm-custom-categorie=\"navigation\" data-gtm-custom-action=\"crossclick\" data-gtm-custom-label=\"Contextuel\" data-gtm-event=\"customEventSPE\" data-fig-domain=\"LEFIGARO\">Notre critique de Chroniques d\u2019Ha\u00effa : une ronde des passions aussi s\u00e9duisante que bouleversante<br \/>\n    <\/a>\n<\/p>\n<p>                                    <a class=\"fig-a11y-skip a11y-hidden\" href=\"#fig-a11y-skip-main-inarticle\"><br \/>\n        Passer la publicit\u00e9<br \/>\n    <\/a><\/p>\n<p>Exit 8 &#8211; \u00c0 voir<\/p>\n<p class=\"fig-paragraph\"><strong>Thriller horrifique de Genki Kawamura &#8211; 1h35<\/strong><\/p>\n<p class=\"fig-paragraph\">C\u2019est le genre de film qui prend un malin plaisir \u00e0 d\u00e9jouer les attentes des spectateurs. Le jeune r\u00e9alisateur japonais Genki Kawamura (sc\u00e9nariste et producteur de\u00a0<a href=\"https:\/\/www.lefigaro.fr\/cinema\/hirokasu-kore-eda-realisateur-de-l-innocence-j-ai-dit-oui-d-emblee-a-sakamoto-20231226\" data-fig-type=\"Article\" data-gtm-custom-categorie=\"navigation\" data-gtm-custom-action=\"crossclick\" data-gtm-custom-label=\"Contextuel\" data-gtm-event=\"customEventSPE\" data-fig-domain=\"LEFIGARO\" target=\"_blank\" rel=\"noopener\">Kore-Eda<\/a>) a su transformer la triste banalit\u00e9 du quotidien en un fascinant cauchemar. Et tout \u00e7a en adaptant un simple petit jeu vid\u00e9o dont le succ\u00e8s surprise avait \u00e9tonn\u00e9 les gamers lors de sa sortie il y a deux ans. On salue l\u2019exploit. Exit 8 met en sc\u00e8ne un trentenaire, film\u00e9 en cam\u00e9ra subjective, qui part au travail. Dans la rame bond\u00e9e du m\u00e9tro de Tokyo, la plupart des employ\u00e9s de bureau, gardent le regard fix\u00e9 sur l\u2019\u00e9cran de leurs smartphones. Soudain, une anomalie\u00a0! Exit 8 fait partie de ces films concept qui exploitent un dispositif narratif bas\u00e9 sur la variation r\u00e9p\u00e9titive autour d\u2019un th\u00e8me. La d\u00e9ambulation ahurie du h\u00e9ros dans les couloirs aseptis\u00e9s du m\u00e9tro fournit un d\u00e9dale propice \u00e0 l\u2019angoisse. Le th\u00e8me sous-jacent explore la peur de la parentalit\u00e9 ainsi que la folie d\u2019un monde technologique qui tourne en rond comme une gerbille dans sa roue. Une r\u00e9ussite singuli\u00e8re et inattendue.\u00a0<strong>O.D.<\/strong><\/p>\n<p>Adieu Jean-Pat &#8211; On peut voir<\/p>\n<p class=\"fig-paragraph\"><strong>Com\u00e9die de Cecilia Rouaud &#8211; 1h34<\/strong><\/p>\n<p class=\"fig-paragraph\">Harceleur patent\u00e9, Jean-Patrick, dit Jean-Pat, vient de perdre la vie dans un accident de voiture. Par un concours de circonstances aussi tortueux qu\u2019une route en lacet, son meilleur ennemi a \u00e9t\u00e9 charg\u00e9 d\u2019organiser l\u2019enterrement. Humour noir et quiproquos savoureux, on reconna\u00eet l\u00e0 la patte de l\u2019auteur de bande dessin\u00e9e\u00a0<a href=\"http:\/\/www.lefigaro.fr\/bd\/fabcaro-un-maitre-de-l-humour-absurde-a-la-rescousse-d-asterix-et-obelix-pour-leur-40e-album-20221220\" target=\"_blank\" data-fig-type=\"Article\" rel=\"noopener\" data-gtm-custom-categorie=\"navigation\" data-gtm-custom-action=\"crossclick\" data-gtm-custom-label=\"Contextuel\" data-gtm-event=\"customEventSPE\" data-fig-domain=\"LEFIGARO\">Fabcaro<\/a>\u00a0et\u00a0<a href=\"https:\/\/www.lefigaro.fr\/cinema\/laurent-tirard-realisateur-sous-le-signe-de-la-comedie-20240905\" target=\"_blank\" data-fig-type=\"Article\" rel=\"noopener\" data-gtm-custom-categorie=\"navigation\" data-gtm-custom-action=\"crossclick\" data-gtm-custom-label=\"Contextuel\" data-gtm-event=\"customEventSPE\" data-fig-domain=\"LEFIGARO\">du regrett\u00e9 sc\u00e9nariste Laurent Tirard<\/a>. Les blagues sonores s\u2019encha\u00eenent jusqu\u2019au bord de la tombe. D\u2019allure sympathique mais pataude (\u00e0 la limite de la vraisemblance parfois), la nouvelle coqueluche de l\u2019humour Hakim Jemili excelle \u00e0 susciter des dialogues de sourd. Sa langue fourche \u00e0 intervalles r\u00e9guliers pour laisser \u00e9chapper une \u00e9normit\u00e9. Deux gags \u00e0 la minute, un sens bien senti de la d\u00e9rision\u00a0: Adieu Jean-Pat remplit le cahier des charges. Et fait m\u00eame trop de z\u00e8le. \u00c0 vouloir faire sourire \u00e0 tout bout de champ et de contrechamp, le film sacrifie le r\u00e9alisme des personnages. Leurs d\u00e9fauts finissent par ressembler \u00e0 des pr\u00e9textes. Joyeuses fun\u00e9railles, quand m\u00eame. <strong>B.P.<\/strong><\/p>\n<p class=\"fig-body-link\">\n            \u00c0 lire aussi<br \/>\n        <a class=\"fig-body-link__link\" href=\"https:\/\/www.lefigaro.fr\/cinema\/hakim-jemili-michel-blanc-c-est-n-golo-kante-20191212\" target=\"_blank\" data-fig-type=\"Article\" rel=\"noopener\" data-gtm-custom-categorie=\"navigation\" data-gtm-custom-action=\"crossclick\" data-gtm-custom-label=\"Contextuel\" data-gtm-event=\"customEventSPE\" data-fig-domain=\"LEFIGARO\">Hakim Jemili: \u00abMichel Blanc, c\u2019est N\u2019Golo Kant\u00e9\u00bb<br \/>\n    <\/a>\n<\/p>\n<p class=\"fig-body-link\">\n            \u00c0 lire aussi<br \/>\n        <a class=\"fig-body-link__link fig-premium-mark\" href=\"http:\/\/www.lefigaro.fr\/culture\/cinema-des-auteurs-independants-font-de-l-ombre-aux-geants-de-hollywood-20250901\" target=\"_blank\" data-fig-type=\"Article\" rel=\"noopener\" data-gtm-custom-categorie=\"navigation\" data-gtm-custom-action=\"crossclick\" data-gtm-custom-label=\"Contextuel\" data-gtm-event=\"customEventSPE\" data-fig-domain=\"LEFIGARO\">Cin\u00e9ma: des auteurs ind\u00e9pendants font de l\u2019ombre aux g\u00e9ants de Hollywood<br \/>\n    <\/a>\n<\/p>\n<p>Dans l\u2019ombre de Marlow &#8211; On peut voir<\/p>\n<p class=\"fig-paragraph\"><strong>Drame de Bertrand Mineur et Aur\u00e9lien Harzoune &#8211; 1h17<\/strong><\/p>\n<p>                                    <a class=\"fig-a11y-skip a11y-hidden\" href=\"#fig-a11y-skip-main-inarticle_mtf\"><br \/>\n        Passer la publicit\u00e9<br \/>\n    <\/a><\/p>\n<p class=\"fig-paragraph\">On le sent d\u00e8s les premi\u00e8res images. Dans l\u2019ombre de Marlow est un premier film fran\u00e7ais fauch\u00e9, impr\u00e9gn\u00e9 de mythologie am\u00e9ricaine, qui revient de loin. Ses r\u00e9alisateurs n\u00e9ophytes Bertrand Mineur et Aur\u00e9lien Harzoune ont connu l\u2019enfer pour en accoucher. Le r\u00e9sultat est attachant mais reste incroyablement fragile. L\u2019intrigue \u00e9cul\u00e9e met en sc\u00e8ne une jeune femme perdue dans un d\u00e9sert am\u00e9ricain fantasm\u00e9 qui sillonne les routes dans une Ford Capri immacul\u00e9e \u00e0 la recherche d\u2019une bo\u00eete magique. L\u2019all\u00e9gorie permet de faire passer le manque de cr\u00e9dits. Un insupportable animateur de radio baptis\u00e9 le \u00abKing\u00bb d\u00e9blat\u00e8re des platitudes, on croise des \u00e9pouvantails masqu\u00e9s portant des cache-poussi\u00e8res \u00e0 la Sergio Leone, un saloon \u00e0 ciel ouvert, des bouteilles de lait, Bruno Salomone en p\u00e8re tragique et suicidaire et quelques dialogues bien clich\u00e9s tels que\u00a0: \u00abOn est en train de la perdre\u00bb ou \u00abElle est o\u00f9 ma maman?\u00bb. Ce qui sauve peut-\u00eatre cette tentative maladroite pouss\u00e9e hors des sentiers battus, c\u2019est la sensation permanente d\u2019une envie de cin\u00e9ma version grand large&#8230; <strong>O.D.<\/strong><\/p>\n<p>Fils de &#8211; \u00c0 \u00e9viter<\/p>\n<p class=\"fig-paragraph\"><strong>Com\u00e9die de Carlos Abascal Peiro &#8211; 1h45<\/strong><\/p>\n<p class=\"fig-paragraph\">Qui veut \u00eatre premier ministre\u00a0? Les candidats ne se bousculent pas. L\u2019\u00e9lection pr\u00e9sidentielle vient d\u2019avoir lieu. Les autorit\u00e9s se grattent l\u2019occiput. Il y aurait bien une solution. Et si on allait chercher Lionel Perrin (<a href=\"http:\/\/www.lefigaro.fr\/culture\/le-vrai-sport-au-theatre-c-est-faire-revivre-l-instantaneite-chaque-soir-francois-cluzet-drole-de-psy-20250127\" target=\"_blank\" data-fig-type=\"Article\" rel=\"noopener\" data-gtm-custom-categorie=\"navigation\" data-gtm-custom-action=\"crossclick\" data-gtm-custom-label=\"Contextuel\" data-gtm-event=\"customEventSPE\" data-fig-domain=\"LEFIGARO\">Fran\u00e7ois Cluzet<\/a>) dans sa tani\u00e8re\u00a0? Probl\u00e8me\u00a0: il a abandonn\u00e9 la politique. Trop de d\u00e9ceptions. Il faudrait que son fils, attach\u00e9 parlementaire en duffle-coat, se charge de la mission. Autre souci\u00a0: ils sont f\u00e2ch\u00e9s. A\u00efe. En gros, le jeune homme a quarante-huit heures pour convaincre papa que le pays a besoin de lui. Telle est l\u2019histoire que raconte Carlos Abascal Peiro. Visiblement, ce d\u00e9butant a eu envie de se faire remarquer, comme un nouveau qui arrive en classe en parlant plus fort que tout le monde. Le p\u00e8re h\u00e9site, bougonne. Le fiston soupire, rougit. Pendant ce temps, la France attend. On n\u2019est pas sorti de l\u2019auberge. Elle serait donc espagnole, puisque le film est bourr\u00e9 d\u2019ingr\u00e9dients \u00e0 craquer, comme un buffet \u00e0 volont\u00e9. Malgr\u00e9 son casting solide, cette satire politique s\u2019av\u00e8re plus horripilante que dr\u00f4le. L\u2019ensemble est survolt\u00e9, mais sans rythme, rendez-vous dans des parkings, \u00e9missions de t\u00e9l\u00e9vision, cavalcades dans les couloirs des palais r\u00e9publicains. Pas une seconde de r\u00e9pit.\u00a0<a href=\"http:\/\/www.lefigaro.fr\/cinema\/notre-critique-de-fils-de-mal-de-tete-garanti-20250902\" target=\"_blank\" data-fig-type=\"Article\" rel=\"noopener\" data-gtm-custom-categorie=\"navigation\" data-gtm-custom-action=\"crossclick\" data-gtm-custom-label=\"Contextuel\" data-gtm-event=\"customEventSPE\" data-fig-domain=\"LEFIGARO\">On dirait du sous-Dupontel<\/a>. Dr\u00f4le d\u2019id\u00e9e. <strong>\u00c9.N.<\/strong><\/p>\n<p class=\"fig-body-link\">\n            \u00c0 lire aussi<br \/>\n        <a class=\"fig-body-link__link\" href=\"http:\/\/www.lefigaro.fr\/cinema\/notre-critique-de-fils-de-mal-de-tete-garanti-20250902\" target=\"_blank\" data-fig-type=\"Article\" rel=\"noopener\" data-gtm-custom-categorie=\"navigation\" data-gtm-custom-action=\"crossclick\" data-gtm-custom-label=\"Contextuel\" data-gtm-event=\"customEventSPE\" data-fig-domain=\"LEFIGARO\">Notre critique de Fils de\u00a0: Fran\u00e7ois Cluzet \u00e0 Matignon, mal de t\u00eate garanti<br \/>\n    <\/a><\/p>\n","protected":false},"excerpt":{"rendered":"CRITIQUES &#8211; Une satire horripilante avec Fran\u00e7ois Cluzet, un film qui sonde les tensions entre Isra\u00e9liens et Palestiniens,&hellip;\n","protected":false},"author":2,"featured_media":362848,"comment_status":"","ping_status":"","sticky":false,"template":"","format":"standard","meta":{"footnotes":""},"categories":[1359],"tags":[58,59,1346,1011,27,48765,973],"class_list":{"0":"post-362847","1":"post","2":"type-post","3":"status-publish","4":"format-standard","5":"has-post-thumbnail","7":"category-people","8":"tag-divertissement","9":"tag-entertainment","10":"tag-films","11":"tag-fr","12":"tag-france","13":"tag-francois-cluzet","14":"tag-people"},"share_on_mastodon":{"url":"https:\/\/pubeurope.com\/@fr\/115139507835675700","error":""},"_links":{"self":[{"href":"https:\/\/www.europesays.com\/fr\/wp-json\/wp\/v2\/posts\/362847","targetHints":{"allow":["GET"]}}],"collection":[{"href":"https:\/\/www.europesays.com\/fr\/wp-json\/wp\/v2\/posts"}],"about":[{"href":"https:\/\/www.europesays.com\/fr\/wp-json\/wp\/v2\/types\/post"}],"author":[{"embeddable":true,"href":"https:\/\/www.europesays.com\/fr\/wp-json\/wp\/v2\/users\/2"}],"replies":[{"embeddable":true,"href":"https:\/\/www.europesays.com\/fr\/wp-json\/wp\/v2\/comments?post=362847"}],"version-history":[{"count":0,"href":"https:\/\/www.europesays.com\/fr\/wp-json\/wp\/v2\/posts\/362847\/revisions"}],"wp:featuredmedia":[{"embeddable":true,"href":"https:\/\/www.europesays.com\/fr\/wp-json\/wp\/v2\/media\/362848"}],"wp:attachment":[{"href":"https:\/\/www.europesays.com\/fr\/wp-json\/wp\/v2\/media?parent=362847"}],"wp:term":[{"taxonomy":"category","embeddable":true,"href":"https:\/\/www.europesays.com\/fr\/wp-json\/wp\/v2\/categories?post=362847"},{"taxonomy":"post_tag","embeddable":true,"href":"https:\/\/www.europesays.com\/fr\/wp-json\/wp\/v2\/tags?post=362847"}],"curies":[{"name":"wp","href":"https:\/\/api.w.org\/{rel}","templated":true}]}}