{"id":362849,"date":"2025-09-03T08:51:12","date_gmt":"2025-09-03T08:51:12","guid":{"rendered":"https:\/\/www.europesays.com\/fr\/362849\/"},"modified":"2025-09-03T08:51:12","modified_gmt":"2025-09-03T08:51:12","slug":"les-derniers-jours-de-lapesanteur-de-fabrice-caro-chronique-tendre-et-drole-des-annees-lycee","status":"publish","type":"post","link":"https:\/\/www.europesays.com\/fr\/362849\/","title":{"rendered":"\u00ab\u00a0Les Derniers jours de l\u2019apesanteur\u00a0\u00bb de Fabrice Caro : chronique tendre et dr\u00f4le des ann\u00e9es lyc\u00e9e"},"content":{"rendered":"<p>Quand on ouvre un livre (ou une BD) de Fabrice Caro (ou Fabcaro), on sait qu\u2019on va se marrer. On sait moins que cela va nous rendre nostalgique. Pourtant, son dernier opus \u00e9voque l\u2019ann\u00e9e de Terminale de Daniel, qui doit aujourd\u2019hui avoir la cinquantaine. Et \u00e0 la fin du livre, on est tous Daniel, ou on l\u2019a tous connu\u2026 Probablement le livre le plus touchant et le plus doux-amer du trublion du monde litt\u00e9raire fran\u00e7ais actuel.<br \/>\n<img fetchpriority=\"high\" decoding=\"async\" class=\"size-full wp-image-160375 lazyload\" alt=\"Fabrice-Caro-2024\" width=\"800\" height=\"516\" src=\"https:\/\/www.europesays.com\/fr\/wp-content\/uploads\/2025\/09\/Fabrice-Caro-2024.jpg\"  data- data-eio-rwidth=\"800\" data-eio-rheight=\"516\"\/>Francesca Mantovani \u00a9 Editions Gallimard<\/p>\n<p>\u00ab\u00a0Il venait d\u2019avoir 18 ans\u00a0\u00bb : Daniel et ses potes, Daniel et ses amourettes contrari\u00e9es, Daniel et les filles, Daniel passe le bac\u2026 petit r\u00e9sum\u00e9 de cet ouvrage qui d\u00e9taille toute une ann\u00e9e scolaire de cet adolescent aux portes de l\u2019\u00e2ge adulte, probable incarnation de l\u2019auteur tant les d\u00e9tails semblent pr\u00e9cis et authentiques. En tous les cas, tous les \u00e9l\u00e9ments sugg\u00e9r\u00e9s dans ce roman \u2013 des disques de la chanteuse <strong>Elsa<\/strong> au film Le Cercle des Po\u00e8tes Disparus qui est ador\u00e9 dans les pages \u2013 convergent vers des personnages qui sont aujourd\u2019hui entr\u00e9s dans une cinquantaine \u2013 soit le d\u00e9but de la fin\u2026<\/p>\n<p><img loading=\"lazy\" decoding=\"async\" class=\"size-full wp-image-177619 alignleft lazyload\" alt=\"Les derniers jours de lapesanteur\" width=\"350\" height=\"512\" src=\"https:\/\/www.europesays.com\/fr\/wp-content\/uploads\/2025\/09\/Les-derniers-jours-de-lapesanteur.jpg\" data-eio-rwidth=\"350\" data-eio-rheight=\"512\"\/>De fait \u2013 et possiblement parce que j\u2019ai le m\u00eame \u00e2ge que <strong>Fabrice Caro<\/strong> \u2013 l\u2019\u00e9cho des situations dr\u00f4les et souvent\u00a0 ridicules qui s\u2019encha\u00eenent dans \u00ab\u00a0les derniers jours de l\u2019apesanteur\u00a0\u00bb, (me) rendent particuli\u00e8rement nostalgiques. La force de l\u2019\u00e9criture de <strong>Caro<\/strong>, depuis Le Discours, est de faire de ces moments d\u2019\u00e9criture des \u00e9pisodes de vie qui parlent forc\u00e9ment \u00e0 tout son lectorat. N\u2019importe qui ayant ouvert un de ses romans ou BD s\u2019est un jour exclam\u00e9 \u00ab\u00a0Mais c\u2019est TELLEMENT CA !\u00a0\u00bb. D\u2019o\u00f9 le succ\u00e8s solide et permanent de cet \u00e9crivain \u00e0 la fois l\u00e9ger et tr\u00e8s contemporain, au verbe qui fait mouche et qui rassemble, \u00e0 l\u2019\u00e9criture fluide, simple et efficace, qui g\u00e9n\u00e8re bien souvent sourire ou \u00e9clats de rire.<\/p>\n<p>Pour autant, ici, une certaine \u00e9motion transpire dans le derniers tiers du livre. On oubliera le c\u00f4t\u00e9 suspense (peu convaincant) autour d\u2019un \u00e9l\u00e8ve qui dispara\u00eet et qu\u2019on recherche de mani\u00e8re peu active et cr\u00e9dible, pour se concentrer sur les derniers moments de Daniel au lyc\u00e9e, avec ses amis, les cours particuliers de maths qu\u2019il donne et qui n\u2019am\u00e8nent aucun r\u00e9sultat probant, ses dragues larv\u00e9es avec Cathy comme autant de semi-\u00e9checs\u2026 Et ses ultimes moments avant le passage du baccalaur\u00e9at, donc avant la fin des ann\u00e9es lyc\u00e9e, donc avant le passage \u00e0 la majorit\u00e9, DONC la mort de l\u2019enfance\u2026 sonnent un peu comme un glas doux-amer, un chant du cygne qui serre un peu la gorge sous les rires discrets\u2026 un petit quelque chose de tragique dans cette description nostalgique d\u2019une \u00e9poque o\u00f9 on croyait \u00e0 tout, on esp\u00e9rait tout et on avait quand m\u00eame d\u00e9j\u00e0 peur de tout.<\/p>\n<p>Loin du \u00ab\u00a0c\u2019\u00e9tait mieux avant\u00a0\u00bb, le dernier roman de <strong>Fabrice Caro<\/strong> pr\u00e9f\u00e8re le \u00ab\u00a0ah quelle \u00e9poque ! On \u00e9tait cons\u00a0\u00bb un brin nostalgique non pas d\u2019une d\u00e9cennie qu\u2019on regrette, mais d\u2019un moment de vie (la fin de l\u2019adolescence) qui r\u00e9sonne en chacun de nous comme un film pas si vieux, toujours vivace, mais empreint d\u2019une belle m\u00e9lancolie. Et Les Derniers Jours de l\u2019apesanteur, malgr\u00e9 quelques longueurs en milieu de parcours, brille de cette burlesque m\u00e9lancolie.<\/p>\n<p><img loading=\"lazy\" decoding=\"async\" class=\"alignnone lazyload\" alt=\"\" width=\"75\" height=\"14\" src=\"https:\/\/www.europesays.com\/fr\/wp-content\/uploads\/2025\/05\/4.gif\" data-eio-rwidth=\"200\" data-eio-rheight=\"41\"\/><\/p>\n<p>Jean-fran\u00e7ois Lahorgue<\/p>\n<p>Les Derniers jours de l\u2019apesanteur<br \/>Roman de Fabrice Caro<br \/>Editeur : Gallimard \/ collection Sygne<br \/>140 pages, 20\u20ac<br \/>Date de parution : 14 ao\u00fbt 2025<\/p>\n","protected":false},"excerpt":{"rendered":"Quand on ouvre un livre (ou une BD) de Fabrice Caro (ou Fabcaro), on sait qu\u2019on va se&hellip;\n","protected":false},"author":2,"featured_media":362850,"comment_status":"","ping_status":"","sticky":false,"template":"","format":"standard","meta":{"footnotes":""},"categories":[1357],"tags":[1379,58,59,1011,27,1380],"class_list":{"0":"post-362849","1":"post","2":"type-post","3":"status-publish","4":"format-standard","5":"has-post-thumbnail","7":"category-livres","8":"tag-books","9":"tag-divertissement","10":"tag-entertainment","11":"tag-fr","12":"tag-france","13":"tag-livres"},"share_on_mastodon":{"url":"https:\/\/pubeurope.com\/@fr\/115139515844876391","error":""},"_links":{"self":[{"href":"https:\/\/www.europesays.com\/fr\/wp-json\/wp\/v2\/posts\/362849","targetHints":{"allow":["GET"]}}],"collection":[{"href":"https:\/\/www.europesays.com\/fr\/wp-json\/wp\/v2\/posts"}],"about":[{"href":"https:\/\/www.europesays.com\/fr\/wp-json\/wp\/v2\/types\/post"}],"author":[{"embeddable":true,"href":"https:\/\/www.europesays.com\/fr\/wp-json\/wp\/v2\/users\/2"}],"replies":[{"embeddable":true,"href":"https:\/\/www.europesays.com\/fr\/wp-json\/wp\/v2\/comments?post=362849"}],"version-history":[{"count":0,"href":"https:\/\/www.europesays.com\/fr\/wp-json\/wp\/v2\/posts\/362849\/revisions"}],"wp:featuredmedia":[{"embeddable":true,"href":"https:\/\/www.europesays.com\/fr\/wp-json\/wp\/v2\/media\/362850"}],"wp:attachment":[{"href":"https:\/\/www.europesays.com\/fr\/wp-json\/wp\/v2\/media?parent=362849"}],"wp:term":[{"taxonomy":"category","embeddable":true,"href":"https:\/\/www.europesays.com\/fr\/wp-json\/wp\/v2\/categories?post=362849"},{"taxonomy":"post_tag","embeddable":true,"href":"https:\/\/www.europesays.com\/fr\/wp-json\/wp\/v2\/tags?post=362849"}],"curies":[{"name":"wp","href":"https:\/\/api.w.org\/{rel}","templated":true}]}}