{"id":362851,"date":"2025-09-03T08:52:08","date_gmt":"2025-09-03T08:52:08","guid":{"rendered":"https:\/\/www.europesays.com\/fr\/362851\/"},"modified":"2025-09-03T08:52:08","modified_gmt":"2025-09-03T08:52:08","slug":"jai-tres-peu-dormi-et-olivier-le-mari-de-delphine-colas-familles-nombreuses-transfere-au-chu-apres-le-diagnostic-des-medecins-purepeople","status":"publish","type":"post","link":"https:\/\/www.europesays.com\/fr\/362851\/","title":{"rendered":"&quot;J&#039;ai tr\u00e8s peu dormi et&#8230;&quot; : Olivier, le mari de Delphine Colas (Familles nombreuses), transf\u00e9r\u00e9 au CHU apr\u00e8s le diagnostic des m\u00e9decins &#8211; Purepeople"},"content":{"rendered":"<ol>\n<li><a href=\"https:\/\/news.google.com\/rss\/articles\/CBMi_wFBVV95cUxOSjAzMEdXUGx2eFREdjVCSWN3aDlDMFF2cWh1bE4yOEcxWlo4U3QwV2pSeHRsNWcza3d0RDRfNlZXUkhTWlBnVUUycDhVQnctMlI0aE5xbFNxNFNCUmhsSm9TdnUtb2hPaXdITFJxd2hnZmV1Y1RTQ01JUlhtci1rTXY4eVZxQlNzREl3LVlNbHR3a0x0OUthcDJMT2ZLTzFQb0FZRzg3bTF6Ym9EbDQyV0xKdjRJay1wNlJ5bnVQRkVaa3cxWUd2ei1qSVEzRzBYRDhMZWczSlZhR0VfQTBuMFJqN0QzdHBkQmlDWE1mYWRGVEJXR3A0TGNrc1g2TEE?oc=5\" target=\"_blank\" rel=\"nofollow noopener\">\u00ab\u00a0J&rsquo;ai tr\u00e8s peu dormi et&#8230;\u00a0\u00bb : Olivier, le mari de Delphine Colas (Familles nombreuses), transf\u00e9r\u00e9 au CHU apr\u00e8s le diagnostic des m\u00e9decins<\/a>&nbsp;&nbsp;Purepeople<\/li>\n<li><a href=\"https:\/\/news.google.com\/rss\/articles\/CBMiqgJBVV95cUxQQy0zVWRlN01iUVlsZjFmY09FNlVqc2RLRWl3WGN1dnNuSGJHQ1lWbGlYRWRodmJBX3lvaWdUVzAtWks2LTh2Y1dzM3pRbVowUGR6UkVxNmpzbTB2YkVoWVRacU9rQ2Zrb0lVUGw5MzdFNTVjaWN4MlVXdHZMQzN1WlNJenR5TTZzSHJzdFBsc254djZvbmV2Q2EyTmJTUlQ0U1BlczQ2OGFlTGZsSnlBemQxRTJBb3NvTVliTGpCVFBxZEpuQzVFRWZVcVl2TnlRb3JlakZCbXBmUUVVZFQ4NUszN3drWEdvUGJTUXNTNnBUbGs1X2VMdXRRTC0xMVpOX0Nzam5sdzFkMVZZUlZXcjZFQUVvLWQ3SDI4emdLWk1zLXpjdlRaM1N3?oc=5\" target=\"_blank\" rel=\"nofollow noopener\">\u201cIl souffre toujours \u00e9norm\u00e9ment\u201d : Delphine Colas (Familles nombreuses) enfin fix\u00e9e sur le mal qui tourmente son mari, elle confie son d\u00e9sarroi\u2026<\/a>&nbsp;&nbsp;T\u00e9l\u00e9 7 Jours<\/li>\n<li><a href=\"https:\/\/news.google.com\/rss\/articles\/CBMi9wFBVV95cUxNM3ZDWFhUcE5OTVBLR0ZYX2Fvdy02RDhGMzFZYkZROEQ0TEtyX0hka2hkSWJ1aVVvV2ZIVnlnUEtFcTBWQlRoLTFYZEJ1WnRkS1UzeF9UMGlpbElDdWJ3Q1lUMkxfQTBHT0M3cm1jRXFQN1hwd3pVeGY0bkVXNUdMZ2hvLVBoYTJJbGJpUEd6MWRLUWlTN0gxbjZCOG9ZYkc5cGdkWTlXN19faHFXcFJ1c3hVRHhNSXdOaFNHaF9ZMEZ6aXZCc1ZGbHdieF9UWFVXaEIxWThNVDRRM2lWZGZJVVVTUW9uWVNGc2hsMWlrXzlBa19WNlBn?oc=5\" target=\"_blank\" rel=\"nofollow noopener\">Delphine Colas r\u00e9v\u00e8le que son mari Olivier a \u00e9t\u00e9 transf\u00e9r\u00e9 en CHU elle \u00e9voque une nuit \u00ab\u00a0particuli\u00e8rement difficile\u00a0\u00bb<\/a>&nbsp;&nbsp;Portail Free<\/li>\n<li><a href=\"https:\/\/news.google.com\/rss\/articles\/CBMiigFBVV95cUxQaXJ3SG9PMVU2TGI5aGNLNWxjbTJIOFU5Uy1zNWZCOUthMVpkLTBiMlh4RkRQM2NGc01Na2k3V1U4S2Z4UndoeEhEcDgtWnVsdGprZmtnNGtmZmlFS1liZFN5WERBanRyZzZvOVBILVAwT1JBMTFLZWtGb2pUaEtWaXB6NTNLYjFUb3c?oc=5\" target=\"_blank\" rel=\"nofollow noopener\">\u00ab\u00a0On a d\u00fb annuler, on rentre direct\u00a0\u00bb : Le s\u00e9jour \u00e0 deux de Delphine Colas (Familles nombreuses) tourne au vinaigre<\/a>&nbsp;&nbsp;Yahoo Actualit\u00e9s<\/li>\n<li><a href=\"https:\/\/news.google.com\/rss\/articles\/CBMimwJBVV95cUxPRFFGZlZDMnplLVppZjczdWN0eGdpcHNJOGpiUWU2TzcxVVdXM1RUaVV6OVcyZ3R0MjdJSTBCVDR2TmJNMDFLZzZsU2hMbmFScVg1T3pOMU5XN3NwbDVEeXdHTkxmQ2lxQmplOEQ5bW5yWnhacEx5ajZZQy1FX2dOWk1QZ2hETWRzNE40VFhqVldFT1Q2cnhRN1lEdG90M3ZSUEFGQW16RmY5WTVHdk52Y0Q4ZGZSRzhqMHQtVWhvWHZSZFBLUDIyZmNGaTVFLWx6eG9Na3o2dkRsNkw5aW8yMWlNMFFVWlZ3Q0dfUlB5b0o1eHNoV1JRb2NJb042VHFhd1dhdjVReGxYRjBrYlpNM1hUc3YwZ3VHeTVJ?oc=5\" target=\"_blank\" rel=\"nofollow noopener\">\u00ab\u00a0J&rsquo;ai envie de fondre en larmes\u00a0\u00bb : Delphine Colas (Familles nombreuses) annonce le transfert de son mari Olivier dans un autre service hospitalier<\/a>&nbsp;&nbsp;T\u00e9l\u00e9 2 semaines<\/li>\n<\/ol>\n","protected":false},"excerpt":{"rendered":"\u00ab\u00a0J&rsquo;ai tr\u00e8s peu dormi et&#8230;\u00a0\u00bb : Olivier, le mari de Delphine Colas (Familles nombreuses), transf\u00e9r\u00e9 au CHU apr\u00e8s&hellip;\n","protected":false},"author":2,"featured_media":1445,"comment_status":"","ping_status":"","sticky":false,"template":"","format":"standard","meta":{"footnotes":""},"categories":[1356],"tags":[58,59,1011,27,252,1364],"class_list":{"0":"post-362851","1":"post","2":"type-post","3":"status-publish","4":"format-standard","5":"has-post-thumbnail","7":"category-television","8":"tag-divertissement","9":"tag-entertainment","10":"tag-fr","11":"tag-france","12":"tag-television","13":"tag-tv"},"share_on_mastodon":{"url":"https:\/\/pubeurope.com\/@fr\/115139519848794295","error":""},"_links":{"self":[{"href":"https:\/\/www.europesays.com\/fr\/wp-json\/wp\/v2\/posts\/362851","targetHints":{"allow":["GET"]}}],"collection":[{"href":"https:\/\/www.europesays.com\/fr\/wp-json\/wp\/v2\/posts"}],"about":[{"href":"https:\/\/www.europesays.com\/fr\/wp-json\/wp\/v2\/types\/post"}],"author":[{"embeddable":true,"href":"https:\/\/www.europesays.com\/fr\/wp-json\/wp\/v2\/users\/2"}],"replies":[{"embeddable":true,"href":"https:\/\/www.europesays.com\/fr\/wp-json\/wp\/v2\/comments?post=362851"}],"version-history":[{"count":0,"href":"https:\/\/www.europesays.com\/fr\/wp-json\/wp\/v2\/posts\/362851\/revisions"}],"wp:featuredmedia":[{"embeddable":true,"href":"https:\/\/www.europesays.com\/fr\/wp-json\/wp\/v2\/media\/1445"}],"wp:attachment":[{"href":"https:\/\/www.europesays.com\/fr\/wp-json\/wp\/v2\/media?parent=362851"}],"wp:term":[{"taxonomy":"category","embeddable":true,"href":"https:\/\/www.europesays.com\/fr\/wp-json\/wp\/v2\/categories?post=362851"},{"taxonomy":"post_tag","embeddable":true,"href":"https:\/\/www.europesays.com\/fr\/wp-json\/wp\/v2\/tags?post=362851"}],"curies":[{"name":"wp","href":"https:\/\/api.w.org\/{rel}","templated":true}]}}