{"id":362852,"date":"2025-09-03T08:53:11","date_gmt":"2025-09-03T08:53:11","guid":{"rendered":"https:\/\/www.europesays.com\/fr\/362852\/"},"modified":"2025-09-03T08:53:11","modified_gmt":"2025-09-03T08:53:11","slug":"celine-dion-raconte-deux-ou-lhistoire-dun-succes-mondial-qui-netait-pas-gagne-davance","status":"publish","type":"post","link":"https:\/\/www.europesays.com\/fr\/362852\/","title":{"rendered":"\u00ab\u00a0C\u00e9line Dion raconte D\u2019eux\u00a0\u00bb ou l\u2019histoire d\u2019un succ\u00e8s mondial qui n\u2019\u00e9tait pas gagn\u00e9 d\u2019avance"},"content":{"rendered":"<p>Il y a les chiffres. Dix millions d\u2019exemplaires vendus dans le monde, un record pour un disque francophone. Quarante-quatre semaines \u00e0 la premi\u00e8re place du Top Albums en France. Douze semaines, soit le temps qu\u2019est rest\u00e9e Pour que tu m\u2019aimes encore en t\u00eate du Top 50\u2026<\/p>\n<p>Mais ce qui permet vraiment de mesurer le succ\u00e8s, l\u2019impact et la long\u00e9vit\u00e9 de l\u2019album D\u2019eux de <a href=\"https:\/\/www.20minutes.fr\/dossier\/celine-dion\" class=\"c-link c-link--is-underlined\" target=\"_blank\" rel=\"noopener\">C\u00e9line Dion<\/a> c\u2019est de constater \u00e0 quel point l\u2019on conna\u00eet les chansons qui le composent alors que seulement deux singles ont \u00e9t\u00e9 extraits du disque. J\u2019irais o\u00f9 tu iras, Destin, Les derniers seront les premiers, Vole, Pri\u00e8re pa\u00efenne\u2026 autant de classiques du r\u00e9pertoire francophone et d\u2019incontournables des karaok\u00e9s qui figurent sur cet album, \u00e9crit et compos\u00e9 par <a href=\"https:\/\/www.20minutes.fr\/dossier\/jean-jacques-goldman\" class=\"c-link c-link--is-underlined\" target=\"_blank\" rel=\"noopener\">Jean-Jacques Goldman<\/a> et sorti il y a trente ans.<\/p>\n<p>Les yaourts de Goldman<\/p>\n<p>C\u2019est <a href=\"https:\/\/www.20minutes.fr\/arts-stars\/4167636-20250812-celine-raconte-verra-emission-celine-dion-m6-rentree\" class=\"c-link c-link--is-underlined\" target=\"_blank\" rel=\"noopener\">cette histoire que retrace C\u00e9line Dion raconte D\u2019eux<\/a> diffus\u00e9 ce mercredi \u00e0 21h10 sur <a href=\"https:\/\/www.20minutes.fr\/dossier\/m6\" class=\"c-link c-link--is-underlined\" target=\"_blank\" rel=\"noopener\">M6<\/a>. Ce documentaire narre ce que les fans savent peut-\u00eatre d\u00e9j\u00e0 mais qui, pour le grand public, se r\u00e9v\u00e8le \u00eatre un r\u00e9cit passionnant, celui de la construction d\u2019un mythe. Comme son titre l\u2019indique, l\u2019artiste est aux premi\u00e8res loges pour t\u00e9moigner. L\u2019entretien, enregistr\u00e9 en mai \u00e0 Las Vegas, sert de fil rouge au milieu des nombreuses images d\u2019archives, dont certaines in\u00e9dites, et interventions d\u2019autres visages de la culture populaire fran\u00e7aise (<a href=\"https:\/\/www.20minutes.fr\/television\/michel-drucker\/\" class=\"c-link c-link--is-underlined\" target=\"_blank\" rel=\"noopener\">Michel Drucker<\/a>, Nagui, Amel Bent\u2026) et qu\u00e9b\u00e9coise (Garou, Pierre Lapointe\u2026).<\/p>\n<\/p>\n<p>C\u00e9line Dion fait du C\u00e9line Dion et n\u2019\u00e9conomise ni ses formulations truculentes ni ses anecdotes &#8211; voir \u00e0 quel point elle insiste sur le go\u00fbt de Jean-Jacques Goldman pour les yaourts en tube. L\u2019\u00e9motion affleure r\u00e9guli\u00e8rement lorsqu\u2019elle se rem\u00e9more les diff\u00e9rentes \u00e9tapes de la conception de ce disque qui a chang\u00e9 sa vie.<\/p>\n<p>Car rien n\u2019\u00e9tait gagn\u00e9 d\u2019avance. Au d\u00e9but des ann\u00e9es\u00a01990, C\u00e9line Dion est loin d\u2019\u00eatre une star aux yeux du public fran\u00e7ais. Au Canada, c\u2019est Jean-Jacques Goldman qui est un total inconnu. Mais ce dernier a d\u00e9cel\u00e9 un potentiel restant \u00e0 exploiter chez la chanteuse. Si bien qu\u2019il s\u2019est plong\u00e9 dans toutes les interviews qu\u2019elle a pu donner et qu\u2019il s\u2019est lui-m\u00eame entretenu avec elle pour la cerner au mieux. Et \u00e9crire des chansons lui correspondant tout \u00e0 fait.<\/p>\n<p>Apprendre \u00e0 \u00ab\u00a0d\u00e9chanter\u00a0\u00bb<\/p>\n<p>La magie a op\u00e9r\u00e9. C\u00e9line Dion et son manager et mari Ren\u00e9 Ang\u00e9lil n\u2019ont pu retenir leurs larmes devant tant de pertinence en \u00e9coutant les maquettes. Jean-Jacques Goldman est aussi celui qui a fait \u00ab\u00a0d\u00e9chanter\u00a0\u00bb la diva. Il lui a appris \u00e0 ne pas en faire trop dans les \u00e9motions lorsque le texte s\u2019en charge d\u00e9j\u00e0. Il l\u2019a pouss\u00e9e \u00e0 arr\u00eater de rouler les \u00ab\u00a0r\u00a0\u00bb. \u00ab\u00a0J\u2019ai d\u00e9chant\u00e9 et j\u2019ai enlev\u00e9 tous les \u00ab\u00a0r\u00a0\u00bb. Et l\u00e0, c\u2019\u00e9tait extraordinaire\u00a0\u00bb, confie la chanteuse.<\/p>\n<p><a href=\"https:\/\/www.20minutes.fr\/dossier\/celine-dion\" class=\"c-link c-btn c-btn--primary\" target=\"_blank\" rel=\"noopener\">Nos articles sur C\u00e9line Dion<\/a><\/p>\n<p>La suite, on la conna\u00eet, et, d\u2019ailleurs, le documentaire nous replonge trente ans en arri\u00e8re, faisant immanquablement ressurgir nos propres souvenirs de cette \u00e9poque. On comprend alors mieux pourquoi, en\u00a02025, il n\u2019est pas n\u00e9cessaire qu\u2019on nous jette de sort pour qu\u2019on aime encore D\u2019eux.<\/p>\n","protected":false},"excerpt":{"rendered":"Il y a les chiffres. Dix millions d\u2019exemplaires vendus dans le monde, un record pour un disque francophone.&hellip;\n","protected":false},"author":2,"featured_media":362853,"comment_status":"","ping_status":"","sticky":false,"template":"","format":"standard","meta":{"footnotes":""},"categories":[1355],"tags":[7043,1695,5551,251,58,59,1011,27,7195,494,1361,873,252],"class_list":{"0":"post-362852","1":"post","2":"type-post","3":"status-publish","4":"format-standard","5":"has-post-thumbnail","7":"category-musique","8":"tag-celine-dion","9":"tag-chanson","10":"tag-chanson-francaise","11":"tag-culture","12":"tag-divertissement","13":"tag-entertainment","14":"tag-fr","15":"tag-france","16":"tag-jean-jacques-goldman","17":"tag-m6","18":"tag-music","19":"tag-musique","20":"tag-television"},"share_on_mastodon":{"url":"https:\/\/pubeurope.com\/@fr\/115139523690483259","error":""},"_links":{"self":[{"href":"https:\/\/www.europesays.com\/fr\/wp-json\/wp\/v2\/posts\/362852","targetHints":{"allow":["GET"]}}],"collection":[{"href":"https:\/\/www.europesays.com\/fr\/wp-json\/wp\/v2\/posts"}],"about":[{"href":"https:\/\/www.europesays.com\/fr\/wp-json\/wp\/v2\/types\/post"}],"author":[{"embeddable":true,"href":"https:\/\/www.europesays.com\/fr\/wp-json\/wp\/v2\/users\/2"}],"replies":[{"embeddable":true,"href":"https:\/\/www.europesays.com\/fr\/wp-json\/wp\/v2\/comments?post=362852"}],"version-history":[{"count":0,"href":"https:\/\/www.europesays.com\/fr\/wp-json\/wp\/v2\/posts\/362852\/revisions"}],"wp:featuredmedia":[{"embeddable":true,"href":"https:\/\/www.europesays.com\/fr\/wp-json\/wp\/v2\/media\/362853"}],"wp:attachment":[{"href":"https:\/\/www.europesays.com\/fr\/wp-json\/wp\/v2\/media?parent=362852"}],"wp:term":[{"taxonomy":"category","embeddable":true,"href":"https:\/\/www.europesays.com\/fr\/wp-json\/wp\/v2\/categories?post=362852"},{"taxonomy":"post_tag","embeddable":true,"href":"https:\/\/www.europesays.com\/fr\/wp-json\/wp\/v2\/tags?post=362852"}],"curies":[{"name":"wp","href":"https:\/\/api.w.org\/{rel}","templated":true}]}}