{"id":362854,"date":"2025-09-03T08:54:31","date_gmt":"2025-09-03T08:54:31","guid":{"rendered":"https:\/\/www.europesays.com\/fr\/362854\/"},"modified":"2025-09-03T08:54:31","modified_gmt":"2025-09-03T08:54:31","slug":"la-scandaleuse-de-berlin-de-billy-wilder-notre-critique","status":"publish","type":"post","link":"https:\/\/www.europesays.com\/fr\/362854\/","title":{"rendered":"\u201cLa\u00a0Scandaleuse de Berlin\u201d, de Billy Wilder\u00a0: notre critique"},"content":{"rendered":"\n<ul class=\"sheet__notation-container sheet__notation-container--no-img\">\n<li class=\"sheet__notation\"><img decoding=\"async\" src=\"https:\/\/www.telerama.fr\/dist\/assets\/img\/icons\/notation\/notation-4.svg\" alt=\"Tr\u00e8s Bien\"\/><\/li>\n<li class=\"sheet__notation-label\">Tr\u00e8s Bien<\/li>\n<\/ul>\n<p>            <a href=\"https:\/\/www.europesays.com\/fr\/wp-content\/uploads\/2025\/09\/2551768c472546b4b4f2b786ece87e31.jpg\" data-pswp-width=\"\" data-pswp-height=\"\" class=\"media__hd\" target=\"_blank\">      <img decoding=\"async\" fetchpriority=\"high\" src=\"https:\/\/www.europesays.com\/fr\/wp-content\/uploads\/2025\/09\/2551768c472546b4b4f2b786ece87e31.jpg\" class=\"media__picture js-media-zoom-main \" alt=\"\" title=\"\"\/>       <\/a>                  <\/p>\n<p class=\"author author--simple\">Par  <a class=\"author author--link\" href=\"https:\/\/www.telerama.fr\/recherche\/articles?q=Guillemette+Odicino\" target=\"_blank\" rel=\"noopener\"> Guillemette Odicino <\/a>    <\/p>\n<p class=\"publication__date\">Publi\u00e9 le 03 septembre 2025 \u00e0 07h30<\/p>\n<p>   Partager   <\/p>\n<ul class=\"sharing-popin--results\">\n<li class=\"sharing-popin--item sharing-popin--item-container\"> Partage  <\/li>\n<li data-share=\"linkedin\" class=\"sharing-popin--item\">  LinkedIn <\/li>\n<li data-share=\"facebook\" class=\"sharing-popin--item\">  Facebook <\/li>\n<li data-share=\"mail\" data-social=\"mail\" class=\"sharing-popin--item\">  Envoyer par email <\/li>\n<li data-share=\"copy\" class=\"sharing-popin--item\">  Copier le lien <\/li>\n<\/ul>\n<p>        Favoris       <\/p>\n<p>           Noter (0)          Critiquer (0)      <a class=\"openapp__link\" data-event=\"click-open-app\" data-deep-link=\"tlrm:\/\/element?id=cinema\/la-scandaleuse-de-berlin-de-billy-wilder-notre-critique_cri-7040434.php&amp;source=deeplink_site\">  Lire dans l&rsquo;application<br \/>\n  <\/a>                               <\/p>\n<p class=\"paragraph\">D\u00e8s les premi\u00e8res images, o\u00f9 des repr\u00e9sentants du Congr\u00e8s am\u00e9ricain survolent le Berlin en ruine de l\u2019imm\u00e9diat apr\u00e8s-guerre, le style incisif de Billy Wilder est \u00e0 l\u2019\u0153uvre\u00a0: \u00ab\u00a0Donner du pain \u00e0 celui qui a faim, c\u2019est de la d\u00e9mocratie. Mais le faire avec ostentation, c\u2019est de l\u2019imp\u00e9rialisme\u00a0\u00bb, lance l\u2019un d\u2019eux \u00e0 propos de l\u2019aide am\u00e9ricaine aux Berlinois. Le personnage de Jean Arthur, missionn\u00e9e pour v\u00e9rifier la bonne moralit\u00e9 des troupes d\u2019occupation (elle va tomber de haut\u00a0!), est un peu une cousine de\u00a0<a target=\"_blank\" href=\"https:\/\/www.telerama.fr\/cinema\/films\/ninotchka,4932.php\" rel=\"noopener\">Ninotchka<\/a> (dont Wilder co\u00e9crivit le sc\u00e9nario pour Lubitsch). La communiste pure et dure d\u00e9couvrait, horrifi\u00e9e, les plaisirs du capitalisme. La repr\u00e9sentante de l\u2019Iowa, elle, ouvre des yeux comme des soucoupes devant les magouilles et la \u00ab\u00a0fraternisation\u00a0\u00bb de l\u2019occupant avec l\u2019occup\u00e9\u00a0! Et c\u2019est avec un air narquois (le m\u00eame que celui que Billy Wilder jette sur l\u2019humanit\u00e9 en g\u00e9n\u00e9ral) que Marlene Dietrich chante\u00a0Black Market\u00a0dans un cabaret rempli de GI\u2026<\/p>\n<p class=\"paragraph\">Grande id\u00e9e que d\u2019avoir convaincu l\u2019actrice de jouer une ex-nazie reconvertie en chanteuse opportuniste, sans parler de son apparition dans le film\u00a0: la bouche pleine de dentifrice\u00a0! Ses dialogues avec l\u2019officier am\u00e9ricain qui la prot\u00e8ge (John Lund, un peu fade) sont de v\u00e9ritables feux d\u2019artifice de sous-entendus sexuels.\u00a0La\u00a0Scandaleuse de Berlin\u00a0est aussi un festival de regards en coin. Mais, derri\u00e8re la com\u00e9die tr\u00e8s insolente (le gag du gamin qui dessine des croix gamm\u00e9es partout est digne de\u00a0<a target=\"_blank\" href=\"https:\/\/www.telerama.fr\/cinema\/to-be-or-not-to-be-satire-mordante-d-ernst-lubitsch_cri-7037263.php\" rel=\"noopener\">To Be or Not to Be<\/a>\u00a0!), il y a la ville. En ruines. En cendres. Et le naturalisme des plans de Berlin (film\u00e9s en\u00a01947, avant le tournage) est, lui, d\u2019une profonde gravit\u00e9.<\/p>\n","protected":false},"excerpt":{"rendered":"Tr\u00e8s Bien Par Guillemette Odicino Publi\u00e9 le 03 septembre 2025 \u00e0 07h30 Partager Partage LinkedIn Facebook Envoyer par&hellip;\n","protected":false},"author":2,"featured_media":362855,"comment_status":"","ping_status":"","sticky":false,"template":"","format":"standard","meta":{"footnotes":""},"categories":[1354],"tags":[58,59,1346,1011,27,1360],"class_list":{"0":"post-362854","1":"post","2":"type-post","3":"status-publish","4":"format-standard","5":"has-post-thumbnail","7":"category-films","8":"tag-divertissement","9":"tag-entertainment","10":"tag-films","11":"tag-fr","12":"tag-france","13":"tag-movies"},"share_on_mastodon":{"url":"https:\/\/pubeurope.com\/@fr\/115139527650788627","error":""},"_links":{"self":[{"href":"https:\/\/www.europesays.com\/fr\/wp-json\/wp\/v2\/posts\/362854","targetHints":{"allow":["GET"]}}],"collection":[{"href":"https:\/\/www.europesays.com\/fr\/wp-json\/wp\/v2\/posts"}],"about":[{"href":"https:\/\/www.europesays.com\/fr\/wp-json\/wp\/v2\/types\/post"}],"author":[{"embeddable":true,"href":"https:\/\/www.europesays.com\/fr\/wp-json\/wp\/v2\/users\/2"}],"replies":[{"embeddable":true,"href":"https:\/\/www.europesays.com\/fr\/wp-json\/wp\/v2\/comments?post=362854"}],"version-history":[{"count":0,"href":"https:\/\/www.europesays.com\/fr\/wp-json\/wp\/v2\/posts\/362854\/revisions"}],"wp:featuredmedia":[{"embeddable":true,"href":"https:\/\/www.europesays.com\/fr\/wp-json\/wp\/v2\/media\/362855"}],"wp:attachment":[{"href":"https:\/\/www.europesays.com\/fr\/wp-json\/wp\/v2\/media?parent=362854"}],"wp:term":[{"taxonomy":"category","embeddable":true,"href":"https:\/\/www.europesays.com\/fr\/wp-json\/wp\/v2\/categories?post=362854"},{"taxonomy":"post_tag","embeddable":true,"href":"https:\/\/www.europesays.com\/fr\/wp-json\/wp\/v2\/tags?post=362854"}],"curies":[{"name":"wp","href":"https:\/\/api.w.org\/{rel}","templated":true}]}}