{"id":362860,"date":"2025-09-03T08:57:09","date_gmt":"2025-09-03T08:57:09","guid":{"rendered":"https:\/\/www.europesays.com\/fr\/362860\/"},"modified":"2025-09-03T08:57:09","modified_gmt":"2025-09-03T08:57:09","slug":"audiences-access-20h-tout-beau-tout-n9uf-avec-cyril-hanouna-fait-senvoler-w9-quotidien-et-yann-barthes-en-embuscade-sur-tmc","status":"publish","type":"post","link":"https:\/\/www.europesays.com\/fr\/362860\/","title":{"rendered":"Audiences access 20h : \u00ab\u00a0Tout beau, tout n9uf\u00a0\u00bb avec Cyril Hanouna fait s&rsquo;envoler W9, \u00ab\u00a0Quotidien\u00a0\u00bb et Yann Barth\u00e8s en embuscade sur TMC"},"content":{"rendered":"<p>Les JT<\/p>\n<p>Le \u00ab\u00a020 Heures\u00a0\u00bb de TF1 \u2013 <a href=\"https:\/\/www.ozap.com\/personnalite\/gilles-bouleau_e143149\" rel=\"nofollow noopener\" target=\"_blank\">Gilles Bouleau<\/a> (19h58-20h44) : <strong>5,47 millions (29,0%)<\/strong><br \/>Le \u00ab\u00a020 Heures\u00a0\u00bb de France 2 (19h57-20h30) \u2013 <a href=\"https:\/\/www.ozap.com\/personnalite\/lea-salame_e149105\" rel=\"nofollow noopener\" target=\"_blank\">L\u00e9a Salam\u00e9<\/a> : <strong>3,68 millions (21,1%)<\/strong><br \/>Le \u00ab\u00a020 Heures\u00a0\u00bb de France 2 (20h30-20h43) \u2013 L\u00e9a Salam\u00e9 : <strong>3,60 millions (19,0%)<\/strong><br \/>\u00ab\u00a0Le 19.45\u00a0\u00bb de M6 (19h48-20h22) &#8211; <a href=\"https:\/\/www.ozap.com\/personnalite\/xavier-de-moulins_e24038\" rel=\"nofollow noopener\" target=\"_blank\">Xavier de Moulins<\/a> :<strong> 2,07 millions (11,4%)<\/strong><\/p>\n<p>Sur TF1,\u00a0le \u00ab\u00a020 Heures\u00a0\u00bb de Gilles Bouleau fait montre d&rsquo;une stabilit\u00e9 remarquable (+ 0,3 point de part d&rsquo;audience versus J-1). L&rsquo;\u00e9dition a \u00e9t\u00e9 pl\u00e9biscit\u00e9e par 22,6% des 25-49 ans et 23,2% des Femmes responsables des achats \u00e2g\u00e9es de moins de 50 ans (FRDA-50).<br \/>Sur France 2, le \u00ab\u00a020 Heures\u00a0\u00bb de France 2, d\u00e9sormais pr\u00e9sent\u00e9 par L\u00e9a Salam\u00e9, accuse le coup. La journaliste \u00e9gare 340.000 t\u00e9l\u00e9spectateurs et 1,5 point de part d&rsquo;audience par rapport \u00e0 sa premi\u00e8re d\u00e9cevante de la veille. <a href=\"https:\/\/www.ozap.com\/actu\/audiences-apres-une-premiere-decevante-lea-salame-a-t-elle-maintenu-le-20-heures-de-france-2-au-dessus-des-4-millions-de-telespectateurs\/651430\" rel=\"nofollow noopener\" target=\"_blank\">Le d\u00e9tail \u00e0 lire ici<\/a>.<br \/>Sur M6, le \u00ab\u00a019.45\u00a0\u00bb de Xavier de Moulins franchit de nouveau la barre des 2 millions de t\u00e9l\u00e9spectateurs (+ 1,6 point de part d&rsquo;audience par rapport \u00e0 la veille).<\/p>\n<p>Les magazines<\/p>\n<p>\u00ab\u00a0Tout le sport\u00a0\u00bb (France 3 \/ 19h59-20h06) :<strong> \u00a0816.000 (4,5%)<\/strong><br \/>\u00ab\u00a0Ligue 1, le mag\u00a0\u00bb (France 3 \/ 20h06-20h12) : <strong>652.000 (3,5%)<\/strong>\u00a0<\/p>\n<p>Les talks<\/p>\n<p>\u00ab\u00a0Tout beau, tout n9uf\u00a0\u00bb (W9 \/ 21h00-21h16) : <strong>1,77 million (9,4%)<\/strong><br \/>\u00ab\u00a0Tout beau, tout n9uf &#8211; deuxi\u00e8me partie\u00a0\u00bb (W9 \/ 20h15-21h00) : <strong>1,19 million (6,3%)<\/strong><\/p>\n<p>\u00ab\u00a0Quotidien\u00a0\u00bb (TMC \/ 21h07-21h20) : <strong>1,75 million (9,3%)\u00a0<\/strong><br \/>\u00ab\u00a0Quotidien\u00a0\u00bb \u2013 partie 2 (TMC \/ 20h14-21h07) :\u00a0<strong>1,13 million (5,9%)\u00a0<\/strong><\/p>\n<p>\u00ab\u00a0C \u00e0 vous, la suite\u00a0\u00bb (France 5 \/ 20h45-21h02) :\u00a0<strong>836.000 (4,4%)<\/strong><br \/>\u00ab\u00a0C \u00e0 vous, la suite\u00a0\u00bb (France 5 \/ 20h04-20h45) :\u00a0<strong>514.000 (2,7%)<\/strong><\/p>\n<p>\u00ab\u00a028 minutes\u00a0\u00bb (Arte \/ 20h05) :<strong> 611.000 (3,2%)<\/strong><\/p>\n<p>Cyril Hanouna fait d\u00e9coller l&rsquo;access de W9. La derni\u00e8re partie de \u00ab\u00a0Tout beau, tout n9uf\u00a0\u00bb, diffus\u00e9e entre 21h00 et 21h16, a \u00e9t\u00e9 pl\u00e9biscit\u00e9e par <strong>1,77 million<\/strong> de t\u00e9l\u00e9spectateurs, soit <strong>9,4%<\/strong> du public (+ 260.000 t\u00e9l\u00e9spectateurs et + 1,7 point par rapport \u00e0 la veille). Sur cibles, les parts d&rsquo;audience atteignent 16,2% sur les 25-49 ans et 13,8% sur les FRDA-50. La P2, elle, ne suit pas la m\u00eame dynamique (- 110.000 t\u00e9l\u00e9spectateurs et &#8211; 0,4 point de part d&rsquo;audience en 24 heures). Cr\u00e9dit\u00e9e d&rsquo;une part d&rsquo;audience de <strong>4,3%<\/strong> du public ce mardi 2 septembre 2025, W9 occupe la 5e position devant France 5 (<strong>3,7%<\/strong>), TMC (<strong>3,3%<\/strong>) et Arte (<strong>2,9%<\/strong>).<\/p>\n<p>Sur TMC, \u00ab\u00a0Quotidien\u00a0\u00bb, leader sur cibles (20,5% sur les 25-49 ans et 20,7% sur les FRDA-50 en derni\u00e8re partie) est battu d&rsquo;un rien sur l&rsquo;ensemble du public. Le talk, pr\u00e9sent\u00e9 par Yann Barth\u00e8s, a f\u00e9d\u00e9r\u00e9 <strong>1,75 million<\/strong> de t\u00e9l\u00e9spectateurs dans son dernier quart d&rsquo;heure de diffusion, soit <strong>9,3%<\/strong> du public (+ 0,6 point versus J-1). La P2 laisse s&rsquo;\u00e9chapper en revanche un demi-point de part d&rsquo;audience sur la m\u00eame p\u00e9riode.<\/p>\n<p>De son c\u00f4t\u00e9, \u00ab\u00a0C \u00e0 vous, la suite\u00a0\u00bb reste sous le million dans son dernier quart d&rsquo;heure (- 0,2 point versus J-1). La partie principale est parfaitement stable. Sur Arte, \u00ab\u00a028 minutes\u00a0\u00bb, \u00e0 un bon niveau, glisse sous les 700.000 t\u00e9l\u00e9spectateurs (- 0,4 point de part d&rsquo;audience versus J-1).<\/p>\n<p>Sans d\u00e9coupage, \u00ab\u00a0Tout beau, tout n9uf\u00a0\u00bb, \u00ab\u00a0Quotidien\u00a0\u00bb et \u00ab\u00a0C \u00e0 vous\u00a0\u00bb ont respectivement f\u00e9d\u00e9r\u00e9 en moyenne<strong> 1,27 million<\/strong> (6,9% des 4+ et 10,5% des FRDA-50),<strong> 1,07 million<\/strong> (6,0% des 4+ et 13,1% des FRDA-50) et <strong>748.000 <\/strong>t\u00e9l\u00e9spectateurs (4,5% des 4+ et 1,7% des FRDA-50).<\/p>\n<p><strong>\u00c0 lire aussi : <\/strong><a href=\"https:\/\/www.ozap.com\/actu\/audiences-cyril-hanouna-a-t-il-fait-avec-tout-beau-tout-n9uf-sur-w9-une-meilleure-rentree-que-sur-c8-avec-tpmp-lan-passe\/651407\" rel=\"nofollow noopener\" target=\"_blank\"><strong>Audiences : Cyril Hanouna a-t-il fait avec \u00ab\u00a0Tout beau, tout n9uf\u00a0\u00bb sur W9 une meilleure rentr\u00e9e que sur C8 avec \u00ab\u00a0TPMP\u00a0\u00bb l&rsquo;an pass\u00e9 ?<\/strong><\/a><\/p>\n<p>Les feuilletons<\/p>\n<p>\u00ab\u00a0Un si grand soleil\u00a0\u00bb (France 3 \/ 20h45-21h08) : <strong>2,39 millions (12,7%)<\/strong><br \/>\u00ab\u00a0Sc\u00e8nes de m\u00e9nages\u00a0\u00bb (M6 \/ 20h47-21h01) : <strong>2,04 millions (10,8%)<\/strong><br \/>\u00ab\u00a0Plus belle la vie, encore plus belle\u00a0\u00bb (TF1 S\u00e9ries Films \/ 20h31-20h57) : <strong>281.000 (1,5%)<\/strong><\/p>\n<p>\u00ab\u00a0Un si grand soleil\u00a0\u00bb reprend des couleurs sur France 3 (+ 1,8 point en 24 heures).<br \/>\u00ab\u00a0Sc\u00e8nes de m\u00e9nages\u00a0\u00bb tombe sous les 11 points de part d&rsquo;audience (- 0,4 point versus J-1).<\/p>\n<p><a href=\"https:\/\/www.ozap.com\/actu\/face-au-fiasco-de-nouveau-jour-a-20h40-m6-change-lheure-de-programmation-de-son-feuilleton-quotidien-a-la-rentree\/651077\" rel=\"nofollow noopener\" target=\"_blank\">\u00c0 lire aussi : <strong>Face au fiasco de \u00ab\u00a0Nouveau Jour\u00a0\u00bb \u00e0 20h40, M6 change l&rsquo;heure de programmation de son feuilleton quotidien \u00e0 la rentr\u00e9e<\/strong><\/a><\/p>\n<p>Le docu-r\u00e9alit\u00e9<\/p>\n<p>\u00ab\u00a0Un d\u00eener presque parfait\u00a0\u00bb (Gulli \/ 19h50-20h57) :<strong> 185.000 (1,0%)<\/strong><\/p>\n<p>Chiffres M\u00e9diam\u00e9trie<\/p>\n","protected":false},"excerpt":{"rendered":"Les JT Le \u00ab\u00a020 Heures\u00a0\u00bb de TF1 \u2013 Gilles Bouleau (19h58-20h44) : 5,47 millions (29,0%)Le \u00ab\u00a020 Heures\u00a0\u00bb de&hellip;\n","protected":false},"author":2,"featured_media":362861,"comment_status":"","ping_status":"","sticky":false,"template":"","format":"standard","meta":{"footnotes":""},"categories":[8],"tags":[58,59,1011,27],"class_list":{"0":"post-362860","1":"post","2":"type-post","3":"status-publish","4":"format-standard","5":"has-post-thumbnail","7":"category-divertissement","8":"tag-divertissement","9":"tag-entertainment","10":"tag-fr","11":"tag-france"},"share_on_mastodon":{"url":"https:\/\/pubeurope.com\/@fr\/115139539395641235","error":""},"_links":{"self":[{"href":"https:\/\/www.europesays.com\/fr\/wp-json\/wp\/v2\/posts\/362860","targetHints":{"allow":["GET"]}}],"collection":[{"href":"https:\/\/www.europesays.com\/fr\/wp-json\/wp\/v2\/posts"}],"about":[{"href":"https:\/\/www.europesays.com\/fr\/wp-json\/wp\/v2\/types\/post"}],"author":[{"embeddable":true,"href":"https:\/\/www.europesays.com\/fr\/wp-json\/wp\/v2\/users\/2"}],"replies":[{"embeddable":true,"href":"https:\/\/www.europesays.com\/fr\/wp-json\/wp\/v2\/comments?post=362860"}],"version-history":[{"count":0,"href":"https:\/\/www.europesays.com\/fr\/wp-json\/wp\/v2\/posts\/362860\/revisions"}],"wp:featuredmedia":[{"embeddable":true,"href":"https:\/\/www.europesays.com\/fr\/wp-json\/wp\/v2\/media\/362861"}],"wp:attachment":[{"href":"https:\/\/www.europesays.com\/fr\/wp-json\/wp\/v2\/media?parent=362860"}],"wp:term":[{"taxonomy":"category","embeddable":true,"href":"https:\/\/www.europesays.com\/fr\/wp-json\/wp\/v2\/categories?post=362860"},{"taxonomy":"post_tag","embeddable":true,"href":"https:\/\/www.europesays.com\/fr\/wp-json\/wp\/v2\/tags?post=362860"}],"curies":[{"name":"wp","href":"https:\/\/api.w.org\/{rel}","templated":true}]}}