{"id":362864,"date":"2025-09-03T08:59:13","date_gmt":"2025-09-03T08:59:13","guid":{"rendered":"https:\/\/www.europesays.com\/fr\/362864\/"},"modified":"2025-09-03T08:59:13","modified_gmt":"2025-09-03T08:59:13","slug":"nouveau-record-pour-lor-et-les-banques-centrales-ny-sont-pas-pour-rien-ledito-de-charles-sannat","status":"publish","type":"post","link":"https:\/\/www.europesays.com\/fr\/362864\/","title":{"rendered":"\u00ab Nouveau record pour l&rsquo;or, et les banques centrales n&rsquo;y sont pas pour rien !\u00bb. L\u2019\u00e9dito de Charles SANNAT"},"content":{"rendered":"<p>Mes ch\u00e8res impertinentes, chers impertinents,<\/p>\n<p>Au moment o\u00f9 j\u2019\u00e9cris ces lignes l\u2019or est en train de battre de nouveaux records en dollars avec une acc\u00e9l\u00e9ration haussi\u00e8re spectaculaire de 100 dollars en une journ\u00e9e \u00e0 3 602 dollars l\u2019once au moment du pic !<\/p>\n<p><strong>Comment expliquer cette hausse brutale ?<\/strong><\/p>\n<p>Comme \u00e0 chaque fois avec l\u2019or, il faut du temps pour que les informations d\u00e9tenues par quelques-uns, que l\u2019on appelle les \u00ab\u00a0initi\u00e9s\u00a0\u00bb, arrivent aux oreilles du grand public. Il nous faudra donc attendre que la poussi\u00e8re retombe pour savoir qui savait \u00e9ventuellement avant tout le monde que par exemple Donald Trump allait prendre le contr\u00f4le de la FED, virer son gouverneur Powell et faire baisser les taux d\u2019int\u00e9r\u00eats. Ce n\u2019est pas la seule hypoth\u00e8se. Certains pourraient \u00eatre au courant d\u2019une nouvelle attaque massive et majeure d\u2019Isra\u00ebl contre l\u2019Iran pour un acte 2. Ou alors d\u2019autres pourraient savoir que la France sera d\u00e9grad\u00e9e tr\u00e8s prochainement et que cela va entra\u00eener une crise financi\u00e8re mondiale et un stress sur l\u2019euro et m\u00eame un risque syst\u00e9mique.<\/p>\n<p>Nous verrons bien.<\/p>\n<p>Ce qui est certain, c\u2019est que la situation financi\u00e8re n\u2019est pas reluisante, que nous vivons un affrontement majeur au niveau g\u00e9opolitique, que les tensions entre la Russie et l\u2019Otan sont exacerb\u00e9es et que tout peut d\u00e9g\u00e9n\u00e9rer en moins de temps qu\u2019il ne faudrait pour le dire.<\/p>\n<p>Mais je voulais aller un peu plus loin et partager avec vous une information importante communiqu\u00e9e par Mohammed El-Erian, conseiller chez Allianz qui a rachet\u00e9 le fonds PIMCO, le plus gros fonds obligataire de la plan\u00e8te et dont il \u00e9tait le PDG.<\/p>\n<p>Ce graphique, qui illustre comment les avoirs directs en or des banques centrales d\u00e9passent d\u00e9sormais ceux des bons du Tr\u00e9sor am\u00e9ricain pour la premi\u00e8re fois depuis une trentaine d\u2019ann\u00e9es, attire une attention consid\u00e9rable.<\/p>\n<blockquote class=\"twitter-tweet\">\n<p dir=\"ltr\" lang=\"en\">This chart, illustrating how central bank direct holdings of gold now exceed those of U.S. Treasuries for the first time in some thirty years, is attracting significant attention.<a href=\"https:\/\/twitter.com\/hashtag\/gold?src=hash&amp;ref_src=twsrc%5Etfw\" rel=\"nofollow noopener\" target=\"_blank\">#gold<\/a> <a href=\"https:\/\/twitter.com\/hashtag\/centralbanks?src=hash&amp;ref_src=twsrc%5Etfw\" rel=\"nofollow noopener\" target=\"_blank\">#centralbanks<\/a> <a href=\"https:\/\/twitter.com\/hashtag\/markets?src=hash&amp;ref_src=twsrc%5Etfw\" rel=\"nofollow noopener\" target=\"_blank\">#markets<\/a> <a href=\"https:\/\/twitter.com\/hashtag\/bonds?src=hash&amp;ref_src=twsrc%5Etfw\" rel=\"nofollow noopener\" target=\"_blank\">#bonds<\/a> <a href=\"https:\/\/t.co\/SVcFZzmdLu\" rel=\"nofollow\">pic.twitter.com\/SVcFZzmdLu<\/a><\/p>\n<p>\u2014 Mohamed A. El-Erian (@elerianm) <a href=\"https:\/\/twitter.com\/elerianm\/status\/1962275798619914297?ref_src=twsrc%5Etfw\" rel=\"nofollow noopener\" target=\"_blank\">August 31, 2025<\/a><\/p>\n<\/blockquote>\n<p>Les banques centrales du monde pr\u00e9f\u00e8rent d\u00e9tenir en r\u00e9serve de l\u2019or plut\u00f4t que des bons du Tr\u00e9sor am\u00e9ricain.<\/p>\n<p>C\u2019est logique.<\/p>\n<p><strong>JP Morgan disait d\u2019ailleurs il y a un si\u00e8cle que \u00ab\u00a0l\u2019or c\u2019est de l\u2019argent, tout le reste c\u2019est du cr\u00e9dit\u00a0\u00bb.<\/strong><\/p>\n<p>On devrait dire aujourd\u2019hui, que la seule vraie monnaie c\u2019est l\u2019or, et que tout le reste c\u2019est de la dette et que la dette, cela parfois, ne se rembourse pas.<\/p>\n<p>Et vous\u2026 avez-vous de l\u2019or ou avez-vous de la dette ?<\/p>\n<p>Si votre \u00e9pargne est sur des livrets A ou B, sur des LDD ou des PEL, en r\u00e9alit\u00e9 c\u2019est de la dette car cet argent vous a \u00e9t\u00e9 emprunt\u00e9. Si votre \u00e9pargne est sur un contrat d\u2019assurance-vie en fonds en euros, vous n\u2019avez pas d\u2019argent, vous avez des titres de dette car cet argent vous a \u00e9t\u00e9 emprunt\u00e9.<\/p>\n<p>Vous devez comprendre intimement que lorsque votre argent vous rapporte un taux d\u2019int\u00e9r\u00eat, c\u2019est qu\u2019il a \u00e9t\u00e9 pr\u00eat\u00e9 \u00e0 d\u2019autres qui le \u00ab\u00a0payent\u00a0\u00bb. Vous n\u2019avez plus d\u2019argent. Vous avez un titre de dette.<\/p>\n<p>L\u2019argent ne rapporte rien par nature. C\u2019est l\u2019op\u00e9ration \u00e9conomique que l\u2019on fait avec qui rapporte ou\u2026 pas.<\/p>\n<p>Si personne ne rembourse, alors la monnaie ne vaut plus rien. Elle n\u2019est que de la dette.<\/p>\n<p><a href=\"https:\/\/www.amazon.fr\/Yalta-Vers-monde-tripolaire-souverainistes\/dp\/B0F1LYMX5J\/ref=sr_1_1?dib=eyJ2IjoiMSJ9.BJk44KHsc-9Ul6ZnaQvL4Kg4izf7uXR940L9AzhtoZiDDu-7ySoG7jSMme6mXqedQtr2aEV3jiSHbrT6l3tIM__icrwE-0A-PKICCZnHNJ5ZKYses_nH3MOLduA4gQeQ35WAc8iquv6xDOgg_TeOaFwyon9Lv4-Mc8dVWGGEqg3YrbTAh0cw4xsVmBYeqhGeSXjk_H8i4MMHicXSoTBzVRAaw6ZQKKibsOKl9omMKOQS3FNCK94xsz8gWmFNAw_1k34P5ZhOsRRtXjBxvbINt1ZlTtH7bkGyPnJeHvsqlz8.ROiQty4yC98s_2Ium-wKxbO5T4kgQ9h05_O9K3LpAEA&amp;dib_tag=se&amp;keywords=yalta&amp;qid=1756835976&amp;sr=8-1\" target=\"_blank\" rel=\"noopener nofollow\"><img loading=\"lazy\" decoding=\"async\" class=\" wp-image-885412 alignleft\" src=\"data:image\/svg+xml,%3Csvg%20xmlns=\" http:=\"\" alt=\"\" width=\"188\" height=\"301\" data-lazy-src=\"https:\/\/www.europesays.com\/fr\/wp-content\/uploads\/2025\/09\/couverture-Yalta-2.0-livre-Amazon-375x600.png\"\/><\/a><\/p>\n<p>L\u2019or lui est la v\u00e9ritable monnaie.<\/p>\n<p>Enfin, est-ce le moment d\u2019acheter de l\u2019or ? Oui.<\/p>\n<p>C\u2019est m\u00eame le deuxi\u00e8me meilleur moment apr\u00e8s hier ! Ce sera d\u2019un point de vue analytique toujours le moment d\u2019acheter de l\u2019or tant que les dettes mondiales n\u2019auront pas \u00e9t\u00e9 apur\u00e9es et que les grands de ce monde ne se seront pas partag\u00e9s le monde dans un Yalta 2.0. Les abonn\u00e9s \u00e0 la lettre STRATEGIES disposent de ce dossier en PDF dans leurs espaces lecteurs. Pour les autres vous pouvez aussi <a href=\"https:\/\/www.amazon.fr\/Yalta-Vers-monde-tripolaire-souverainistes\/dp\/B0F1LYMX5J\/ref=sr_1_1?dib=eyJ2IjoiMSJ9.BJk44KHsc-9Ul6ZnaQvL4Kg4izf7uXR940L9AzhtoZiDDu-7ySoG7jSMme6mXqedQtr2aEV3jiSHbrT6l3tIM__icrwE-0A-PKICCZnHNJ5ZKYses_nH3MOLduA4gQeQ35WAc8iquv6xDOgg_TeOaFwyon9Lv4-Mc8dVWGGEqg3YrbTAh0cw4xsVmBYeqhGeSXjk_H8i4MMHicXSoTBzVRAaw6ZQKKibsOKl9omMKOQS3FNCK94xsz8gWmFNAw_1k34P5ZhOsRRtXjBxvbINt1ZlTtH7bkGyPnJeHvsqlz8.ROiQty4yC98s_2Ium-wKxbO5T4kgQ9h05_O9K3LpAEA&amp;dib_tag=se&amp;keywords=yalta&amp;qid=1756835976&amp;sr=8-1\" target=\"_blank\" rel=\"noopener nofollow\">acheter le livre imprim\u00e9 ici<\/a>.<\/p>\n<p><strong>Les 3 mois de tous les dangers pour votre \u00e9pargne !<\/strong><\/p>\n<p>Si j\u2019avais consacr\u00e9 le dernier dossier Strat\u00e9gie du mois de juillet au \u00ab budget Bayrou \u00bb ce n\u2019\u00e9tait pas pour rien.<\/p>\n<p>Cette fin d\u2019ann\u00e9e est porteuse de tous les dangers, car, nous pourrions vivre une crise de la dette pour la France, et si tous les \u00e9pargnants peuvent \u00e9chapper \u00e0 une crise boursi\u00e8re en ne d\u00e9tenant pas d\u2019actions ou pas beaucoup, personne, je dis bien personne dans un pays ne peut \u00e9chapper aux cons\u00e9quences d\u00e9sastreuses d\u2019une crise de la dette.<\/p>\n<p>Une crise de la dette, c\u2019est une aust\u00e9rit\u00e9 \u00e9conomique majeure et terrible.<\/p>\n<p>Une crise de la dette c\u2019est parfois aussi une saisie de l\u2019\u00e9pargne pour maintenir la solvabilit\u00e9 de l\u2019Etat. Rassurez-vous, nous sommes en \u00ab\u00a0d\u00e9mocratie\u00a0\u00bb, on ne saisira pas votre \u00e9pargne comme \u00e7a\u2026 non, on vous fera souscrire \u00e0 un emprunt obligatoire qui vous sera rembours\u00e9 un jour, on activera la loi Sapin et on emp\u00eachera les retraits des contrats d\u2019assurance-vie plus ou moins partiellement, bref, il existe des dizaines de possibilit\u00e9s pour maintenir la solvabilit\u00e9 de la France, car, ne vous y trompez pas, tous les \u00e9pargnants, tous les citoyens de notre pays, sont, sans le savoir vraiment, \u00ab\u00a0caution solidaire\u00a0\u00bb de l\u2019Etat en dernier recours.<\/p>\n<p>C\u2019est pour vous expliquer toutes les cons\u00e9quences possibles, pour vous exposer les diff\u00e9rents sc\u00e9narios les plus probables et aussi vous pr\u00e9senter les mesures que vous pouvez prendre pour prot\u00e9ger au mieux votre \u00e9pargne et vos \u00e9conomies que j\u2019ai \u00e9crit ce dossier. Il est en t\u00e9l\u00e9chargement dans vos espaces lecteurs pour tous<strong><a href=\"https:\/\/insolentiae.com\/espace-lecteur-lettre-strategie\/\" target=\"_blank\" rel=\"noopener nofollow\">\u00a0les abonn\u00e9s \u00e0 la lettre Strat\u00e9gie ici<\/a><\/strong>. Pour ceux qui veulent s\u2019abonner et avoir un longueur d\u2019avance sur les \u00e9v\u00e8nements et prot\u00e9ger leur \u00e9pargne,\u00a0<strong><a href=\"https:\/\/insolentiae.com\/produit\/abonnement-acces-a-la-lettre-strategie-et-aux-dossiers-speciaux-de-charles-sannat\/\" target=\"_blank\" rel=\"noopener nofollow\">tous les renseignements se trouvent l\u00e0<\/a><\/strong>.<\/p>\n<p>Je vous dis tout dans ce dossier, que je mettrai \u00e0 jour autant de fois que l\u2019\u00e9volution de l\u2019actualit\u00e9 et de la situation \u00e9conomique et politique l\u2019exigeront au cours des prochaines semaines pour vous accompagner au mieux. Voici les th\u00e8mes trait\u00e9s.<\/p>\n<p><img loading=\"lazy\" decoding=\"async\" class=\"alignnone wp-image-901501 size-full\" src=\"data:image\/svg+xml,%3Csvg%20xmlns=\" http:=\"\" data-lazy- data-lazy- alt=\"\" width=\"752\" height=\"405\" data-lazy-src=\"https:\/\/www.europesays.com\/fr\/wp-content\/uploads\/2025\/09\/LS-Bayrou.jpg\"\/><\/p>\n<p>Pour vous abonner et\u00a0<strong><a href=\"https:\/\/insolentiae.com\/produit\/abonnement-acces-a-la-lettre-strategie-et-aux-dossiers-speciaux-de-charles-sannat\/\" target=\"_blank\" rel=\"noopener nofollow\">t\u00e9l\u00e9charger le dossier \u00ab\u00a0La crise de la dette sera-t-elle \u00e9vit\u00e9e\u00a0\u00bb, c\u2019est ici<\/a><\/strong>.<\/p>\n<p>Il est d\u00e9j\u00e0 trop tard, mais tout n\u2019est pas perdu.<\/p>\n<p>Pr\u00e9parez-vous !<\/p>\n<p>Charles SANNAT<\/p>\n<p><a href=\"https:\/\/insolentiae.com\/boutique\/\" target=\"_blank\" rel=\"noopener nofollow\"><img loading=\"lazy\" decoding=\"async\" class=\"size-medium wp-image-901217 alignleft\" src=\"data:image\/svg+xml,%3Csvg%20xmlns=\" http:=\"\" alt=\"\" width=\"376\" height=\"600\" data-lazy-src=\"https:\/\/www.europesays.com\/fr\/wp-content\/uploads\/2025\/07\/Couverture-Budget-Bayrou-la-crise-de-la-dette-sera-t-elle-evitee-376x600.jpg\"\/><\/a>\u00ab Insolentiae \u00bb signifie \u00ab impertinence \u00bb en latin<br \/>Pour m\u2019\u00e9crire\u00a0<a href=\"https:\/\/insolentiae.com\/cdn-cgi\/l\/email-protection\" class=\"__cf_email__\" data-cfemail=\"44272c2536282137042d2a372b28212a302d25216a272b29\" rel=\"nofollow noopener\" target=\"_blank\">[email\u00a0protected]<\/a><br \/>Pour \u00e9crire \u00e0 ma femme\u00a0<a href=\"https:\/\/insolentiae.com\/cdn-cgi\/l\/email-protection\" class=\"__cf_email__\" data-cfemail=\"c0a8a5aca5aea580a9aeb3afaca5aeb4a9a1a5eea3afad\" rel=\"nofollow noopener\" target=\"_blank\">[email\u00a0protected]<\/a><\/p>\n<p><a href=\"https:\/\/insolentiae.com\/produit\/abonnement-acces-a-la-lettre-strategie-et-aux-dossiers-speciaux-de-charles-sannat\/?doing_wp_cron=1715699197.4551460742950439453125\" target=\"_blank\" rel=\"noopener nofollow\">Vous pouvez \u00e9galement vous abonner \u00e0 ma lettre mensuelle \u00ab STRAT\u00c9GIES \u00bb qui vous permettra d\u2019aller plus loin et dans laquelle je partage avec vous les solutions concr\u00e8tes \u00e0 mettre en \u0153uvre pour vous pr\u00e9parer au monde d\u2019apr\u00e8s. Ces solutions sont articul\u00e9es autour de l\u2019approche PEL \u2013 patrimoine, emploi, localisation. L\u2019id\u00e9e c\u2019est de partager avec vous les moyens et les m\u00e9thodes pour mettre en place votre r\u00e9silience personnelle et familiale.<\/a><\/p>\n<p><strong>\u00ab \u00c0 vouloir \u00e9touffer les r\u00e9volutions pacifiques, on rend in\u00e9vitables les r\u00e9volutions violentes \u00bb (JFK)<\/strong><\/p>\n<p>\u00ab Ceci est un article \u2018presslib\u2019, c\u2019est-\u00e0-dire libre de reproduction en tout ou en partie \u00e0 condition que le pr\u00e9sent alin\u00e9a soit reproduit \u00e0 sa suite. Insolentiae.com est le site sur lequel Charles Sannat s\u2019exprime quotidiennement et livre un d\u00e9cryptage impertinent et sans concession de l\u2019actualit\u00e9 \u00e9conomique. Merci de visiter mon site. Vous pouvez vous abonner gratuitement \u00e0 la lettre d\u2019information quotidienne sur www.insolentiae.com. \u00bb<\/p>\n<p><strong>IMPORTANT<\/strong>.\u00a0En vous connectant directement sur le site\u00a0<a href=\"http:\/\/www.insolentiae.com\/\" target=\"_blank\" rel=\"noopener nofollow\">insolentiae.com<\/a>\u00a0vous pouvez acc\u00e9der aux articles malgr\u00e9 tous les blocages. Si vous ne recevez pas la Newsletter ou si cette derni\u00e8re \u00e9tait bloqu\u00e9e, pensez \u00e0 vous connecter directement. Je ne cesse les publications qu\u2019au mois d\u2019ao\u00fbt et entre No\u00ebl et le jour de l\u2019an.<strong>\u00a0A noter les abonn\u00e9s orange.fr et wanadoo.fr sont particuli\u00e8rement touch\u00e9s par le ph\u00e9nom\u00e8ne inexplicable de non r\u00e9ception des lettres quotidiennes. Inscrivez-vous gratuitement avec une nouvelle adresse mail<\/strong><\/p>\n<p>\t\t\t\t\t<script async src=\"https:\/\/platform.twitter.com\/widgets.js\" charset=\"utf-8\"><\/script><\/p>\n","protected":false},"excerpt":{"rendered":"Mes ch\u00e8res impertinentes, chers impertinents, Au moment o\u00f9 j\u2019\u00e9cris ces lignes l\u2019or est en train de battre de&hellip;\n","protected":false},"author":2,"featured_media":362865,"comment_status":"","ping_status":"","sticky":false,"template":"","format":"standard","meta":{"footnotes":""},"categories":[6],"tags":[35,33,34,1011,27],"class_list":{"0":"post-362864","1":"post","2":"type-post","3":"status-publish","4":"format-standard","5":"has-post-thumbnail","7":"category-economie","8":"tag-business","9":"tag-economie","10":"tag-economy","11":"tag-fr","12":"tag-france"},"share_on_mastodon":{"url":"https:\/\/pubeurope.com\/@fr\/115139547166673298","error":""},"_links":{"self":[{"href":"https:\/\/www.europesays.com\/fr\/wp-json\/wp\/v2\/posts\/362864","targetHints":{"allow":["GET"]}}],"collection":[{"href":"https:\/\/www.europesays.com\/fr\/wp-json\/wp\/v2\/posts"}],"about":[{"href":"https:\/\/www.europesays.com\/fr\/wp-json\/wp\/v2\/types\/post"}],"author":[{"embeddable":true,"href":"https:\/\/www.europesays.com\/fr\/wp-json\/wp\/v2\/users\/2"}],"replies":[{"embeddable":true,"href":"https:\/\/www.europesays.com\/fr\/wp-json\/wp\/v2\/comments?post=362864"}],"version-history":[{"count":0,"href":"https:\/\/www.europesays.com\/fr\/wp-json\/wp\/v2\/posts\/362864\/revisions"}],"wp:featuredmedia":[{"embeddable":true,"href":"https:\/\/www.europesays.com\/fr\/wp-json\/wp\/v2\/media\/362865"}],"wp:attachment":[{"href":"https:\/\/www.europesays.com\/fr\/wp-json\/wp\/v2\/media?parent=362864"}],"wp:term":[{"taxonomy":"category","embeddable":true,"href":"https:\/\/www.europesays.com\/fr\/wp-json\/wp\/v2\/categories?post=362864"},{"taxonomy":"post_tag","embeddable":true,"href":"https:\/\/www.europesays.com\/fr\/wp-json\/wp\/v2\/tags?post=362864"}],"curies":[{"name":"wp","href":"https:\/\/api.w.org\/{rel}","templated":true}]}}