{"id":362866,"date":"2025-09-03T09:00:12","date_gmt":"2025-09-03T09:00:12","guid":{"rendered":"https:\/\/www.europesays.com\/fr\/362866\/"},"modified":"2025-09-03T09:00:12","modified_gmt":"2025-09-03T09:00:12","slug":"israel-accuse-emmanuel-macron-de-destabiliser-le-proche-orient-en-voulant-reconnaitre-un-etat-palestinien","status":"publish","type":"post","link":"https:\/\/www.europesays.com\/fr\/362866\/","title":{"rendered":"Isra\u00ebl accuse Emmanuel Macron de d\u00e9stabiliser le Proche-Orient en voulant reconna\u00eetre un Etat palestinien"},"content":{"rendered":"<p>   Isra\u00ebl accuse Emmanuel Macron de\u00a0d\u00e9stabiliser le\u00a0Proche-Orient en\u00a0voulant reconna\u00eetre un\u00a0Etat palestinien             <\/p>\n<p class=\"post__live-container--answer-text post__space-node\">Emmanuel Macron \u00ab\u00a0sape la stabilit\u00e9\u00a0\u00bb du Proche-Orient et ses actions sont \u00ab\u00a0dangereuses\u00a0\u00bb, a accus\u00e9 le chef de la diplomatie isra\u00e9lienne, Gideon Saar, apr\u00e8s une mise en garde du pr\u00e9sident fran\u00e7ais contre toute tentative isra\u00e9lienne d\u2019annexer des territoires en riposte \u00e0 la reconnaissance de la Palestine envisag\u00e9e par Paris.<\/p>\n<p class=\"post__live-container--answer-text post__space-node\">\u00ab\u00a0Macron tente d\u2019intervenir de l\u2019ext\u00e9rieur dans un conflit auquel il n\u2019est pas partie, d\u2019une mani\u00e8re compl\u00e8tement d\u00e9connect\u00e9e de la r\u00e9alit\u00e9 sur le terrain apr\u00e8s le 7\u00a0octobre\u00a0\u00bb 2023, date de l\u2019attaque du Hamas sur Isra\u00ebl ayant d\u00e9clench\u00e9 la guerre en cours \u00e0 Gaza, a \u00e9crit M.\u00a0Saar dans un message sur X publi\u00e9 mardi soir.<\/p>\n<p class=\"post__live-container--answer-text post__space-node\">\u00ab\u00a0Aucune offensive, tentative d\u2019annexion et de d\u00e9placement des populations n\u2019enrayera la dynamique que nous avons cr\u00e9\u00e9e avec le prince h\u00e9ritier [saoudien et dirigeant de facto de l\u2019Arabie saoudite, Mohammed Ben Salman] et \u00e0 laquelle de nombreux partenaires se sont d\u00e9j\u00e0 joints\u00a0\u00bb, avait d\u00e9clar\u00e9 un peu plus t\u00f4t le pr\u00e9sident fran\u00e7ais sur X.<\/p>\n<p class=\"post__live-container--answer-text post__space-node\">Dans ce message, M.\u00a0Macron rappelle qu\u2019il pr\u00e9sidera le 22\u00a0septembre avec le prince saoudien une conf\u00e9rence au si\u00e8ge de l\u2019Organisation des Nations unies (ONU) \u00e0 New York sur la \u00ab\u00a0solution \u00e0 deux Etats\u00a0\u00bb. A cette occasion, Paris doit formaliser, de concert avec plusieurs autres pays, comme l\u2019Australie, la Belgique ou le Canada, sa reconnaissance de l\u2019Etat de Palestine.<\/p>\n<p class=\"post__live-container--answer-text post__space-node\">Selon plusieurs m\u00e9dias isra\u00e9liens, le gouvernement isra\u00e9lien a d\u00e9battu r\u00e9cemment de l\u2019opportunit\u00e9 d\u2019annexer des territoires en Cisjordanie (territoire palestinien occup\u00e9 par Isra\u00ebl depuis 1967) en r\u00e9ponse \u00e0 cette initiative.<\/p>\n","protected":false},"excerpt":{"rendered":"Isra\u00ebl accuse Emmanuel Macron de\u00a0d\u00e9stabiliser le\u00a0Proche-Orient en\u00a0voulant reconna\u00eetre un\u00a0Etat palestinien Emmanuel Macron \u00ab\u00a0sape la stabilit\u00e9\u00a0\u00bb du Proche-Orient et&hellip;\n","protected":false},"author":2,"featured_media":362867,"comment_status":"","ping_status":"","sticky":false,"template":"","format":"standard","meta":{"footnotes":""},"categories":[5],"tags":[11,1011,27,14,12,28],"class_list":{"0":"post-362866","1":"post","2":"type-post","3":"status-publish","4":"format-standard","5":"has-post-thumbnail","7":"category-international","8":"tag-actualites","9":"tag-fr","10":"tag-france","11":"tag-international","12":"tag-news","13":"tag-world"},"share_on_mastodon":{"url":"https:\/\/pubeurope.com\/@fr\/115139551134661840","error":""},"_links":{"self":[{"href":"https:\/\/www.europesays.com\/fr\/wp-json\/wp\/v2\/posts\/362866","targetHints":{"allow":["GET"]}}],"collection":[{"href":"https:\/\/www.europesays.com\/fr\/wp-json\/wp\/v2\/posts"}],"about":[{"href":"https:\/\/www.europesays.com\/fr\/wp-json\/wp\/v2\/types\/post"}],"author":[{"embeddable":true,"href":"https:\/\/www.europesays.com\/fr\/wp-json\/wp\/v2\/users\/2"}],"replies":[{"embeddable":true,"href":"https:\/\/www.europesays.com\/fr\/wp-json\/wp\/v2\/comments?post=362866"}],"version-history":[{"count":0,"href":"https:\/\/www.europesays.com\/fr\/wp-json\/wp\/v2\/posts\/362866\/revisions"}],"wp:featuredmedia":[{"embeddable":true,"href":"https:\/\/www.europesays.com\/fr\/wp-json\/wp\/v2\/media\/362867"}],"wp:attachment":[{"href":"https:\/\/www.europesays.com\/fr\/wp-json\/wp\/v2\/media?parent=362866"}],"wp:term":[{"taxonomy":"category","embeddable":true,"href":"https:\/\/www.europesays.com\/fr\/wp-json\/wp\/v2\/categories?post=362866"},{"taxonomy":"post_tag","embeddable":true,"href":"https:\/\/www.europesays.com\/fr\/wp-json\/wp\/v2\/tags?post=362866"}],"curies":[{"name":"wp","href":"https:\/\/api.w.org\/{rel}","templated":true}]}}