{"id":362868,"date":"2025-09-03T09:01:11","date_gmt":"2025-09-03T09:01:11","guid":{"rendered":"https:\/\/www.europesays.com\/fr\/362868\/"},"modified":"2025-09-03T09:01:11","modified_gmt":"2025-09-03T09:01:11","slug":"la-cour-des-comptes-salue-un-chantier-rigoureux-et-des-couts-maitrises","status":"publish","type":"post","link":"https:\/\/www.europesays.com\/fr\/362868\/","title":{"rendered":"la Cour des comptes salue un chantier rigoureux et des co\u00fbts ma\u00eetris\u00e9s"},"content":{"rendered":"<p>                         <img loading=\"lazy\" decoding=\"async\" src=\"https:\/\/www.europesays.com\/fr\/wp-content\/uploads\/2025\/09\/963d631_ftp-import-images-1-f6uzfuetunru-5fa51ce321694ca9be03786ba264efde-0-d40f86708426490ebbf0ed35.jpeg\" alt=\"La cath\u00e9drale Notre-Dame de Paris, le 21\u00a0ao\u00fbt 2025.\"   width=\"664\" height=\"443\"\/>    La cath\u00e9drale Notre-Dame de Paris, le 21\u00a0ao\u00fbt 2025.  AURELIEN MORISSARD\/AP                 <\/p>\n<p class=\"article__paragraph  \">A l\u2019instar des deux pr\u00e9c\u00e9dents contr\u00f4les concernant <a href=\"https:\/\/www.lemonde.fr\/incendie-de-notre-dame\/\" rel=\"nofollow noopener\" target=\"_blank\">le chantier de restauration de Notre-Dame de Paris<\/a>, cons\u00e9cutif \u00e0 l\u2019incendie qui l\u2019avait ravag\u00e9e en\u00a02019, le troisi\u00e8me rapport publi\u00e9, mercredi 3\u00a0septembre, par la Cour des comptes est singuli\u00e8rement louangeur. \u00ab\u00a0Six ans apr\u00e8s l\u2019incendie, la r\u00e9ussite unanimement salu\u00e9e de la reconstruction de la cath\u00e9drale Notre-Dame de Paris dans le d\u00e9lai fix\u00e9, le soir de l\u2019incendie, par le pr\u00e9sident de la R\u00e9publique tient \u00e0 la fois \u00e0 l\u2019ambition d\u2019un calendrier constamment r\u00e9affirm\u00e9, \u00e0 un budget important gr\u00e2ce \u00e0 la g\u00e9n\u00e9rosit\u00e9 des donateurs, enfin \u00e0 la cr\u00e9ation d\u2019un \u00e9tablissement public ad hoc, \u00e0 la mission limit\u00e9e dans le temps, conduit et incarn\u00e9 par <a href=\"https:\/\/www.lemonde.fr\/disparitions\/article\/2023\/08\/19\/jean-louis-georgelin-general-charge-de-la-reconstruction-de-notre-dame-de-paris-est-mort_6185930_3382.html\" rel=\"nofollow noopener\" target=\"_blank\">le g\u00e9n\u00e9ral Georgelin<\/a>, puis par son \u201cbras droit\u201d, <a href=\"https:\/\/www.lemonde.fr\/societe\/article\/2023\/09\/07\/philippe-jost-bras-droit-du-general-georgelin-prend-la-tete-du-chantier-de-notre-dame-de-paris_6188252_3224.html\" rel=\"nofollow noopener\" target=\"_blank\">Philippe Jost<\/a>\u00a0\u00bb, saluent les rapporteurs, \u00e0 quelques jours de la r\u00e9ouverture du circuit de visite des deux tours de la cath\u00e9drale, sous la responsabilit\u00e9 du Centre des monuments nationaux.<\/p>\n<p>   Lire plus tard  <\/p>\n<p class=\"article__paragraph  \">De fait, les travaux, qui ont abouti \u00e0 la r\u00e9ouverture au public de la cath\u00e9drale, le 8\u00a0d\u00e9cembre\u00a02024, \u00ab\u00a0se sont d\u00e9roul\u00e9s dans un d\u00e9lai contraint et pour un co\u00fbt ma\u00eetris\u00e9\u00a0\u00bb, f\u00e9licitent les magistrats de la rue Cambon. Un miracle qui doit beaucoup \u00e0 l\u2019efficacit\u00e9 de l\u2019\u00e9tablissement public Reb\u00e2tir Notre-Dame de Paris, dont la mission s\u2019ach\u00e8vera le 31\u00a0d\u00e9cembre\u00a02028, date \u00e0 laquelle les travaux de restauration des \u00e9l\u00e9vations ext\u00e9rieures devraient \u00eatre termin\u00e9s, et tout autant \u00e0 la g\u00e9n\u00e9rosit\u00e9 des m\u00e9c\u00e8nes.<\/p>\n<p class=\"reading-mode-only \"><strong>Il vous reste 65.8% de cet article \u00e0 lire. La suite est r\u00e9serv\u00e9e aux abonn\u00e9s.<\/strong><\/p>\n","protected":false},"excerpt":{"rendered":"La cath\u00e9drale Notre-Dame de Paris, le 21\u00a0ao\u00fbt 2025. AURELIEN MORISSARD\/AP A l\u2019instar des deux pr\u00e9c\u00e9dents contr\u00f4les concernant le&hellip;\n","protected":false},"author":2,"featured_media":362869,"comment_status":"","ping_status":"","sticky":false,"template":"","format":"standard","meta":{"footnotes":""},"categories":[4],"tags":[11,1011,27,12,25],"class_list":{"0":"post-362868","1":"post","2":"type-post","3":"status-publish","4":"format-standard","5":"has-post-thumbnail","7":"category-france","8":"tag-actualites","9":"tag-fr","10":"tag-france","11":"tag-news","12":"tag-republique-francaise"},"share_on_mastodon":{"url":"https:\/\/pubeurope.com\/@fr\/115139555136709092","error":""},"_links":{"self":[{"href":"https:\/\/www.europesays.com\/fr\/wp-json\/wp\/v2\/posts\/362868","targetHints":{"allow":["GET"]}}],"collection":[{"href":"https:\/\/www.europesays.com\/fr\/wp-json\/wp\/v2\/posts"}],"about":[{"href":"https:\/\/www.europesays.com\/fr\/wp-json\/wp\/v2\/types\/post"}],"author":[{"embeddable":true,"href":"https:\/\/www.europesays.com\/fr\/wp-json\/wp\/v2\/users\/2"}],"replies":[{"embeddable":true,"href":"https:\/\/www.europesays.com\/fr\/wp-json\/wp\/v2\/comments?post=362868"}],"version-history":[{"count":0,"href":"https:\/\/www.europesays.com\/fr\/wp-json\/wp\/v2\/posts\/362868\/revisions"}],"wp:featuredmedia":[{"embeddable":true,"href":"https:\/\/www.europesays.com\/fr\/wp-json\/wp\/v2\/media\/362869"}],"wp:attachment":[{"href":"https:\/\/www.europesays.com\/fr\/wp-json\/wp\/v2\/media?parent=362868"}],"wp:term":[{"taxonomy":"category","embeddable":true,"href":"https:\/\/www.europesays.com\/fr\/wp-json\/wp\/v2\/categories?post=362868"},{"taxonomy":"post_tag","embeddable":true,"href":"https:\/\/www.europesays.com\/fr\/wp-json\/wp\/v2\/tags?post=362868"}],"curies":[{"name":"wp","href":"https:\/\/api.w.org\/{rel}","templated":true}]}}