{"id":362870,"date":"2025-09-03T09:02:10","date_gmt":"2025-09-03T09:02:10","guid":{"rendered":"https:\/\/www.europesays.com\/fr\/362870\/"},"modified":"2025-09-03T09:02:10","modified_gmt":"2025-09-03T09:02:10","slug":"les-seniors-sont-ils-vraiment-plus-riches-que-le-reste-de-la-population-les-donnees-surprenantes","status":"publish","type":"post","link":"https:\/\/www.europesays.com\/fr\/362870\/","title":{"rendered":"Les seniors sont-ils vraiment plus riches que le reste de la population ? Les donn\u00e9es surprenantes"},"content":{"rendered":"<p>Les seniors, ces retrait\u00e9s fran\u00e7ais, sont-ils vraiment install\u00e9s sur un tas d&rsquo;or, vivant des jours paisibles tandis que le reste de la population peine \u00e0 joindre les deux bouts ? La question taraude, fait d\u00e9bat lors des repas de famille et revient comme un boomerang dans les actualit\u00e9s. Entre images d&rsquo;\u00c9pinal et v\u00e9rit\u00e9s d\u00e9rangeantes, il est temps de creuser la r\u00e9alit\u00e9 sous la surface. Car si certains chiffres semblent donner raison \u00e0 cette croyance populaire, d&rsquo;autres apportent leur lot de nuances\u2026 et parfois m\u00eame, de surprises. Plongeons dans les coulisses financi\u00e8res des a\u00een\u00e9s, au-del\u00e0 des apparences.<\/p>\n<p>Derri\u00e8re le miroir de la retraite : une aisance financi\u00e8re surestim\u00e9e ?<br \/>\n Les st\u00e9r\u00e9otypes persistants sur le niveau de vie des seniors<\/p>\n<p>En France, difficile d&rsquo;\u00e9chapper \u00e0 l&rsquo;image du retrait\u00e9 combl\u00e9, vacancier infatigable sillonnant les routes, disposant d&rsquo;une maison confortable ou d&rsquo;un appartement pay\u00e9 depuis belle lurette. Ces clich\u00e9s ont la peau dure : on fait souvent rimer retraite avec <strong>s\u00e9r\u00e9nit\u00e9 financi\u00e8re<\/strong>. Mais cette vision, un brin idyllique, ne rend pas justice \u00e0 la diversit\u00e9 des r\u00e9alit\u00e9s v\u00e9cues par les seniors.<\/p>\n<p>Beaucoup s&rsquo;imaginent que la fin de la vie active signifie automatiquement une s\u00e9curisation du pouvoir d&rsquo;achat. Pourtant, derri\u00e8re ces images, les parcours sont multiples : entre ceux qui profitent d&rsquo;une <strong>pension cons\u00e9quente<\/strong> et ceux pour qui chaque euro compte, l&rsquo;\u00e9cart est parfois saisissant.<\/p>\n<p> Le panorama \u00e9conomique r\u00e9el des retrait\u00e9s en France<\/p>\n<p>Regarder de plus pr\u00e8s les revenus nets de la population retrait\u00e9e d\u00e9voile une <strong>mosa\u00efque bien plus contrast\u00e9e<\/strong> que les id\u00e9es re\u00e7ues. Si l&rsquo;on parle de niveau de vie, une notion qui inclut tous les revenus du m\u00e9nage rapport\u00e9s au nombre de personnes qui le composent, la m\u00e9diane reste comparable ou parfois l\u00e9g\u00e8rement sup\u00e9rieure \u00e0 celle des actifs. Mais cela ne signifie pas que tous roulent sur l&rsquo;or !<\/p>\n<p>Ce panorama s&rsquo;explique notamment par une structure de d\u00e9penses diff\u00e9rente : peu d&rsquo;enfants \u00e0 charge, des besoins de consommation parfois moindres, et surtout, un <strong>niveau important de propri\u00e9taires immobiliers<\/strong> qui \u00e9chappent aux affres de la hausse constante des loyers. Mais il ne faut pas se laisser tromper par la moyenne : derri\u00e8re elle, les variations sont bien r\u00e9elles.<\/p>\n<p>Taux de pauvret\u00e9, patrimoine et revenus : quand les chiffres cassent les id\u00e9es re\u00e7ues<br \/>\nSeniors et pauvret\u00e9 : comprendre des statistiques qui surprennent<\/p>\n<p>En 2025, <strong>seuls 10 % des retrait\u00e9s vivent sous le seuil de pauvret\u00e9<\/strong>, alors que <strong>14,4 % de la population globale<\/strong> est concern\u00e9e. Voil\u00e0 LA statistique qui bouscule les discussions : les seniors, en moyenne, sont donc <strong>moins touch\u00e9s par la pauvret\u00e9<\/strong> que l&rsquo;ensemble des Fran\u00e7ais.<\/p>\n<p>Mais que signifie ce chiffre ? Il s&rsquo;agit du pourcentage de retrait\u00e9s dont le revenu global est inf\u00e9rieur \u00e0 60 % du revenu m\u00e9dian national. Autrement dit, bien que les pensions puissent para\u00eetre modestes, elles offrent \u00e0 une majorit\u00e9 de seniors une certaine protection contre la pr\u00e9carit\u00e9. \u00c0 titre de comparaison, les actifs et les familles avec enfants sont plus fr\u00e9quemment soumis \u00e0 la pression d&rsquo;un niveau de vie inf\u00e9rieur.<\/p>\n<tr>\nCat\u00e9gorie<br \/>\nTaux de pauvret\u00e9 (%)<br \/>\n<\/tr>\n<tr>\n<td>Retrait\u00e9s<\/td>\n<td><strong>10,0<\/strong><\/td>\n<\/tr>\n<tr>\n<td>Ensemble de la population<\/td>\n<td><strong>14,4<\/strong><\/td>\n<\/tr>\n<tr>\n<td>Enfants de moins de 18 ans<\/td>\n<td>20,6<\/td>\n<\/tr>\n<p>Voil\u00e0 de quoi remettre en question certains pr\u00e9jug\u00e9s persistants.<\/p>\n<p>Des \u00e9carts de revenus aux diff\u00e9rences de patrimoine, une lecture nuanc\u00e9e<\/p>\n<p>La r\u00e9alit\u00e9 financi\u00e8re des seniors ne se r\u00e9sume pas uniquement \u00e0 la question de la pauvret\u00e9. <strong>Les \u00e9carts de revenus et surtout de patrimoine<\/strong> sont consid\u00e9rables selon les g\u00e9n\u00e9rations et les <a href=\"https:\/\/journaldesseniors.20minutes.fr\/retraite\/pourquoi-les-seniors-francais-sont-ils-parmi-ceux-qui-travaillent-le-moins-en-europe\/\" target=\"_blank\" rel=\"noopener\">trajectoires individuelles<\/a>. Beaucoup de retrait\u00e9s profitent d&rsquo;avantages structurels comme l&rsquo;acc\u00e8s \u00e0 la propri\u00e9t\u00e9, parfois h\u00e9rit\u00e9 ou acquis dans une p\u00e9riode plus favorable.<\/p>\n<p>Mais il serait trompeur d&rsquo;imaginer que tout senior baigne dans l&rsquo;abondance : l&rsquo;\u00e9cart entre les <strong>pensions les plus faibles et les plus \u00e9lev\u00e9es<\/strong> est souvent spectaculaire. Les plus modestes se d\u00e9brouillent avec des allocations cibl\u00e9es, tandis que d&rsquo;autres disposent d&rsquo;un patrimoine leur assurant une s\u00e9curit\u00e9 enviable.<\/p>\n<p>Seniors, propri\u00e9taires chanceux ou g\u00e9n\u00e9ration de la d\u00e9brouille ?<br \/>\nAcc\u00e8s au logement et transmission du patrimoine : un avantage pas pour tous<\/p>\n<p>Il est ind\u00e9niable : une large majorit\u00e9 des retrait\u00e9s sont propri\u00e9taires, souvent depuis plusieurs d\u00e9cennies. Cela repr\u00e9sente un <strong>matelas de s\u00e9curit\u00e9<\/strong>, limitant l&rsquo;impact de la flamb\u00e9e des loyers qui frappe durement les jeunes actifs ou les familles. Poss\u00e9der son logement permet de faire baisser le co\u00fbt de la vie au quotidien, et offre une tranquillit\u00e9 financi\u00e8re rassurante.<\/p>\n<p>Cependant, l&rsquo;acc\u00e8s \u00e0 la propri\u00e9t\u00e9 n&rsquo;est pas universel. Certains seniors, notamment dans les grandes villes ou parmi les veufs et veuves, vivent toujours en location ou ont connu des <a href=\"https:\/\/journaldesseniors.20minutes.fr\/retraite\/les-regles-du-chomage-pour-les-seniors-vont-changer-en-2025-et-ce-nest-pas-une-bonne-nouvelle\/\" target=\"_blank\" rel=\"noopener\">parcours de vie<\/a> sem\u00e9s d&#8217;emb\u00fbches. La transmission du patrimoine, v\u00e9ritable levier d&rsquo;enrichissement pour certains, reste donc tr\u00e8s in\u00e9gale et n&rsquo;a rien d&rsquo;automatique.<\/p>\n<p> Les disparit\u00e9s cach\u00e9es au sein m\u00eame des populations \u00e2g\u00e9es<\/p>\n<p>La population senior est tout sauf homog\u00e8ne : entre retrait\u00e9s du priv\u00e9, anciens fonctionnaires, <a href=\"https:\/\/journaldesseniors.20minutes.fr\/argent\/plus-de-55-ans-et-deja-sur-la-touche-ce-qui-menace-vraiment-lemploi-des-seniors\/\" target=\"_blank\" rel=\"noopener\">travailleurs ind\u00e9pendants<\/a>, la r\u00e9alit\u00e9 change du tout au tout. Les <strong>disparit\u00e9s r\u00e9gionales<\/strong> jouent aussi : vivre dans un petit village, o\u00f9 les prix de l&rsquo;immobilier demeurent accessibles, n&rsquo;est pas comparable \u00e0 un quotidien parisien, o\u00f9 une simple location peut grignoter une pension en un clin d&rsquo;\u0153il.<\/p>\n<p>Enfin, il existe un clivage g\u00e9n\u00e9rationnel au sein de la classe d&rsquo;\u00e2ge elle-m\u00eame : ceux qui sont partis \u00e0 la retraite il y a d\u00e9j\u00e0 20 ans profitent parfois d&rsquo;une stabilit\u00e9 acquise avant l&rsquo;explosion des co\u00fbts de la vie r\u00e9cente. Les plus r\u00e9cents retrait\u00e9s, eux, doivent souvent composer avec une pension rogn\u00e9e et des d\u00e9penses contraintes \u00e0 la hausse.<\/p>\n<p>Femmes, ruraux, veuves : tous les seniors ne naviguent pas dans le m\u00eame bateau<br \/>\n Les poches d&rsquo;in\u00e9galit\u00e9s qui persistent malgr\u00e9 la s\u00e9curit\u00e9 apparente<\/p>\n<p>Malgr\u00e9 une apparence de s\u00e9curit\u00e9, certaines cat\u00e9gories de seniors sont plus vuln\u00e9rables. On pense souvent en priorit\u00e9 aux <strong>femmes retrait\u00e9es<\/strong>, qui affichent un taux de pauvret\u00e9 plus \u00e9lev\u00e9 que les hommes : <strong>12 % contre 9,6 %<\/strong>. La raison ? Des carri\u00e8res souvent plus courtes, une pr\u00e9sence continue d&rsquo;in\u00e9galit\u00e9s salariales, et des pensions de r\u00e9version parfois insuffisantes.<\/p>\n<p>Le monde rural n&rsquo;est pas non plus pr\u00e9serv\u00e9 : avec des parcours professionnels hach\u00e9s, des emplois agricoles usants et de moindres perspectives de patrimoine, certains seniors font face \u00e0 des fins de mois d\u00e9licates, bien loin du clich\u00e9 du retrait\u00e9 privil\u00e9gi\u00e9.<\/p>\n<p> Zoom sur les profils de seniors les plus expos\u00e9s \u00e0 la pr\u00e9carit\u00e9<\/p>\n<p>Certains groupes cumulent les difficult\u00e9s : <strong>veuves, personnes de plus de 80 ans, m\u00e9nages isol\u00e9s<\/strong>\u2026 Le taux de pauvret\u00e9 grimpe dans ces cat\u00e9gories, fr\u00f4lant parfois les 10 %. \u00c0 cela s&rsquo;ajoute le fait que les pensions \u00e9voluent peu apr\u00e8s un certain \u00e2ge, tandis que les besoins en sant\u00e9 ou en adaptation du logement peuvent exploser. La situation favorable de certains retrait\u00e9s n&rsquo;est donc pas g\u00e9n\u00e9ralisable \u00e0 l&rsquo;ensemble de cette population.<\/p>\n<p>Revisiter nos perceptions : repenser le regard port\u00e9 sur la richesse des a\u00een\u00e9s<br \/>\n Ce que les donn\u00e9es r\u00e9v\u00e8lent sur la diversit\u00e9 des parcours<\/p>\n<p>Si les chiffres d\u00e9mentent l&rsquo;id\u00e9e que tous les seniors roulent sur l&rsquo;or, ils r\u00e9v\u00e8lent surtout une <strong>grande diversit\u00e9 des situations<\/strong>. Certes, le taux de pauvret\u00e9 reste inf\u00e9rieur \u00e0 la moyenne nationale : <strong>environ 10 %<\/strong> des a\u00een\u00e9s sous le seuil, contre <strong>14,4 %<\/strong> de l&rsquo;ensemble des Fran\u00e7ais. Mais la r\u00e9ussite d&rsquo;une g\u00e9n\u00e9ration ne doit pas masquer les d\u00e9fis persistants de certains.<\/p>\n<p>Les parcours de vie, les choix professionnels, la composition du m\u00e9nage, le contexte g\u00e9ographique p\u00e8sent lourdement sur le <strong>niveau de vie \u00e0 la retraite<\/strong>. Difficile, dans ces conditions, de tirer une conclusion unique : \u00e0 chaque senior, son histoire financi\u00e8re.<\/p>\n<p> De la n\u00e9cessaire prudence dans les comparaisons g\u00e9n\u00e9rationnelles<\/p>\n<p>Une chose est s\u00fbre : comparer la richesse des g\u00e9n\u00e9rations d&rsquo;un revers de main reste hasardeux. Revenus, patrimoine, acc\u00e8s \u00e0 la propri\u00e9t\u00e9, pression fiscale : tout bouge, tout varie au fil du temps. S&rsquo;il est ind\u00e9niable qu&rsquo;une part significative des seniors s&rsquo;en sort mieux que la moyenne aujourd&rsquo;hui, rien ne dit que ce sera le cas demain, dans un contexte d&rsquo;inflation et de march\u00e9 du travail en pleine mutation.<\/p>\n<p>En d\u00e9finitive, la question \u00ab Les seniors sont-ils vraiment plus riches que le reste de la population ? \u00bb n&rsquo;a pas de r\u00e9ponse tranch\u00e9e. Si les statistiques plaident largement pour une <strong>meilleure protection contre la pauvret\u00e9<\/strong> chez les a\u00een\u00e9s, elles rappellent aussi que les in\u00e9galit\u00e9s internes persistent et que la r\u00e9alit\u00e9 se vit toujours au pluriel. Il serait sans doute plus pertinent de cesser d&rsquo;opposer les g\u00e9n\u00e9rations pour mieux s&rsquo;interroger sur la fa\u00e7on de garantir la dignit\u00e9 et le confort de tous, \u00e0 chaque \u00e9tape de la vie.<\/p>\n","protected":false},"excerpt":{"rendered":"Les seniors, ces retrait\u00e9s fran\u00e7ais, sont-ils vraiment install\u00e9s sur un tas d&rsquo;or, vivant des jours paisibles tandis que&hellip;\n","protected":false},"author":2,"featured_media":362871,"comment_status":"","ping_status":"","sticky":false,"template":"","format":"standard","meta":{"footnotes":""},"categories":[2],"tags":[11,1011,27,12,56],"class_list":{"0":"post-362870","1":"post","2":"type-post","3":"status-publish","4":"format-standard","5":"has-post-thumbnail","7":"category-actualites","8":"tag-actualites","9":"tag-fr","10":"tag-france","11":"tag-news","12":"tag-push"},"share_on_mastodon":{"url":"https:\/\/pubeurope.com\/@fr\/115139559006979299","error":""},"_links":{"self":[{"href":"https:\/\/www.europesays.com\/fr\/wp-json\/wp\/v2\/posts\/362870","targetHints":{"allow":["GET"]}}],"collection":[{"href":"https:\/\/www.europesays.com\/fr\/wp-json\/wp\/v2\/posts"}],"about":[{"href":"https:\/\/www.europesays.com\/fr\/wp-json\/wp\/v2\/types\/post"}],"author":[{"embeddable":true,"href":"https:\/\/www.europesays.com\/fr\/wp-json\/wp\/v2\/users\/2"}],"replies":[{"embeddable":true,"href":"https:\/\/www.europesays.com\/fr\/wp-json\/wp\/v2\/comments?post=362870"}],"version-history":[{"count":0,"href":"https:\/\/www.europesays.com\/fr\/wp-json\/wp\/v2\/posts\/362870\/revisions"}],"wp:featuredmedia":[{"embeddable":true,"href":"https:\/\/www.europesays.com\/fr\/wp-json\/wp\/v2\/media\/362871"}],"wp:attachment":[{"href":"https:\/\/www.europesays.com\/fr\/wp-json\/wp\/v2\/media?parent=362870"}],"wp:term":[{"taxonomy":"category","embeddable":true,"href":"https:\/\/www.europesays.com\/fr\/wp-json\/wp\/v2\/categories?post=362870"},{"taxonomy":"post_tag","embeddable":true,"href":"https:\/\/www.europesays.com\/fr\/wp-json\/wp\/v2\/tags?post=362870"}],"curies":[{"name":"wp","href":"https:\/\/api.w.org\/{rel}","templated":true}]}}