{"id":362872,"date":"2025-09-03T09:03:09","date_gmt":"2025-09-03T09:03:09","guid":{"rendered":"https:\/\/www.europesays.com\/fr\/362872\/"},"modified":"2025-09-03T09:03:09","modified_gmt":"2025-09-03T09:03:09","slug":"sos-medecins-demenage-a-saint-etienne","status":"publish","type":"post","link":"https:\/\/www.europesays.com\/fr\/362872\/","title":{"rendered":"SOS m\u00e9decins d\u00e9m\u00e9nage \u00e0 Saint-Etienne"},"content":{"rendered":"<p>SOS M\u00e9decins, install\u00e9 sur le site de l\u2019h\u00f4pital Bellevue \u00e0 Saint-Etienne, d\u00e9m\u00e9nage cette semaine.&#13;\n<\/p>\n<p>Le service m\u00e9dical, install\u00e9 depuis 10 ans dans les anciens locaux du SAMU 42, sur le site de l\u2019h\u00f4pital Bellevue \u00e0 Saint-Etienne d\u00e9m\u00e9nage. D\u00e9sormais,<strong> les locaux de SOS M\u00e9decins seront bas\u00e9s 12 rue Marcel-Feguide dans le quartier de La Marandini\u00e8re.<\/strong><\/p>\n<p>Attention : le d\u00e9m\u00e9nagement est pr\u00e9vu ce jeudi 4 septembre. Le standard sera suspendu jusqu\u2019\u00e0 19h ce jour-l\u00e0.<\/p>\n<p>Vendredi 5 septembre \u00e0 8h, les 10 m\u00e9decins de SOS M\u00e9decins pourront accueillir de nouveau les patients dans les nouveaux locaux.<\/p>\n<p>ZF<\/p>\n","protected":false},"excerpt":{"rendered":"SOS M\u00e9decins, install\u00e9 sur le site de l\u2019h\u00f4pital Bellevue \u00e0 Saint-Etienne, d\u00e9m\u00e9nage cette semaine.&#13; Le service m\u00e9dical, install\u00e9&hellip;\n","protected":false},"author":2,"featured_media":362873,"comment_status":"","ping_status":"","sticky":false,"template":"","format":"standard","meta":{"footnotes":""},"categories":[9653],"tags":[1111,11,2430,1777,674,1011,27,12,25,4001],"class_list":{"0":"post-362872","1":"post","2":"type-post","3":"status-publish","4":"format-standard","5":"has-post-thumbnail","7":"category-saint-etienne","8":"tag-actu","9":"tag-actualites","10":"tag-auvergne-rhone-alpes","11":"tag-eu","12":"tag-europe","13":"tag-fr","14":"tag-france","15":"tag-news","16":"tag-republique-francaise","17":"tag-saint-etienne"},"share_on_mastodon":{"url":"https:\/\/pubeurope.com\/@fr\/115139562920804202","error":""},"_links":{"self":[{"href":"https:\/\/www.europesays.com\/fr\/wp-json\/wp\/v2\/posts\/362872","targetHints":{"allow":["GET"]}}],"collection":[{"href":"https:\/\/www.europesays.com\/fr\/wp-json\/wp\/v2\/posts"}],"about":[{"href":"https:\/\/www.europesays.com\/fr\/wp-json\/wp\/v2\/types\/post"}],"author":[{"embeddable":true,"href":"https:\/\/www.europesays.com\/fr\/wp-json\/wp\/v2\/users\/2"}],"replies":[{"embeddable":true,"href":"https:\/\/www.europesays.com\/fr\/wp-json\/wp\/v2\/comments?post=362872"}],"version-history":[{"count":0,"href":"https:\/\/www.europesays.com\/fr\/wp-json\/wp\/v2\/posts\/362872\/revisions"}],"wp:featuredmedia":[{"embeddable":true,"href":"https:\/\/www.europesays.com\/fr\/wp-json\/wp\/v2\/media\/362873"}],"wp:attachment":[{"href":"https:\/\/www.europesays.com\/fr\/wp-json\/wp\/v2\/media?parent=362872"}],"wp:term":[{"taxonomy":"category","embeddable":true,"href":"https:\/\/www.europesays.com\/fr\/wp-json\/wp\/v2\/categories?post=362872"},{"taxonomy":"post_tag","embeddable":true,"href":"https:\/\/www.europesays.com\/fr\/wp-json\/wp\/v2\/tags?post=362872"}],"curies":[{"name":"wp","href":"https:\/\/api.w.org\/{rel}","templated":true}]}}