{"id":362874,"date":"2025-09-03T09:04:17","date_gmt":"2025-09-03T09:04:17","guid":{"rendered":"https:\/\/www.europesays.com\/fr\/362874\/"},"modified":"2025-09-03T09:04:17","modified_gmt":"2025-09-03T09:04:17","slug":"beaune-trois-artistes-investissent-la-chapelle-saint-etienne","status":"publish","type":"post","link":"https:\/\/www.europesays.com\/fr\/362874\/","title":{"rendered":"Beaune &#8211; Trois artistes investissent la Chapelle Saint-\u00c9tienne"},"content":{"rendered":"<p>Du 4 au 17 septembre, peintures et sculptures dialoguent dans un cadre patrimonial unique, entre couleurs bourguignonnes, souvenirs r\u00e9invent\u00e9s et bronzes lumineux.<\/p>\n<p>Du 4 au 17 septembre, la Chapelle Saint-\u00c9tienne (place Ziem) accueille une exposition m\u00ealant peinture et sculpture, o\u00f9 trois artistes partageront leur regard singulier sur le monde : Roselyne Laloge, Robert H\u00e9zard et Nicole M\u00e9riot.<br \/>Dans le cadre prestigieux de la chapelle Saint-\u00c9tienne, les visiteurs pourront d\u00e9couvrir une exposition gratuite r\u00e9unissant trois univers artistiques compl\u00e9mentaires.<br \/><strong>Roselyne Laloge<\/strong>, peintre autodidacte originaire de Franche-Comt\u00e9, puise son inspiration dans les paysages du Haut-Doubs et les couleurs de la Bourgogne. Ses toiles \u00e0 l\u2019huile traduisent son attachement \u00e0 la nature et aux lumi\u00e8res changeantes des campagnes.<\/p>\n<p><img loading=\"lazy\" decoding=\"async\" style=\"display: block; margin-left: auto; margin-right: auto;\" src=\"https:\/\/www.europesays.com\/fr\/wp-content\/uploads\/2025\/09\/Capture_d_rsquo_e__cran_2025-09-03_a___10_21_01.png\" alt=\"\" width=\"332\" height=\"332\"\/><br \/><strong>Robert H\u00e9zard<\/strong>, form\u00e9 aux Beaux-Arts de Dijon dans les ann\u00e9es 1980 aux c\u00f4t\u00e9s de Yan Pei-Ming, propose une \u0153uvre nourrie par l\u2019observation et la m\u00e9moire. Ses peintures, loin de l\u2019imaginaire pur, revisitent ses souvenirs en les transformant avec libert\u00e9 et intensit\u00e9.<\/p>\n<p><img loading=\"lazy\" decoding=\"async\" style=\"display: block; margin-left: auto; margin-right: auto;\" src=\"https:\/\/www.europesays.com\/fr\/wp-content\/uploads\/2025\/09\/Capture_d_rsquo_e__cran_2025-09-03_a___10_23_10.png\" alt=\"\" width=\"306\" height=\"406\"\/><br \/><strong>Nicole M\u00e9riot,<\/strong> sculptrice passionn\u00e9e, travaille la terre pour en extraire des lignes \u00e9pur\u00e9es, o\u00f9 le mouvement et l\u2019harmonie priment. Ses \u0153uvres, ensuite coul\u00e9es en bronze et patin\u00e9es, captent la lumi\u00e8re et donnent vie aux formes avec \u00e9l\u00e9gance.<br \/>Cette rencontre artistique offre aux visiteurs une immersion dans trois sensibilit\u00e9s qui se r\u00e9pondent : la puissance des couleurs, la m\u00e9moire revisit\u00e9e et la gr\u00e2ce des volumes.<\/p>\n<p><strong>Infos pratiques<\/strong><br \/>Chapelle Saint-\u00c9tienne, place Ziem, Beaune<br \/>Du 4 au 17 septembre 2025 \u2013 tous les jours de 11h \u00e0 20h<br \/>Entr\u00e9e libre<\/p>\n","protected":false},"excerpt":{"rendered":"Du 4 au 17 septembre, peintures et sculptures dialoguent dans un cadre patrimonial unique, entre couleurs bourguignonnes, souvenirs&hellip;\n","protected":false},"author":2,"featured_media":362875,"comment_status":"","ping_status":"","sticky":false,"template":"","format":"standard","meta":{"footnotes":""},"categories":[9653],"tags":[1111,11,2430,1777,674,1011,27,12,25,4001],"class_list":{"0":"post-362874","1":"post","2":"type-post","3":"status-publish","4":"format-standard","5":"has-post-thumbnail","7":"category-saint-etienne","8":"tag-actu","9":"tag-actualites","10":"tag-auvergne-rhone-alpes","11":"tag-eu","12":"tag-europe","13":"tag-fr","14":"tag-france","15":"tag-news","16":"tag-republique-francaise","17":"tag-saint-etienne"},"share_on_mastodon":{"url":"https:\/\/pubeurope.com\/@fr\/115139566991116591","error":""},"_links":{"self":[{"href":"https:\/\/www.europesays.com\/fr\/wp-json\/wp\/v2\/posts\/362874","targetHints":{"allow":["GET"]}}],"collection":[{"href":"https:\/\/www.europesays.com\/fr\/wp-json\/wp\/v2\/posts"}],"about":[{"href":"https:\/\/www.europesays.com\/fr\/wp-json\/wp\/v2\/types\/post"}],"author":[{"embeddable":true,"href":"https:\/\/www.europesays.com\/fr\/wp-json\/wp\/v2\/users\/2"}],"replies":[{"embeddable":true,"href":"https:\/\/www.europesays.com\/fr\/wp-json\/wp\/v2\/comments?post=362874"}],"version-history":[{"count":0,"href":"https:\/\/www.europesays.com\/fr\/wp-json\/wp\/v2\/posts\/362874\/revisions"}],"wp:featuredmedia":[{"embeddable":true,"href":"https:\/\/www.europesays.com\/fr\/wp-json\/wp\/v2\/media\/362875"}],"wp:attachment":[{"href":"https:\/\/www.europesays.com\/fr\/wp-json\/wp\/v2\/media?parent=362874"}],"wp:term":[{"taxonomy":"category","embeddable":true,"href":"https:\/\/www.europesays.com\/fr\/wp-json\/wp\/v2\/categories?post=362874"},{"taxonomy":"post_tag","embeddable":true,"href":"https:\/\/www.europesays.com\/fr\/wp-json\/wp\/v2\/tags?post=362874"}],"curies":[{"name":"wp","href":"https:\/\/api.w.org\/{rel}","templated":true}]}}