{"id":362876,"date":"2025-09-03T09:05:59","date_gmt":"2025-09-03T09:05:59","guid":{"rendered":"https:\/\/www.europesays.com\/fr\/362876\/"},"modified":"2025-09-03T09:05:59","modified_gmt":"2025-09-03T09:05:59","slug":"ici-villers-les-nancy-54600-actualites-et-infos-de-votre-ville-en-continu","status":"publish","type":"post","link":"https:\/\/www.europesays.com\/fr\/362876\/","title":{"rendered":"ici Villers-l\u00e8s-Nancy (54600) : actualit\u00e9s et infos de votre ville en continu"},"content":{"rendered":"<p>Quelques chiffres \u00e0 conna\u00eetre concernant la population de Villers-l\u00e8s-Nancy<\/p>\n<p>En 2018, on \u00e9valuait \u00e0 14 558 le nombre d&rsquo;habitants de Villers-l\u00e8s-Nancy. La localit\u00e9 couvre une superficie de 9,93 km\u00b2, ce qui repr\u00e9sente une densit\u00e9 de 1 466,1 habitants\/kilom\u00e8tre carr\u00e9. Cette localit\u00e9 avait alors l&rsquo;une des densit\u00e9s de population les plus fortes du d\u00e9partement de la Meurthe-et-Moselle.<\/p>\n<p>D\u00e9couvrez les chiffres cl\u00e9s des logements de Villers-l\u00e8s-Nancy<\/p>\n<p>Avec 9,93 km\u00b2 et un total d&rsquo;environ 7 800 logements pour 14 558 habitants, Villers-l\u00e8s-Nancy a une assez forte densit\u00e9 de population mais une densit\u00e9 r\u00e9sidentielle faible (respectivement 1 466,1 hab\/km\u00b2 et 7,9 log\/ha). Elles sont toutes deux sup\u00e9rieures \u00e0 celles du pays (106 habitants par km\u00b2 et 0,6 log\/ha).<\/p>\n<p>D\u00e9couvrez quelques informations pratiques sur la r\u00e9partition du logement au sein de la municipalit\u00e9<\/p>\n<p>On remarque actuellement plus de propri\u00e9taires que de locataires \u00e0 l&rsquo;\u00e9chelle de la localit\u00e9. Environ 39,2\u00a0% des r\u00e9sidences principales sont occup\u00e9es par des locataires (dont 1,2 % \u00e0 titre gratuit) alors que 60,8\u00a0% sont occup\u00e9es par des propri\u00e9taires. Parmi les habitations de la ville, 1,2\u00a0% sont des r\u00e9sidences secondaires, 8\u00a0% des logements vacants et il y a 90,8\u00a0% de r\u00e9sidences principales. Par ailleurs, les logements sociaux repr\u00e9sentent 14,7\u00a0% de ces derni\u00e8res. La majorit\u00e9 des 7 114 m\u00e9nages ont emm\u00e9nag\u00e9 il y a plus de 30 ans \u00e0 Villers-l\u00e8s-Nancy.<\/p>\n<p>D\u00e9couvrez les chiffres cl\u00e9s des pi\u00e8ces des logements de la ville<\/p>\n<p>Les logements de la ville sont majoritairement des appartements (53 %). Les 3 pi\u00e8ces sont les plus nombreux. Ils repr\u00e9sentent \u00e0 eux seuls 34,7 % de ces derniers et leur surface est principalement comprise entre 60 et 80 m\u00b2. On trouve \u00e9galement de nombreux appartements de 2 pi\u00e8ces (26,5 %). Les maisons, quant \u00e0 elles, sont moins nombreuses (3 587) ; elles sont principalement compos\u00e9es de 6 pi\u00e8ces et plus. Leur surface moyenne est le plus souvent sup\u00e9rieure \u00e0 120 m\u00b2. On peut, par ailleurs, noter que les logements ont majoritairement \u00e9t\u00e9 construits entre 1971 et 1990.<\/p>\n<p>D\u00e9couvrez quelques informations chiffr\u00e9es \u00e0 propos des imp\u00f4ts de Villers-l\u00e8s-Nancy<\/p>\n<p>On d\u00e9nombre un total de 8 172 foyers fiscaux \u00e0 Villers-l\u00e8s-Nancy. Parmi eux, environ 37 % ne sont pas imposables, contre 53,5 % au niveau d\u00e9partemental et 50,2 % au niveau national. Les m\u00e9nages fiscaux villarois ont un revenu annuel m\u00e9dian de 25 590 \u20ac, soit 3 800 \u20ac de plus que celui de la Meurthe-et-Moselle. Par foyer, les habitants de Villers-l\u00e8s-Nancy paient en moyenne un imp\u00f4t sur le revenu de 2 627 \u20ac. Ce dernier est donc plus important que celui du d\u00e9partement qui s&rsquo;\u00e9l\u00e8ve \u00e0 1 442 \u20ac. Par ailleurs, 42,5 % des foyers d\u00e9clarent percevoir une retraite ou une pension.<\/p>\n<p>Les foyers fiscaux d\u00e9clarant un revenu fiscal de r\u00e9f\u00e9rence en dessous de 50 000 euros paient pr\u00e8s de 29,5 % du montant total de l&rsquo;imp\u00f4t sur le revenu de cette municipalit\u00e9. La contribution des foyers d\u00e9clarant un revenu annuel sup\u00e9rieur \u00e0 100 000 euros est de 32,4 % de l&rsquo;imp\u00f4t net de la localit\u00e9.<\/p>\n<p>D\u00e9couvrez les chiffres cl\u00e9s de l&#8217;emploi \u00e0 Villers-l\u00e8s-Nancy<\/p>\n<p>\u00c0 Villers-l\u00e8s-Nancy, le taux d&rsquo;activit\u00e9 atteignait 71,45 % au 31 d\u00e9cembre 2018 : il y avait en effet 6 313 actifs sur 8 836 habitants en \u00e2ge de travailler. Il y avait alors tr\u00e8s peu d&rsquo;\u00e9cart avec les statistiques sur l&rsquo;ensemble du territoire national, qui affichait un taux d&rsquo;activit\u00e9 de 71,9 %.<\/p>\n<p>On comptait 670 ch\u00f4meurs parmi ces actifs, le taux de ch\u00f4mage \u00e9tait donc de 10,61 %. En proportion, on recensait donc plus de ch\u00f4meurs que dans le reste de l&rsquo;Hexagone, o\u00f9 le taux de ch\u00f4mage s&rsquo;\u00e9levait \u00e0 9,1 %.<\/p>\n<p>Taux de ch\u00f4mage par CSP \u00e0 Villers-l\u00e8s-Nancy<\/p>\n<p>\u00c0 Villers-l\u00e8s-Nancy, en 2018, le plus fort taux de ch\u00f4mage s&rsquo;observait chez les agriculteurs : 100 % \u00e9taient sans travail. Il y avait 24,84 % d&rsquo;ouvriers en situation d&rsquo;inemploi, 10,4 % d&#8217;employ\u00e9s, 8,73 % de commer\u00e7ants, artisans et chefs d&rsquo;entreprises, 8,21 % de professions interm\u00e9diaires et 3,87 % de cadres.<\/p>\n","protected":false},"excerpt":{"rendered":"Quelques chiffres \u00e0 conna\u00eetre concernant la population de Villers-l\u00e8s-Nancy En 2018, on \u00e9valuait \u00e0 14 558 le nombre&hellip;\n","protected":false},"author":2,"featured_media":11291,"comment_status":"","ping_status":"","sticky":false,"template":"","format":"standard","meta":{"footnotes":""},"categories":[9635],"tags":[1111,11,1777,674,1011,27,775,1702,12,25],"class_list":{"0":"post-362876","1":"post","2":"type-post","3":"status-publish","4":"format-standard","5":"has-post-thumbnail","7":"category-nancy","8":"tag-actu","9":"tag-actualites","10":"tag-eu","11":"tag-europe","12":"tag-fr","13":"tag-france","14":"tag-grand-est","15":"tag-nancy","16":"tag-news","17":"tag-republique-francaise"},"share_on_mastodon":{"url":"https:\/\/pubeurope.com\/@fr\/115139574678917982","error":""},"_links":{"self":[{"href":"https:\/\/www.europesays.com\/fr\/wp-json\/wp\/v2\/posts\/362876","targetHints":{"allow":["GET"]}}],"collection":[{"href":"https:\/\/www.europesays.com\/fr\/wp-json\/wp\/v2\/posts"}],"about":[{"href":"https:\/\/www.europesays.com\/fr\/wp-json\/wp\/v2\/types\/post"}],"author":[{"embeddable":true,"href":"https:\/\/www.europesays.com\/fr\/wp-json\/wp\/v2\/users\/2"}],"replies":[{"embeddable":true,"href":"https:\/\/www.europesays.com\/fr\/wp-json\/wp\/v2\/comments?post=362876"}],"version-history":[{"count":0,"href":"https:\/\/www.europesays.com\/fr\/wp-json\/wp\/v2\/posts\/362876\/revisions"}],"wp:featuredmedia":[{"embeddable":true,"href":"https:\/\/www.europesays.com\/fr\/wp-json\/wp\/v2\/media\/11291"}],"wp:attachment":[{"href":"https:\/\/www.europesays.com\/fr\/wp-json\/wp\/v2\/media?parent=362876"}],"wp:term":[{"taxonomy":"category","embeddable":true,"href":"https:\/\/www.europesays.com\/fr\/wp-json\/wp\/v2\/categories?post=362876"},{"taxonomy":"post_tag","embeddable":true,"href":"https:\/\/www.europesays.com\/fr\/wp-json\/wp\/v2\/tags?post=362876"}],"curies":[{"name":"wp","href":"https:\/\/api.w.org\/{rel}","templated":true}]}}