{"id":362877,"date":"2025-09-03T09:07:25","date_gmt":"2025-09-03T09:07:25","guid":{"rendered":"https:\/\/www.europesays.com\/fr\/362877\/"},"modified":"2025-09-03T09:07:25","modified_gmt":"2025-09-03T09:07:25","slug":"politique-mathieu-klein-maire-de-nancy-espere-le-depart-de-francois-bayrou-mais-se-dit-contre-la-dissolution-de-lassemblee","status":"publish","type":"post","link":"https:\/\/www.europesays.com\/fr\/362877\/","title":{"rendered":"Politique. Mathieu Klein, maire de Nancy, esp\u00e8re le d\u00e9part de Fran\u00e7ois Bayrou mais se dit \u00ab contre la dissolution de l\u2019Assembl\u00e9e \u00bb"},"content":{"rendered":"<p>Ce lundi 8\u00a0septembre, l\u2019Assembl\u00e9e nationale donnera ou ne donnera pas sa confiance au Premier ministre <a href=\"https:\/\/www.estrepublicain.fr\/p\/francois-bayrou\" target=\"_blank\" rel=\"noopener\">Fran\u00e7ois Bayrou<\/a>. De ce vote d\u00e9pend l\u2019avenir du Parlement, et peut-\u00eatre du pays, de nouveaux. Que va-t-il se passer\u00a0? <a href=\"https:\/\/www.estrepublicain.fr\/p\/emmanuel-macron\" target=\"_blank\" rel=\"noopener\">Emmanuel Macron<\/a> va-t-il dissoudre encore une fois l\u2019Assembl\u00e9e\u00a0? Nommera-t-il rapidement un nouveau chef de gouvernement, ou pas\u00a0? D\u00e9missionnera-t-il pour organiser une pr\u00e9sidentielle anticip\u00e9e\u00a0?<\/p>\n<p>Pour le maire PS sortant de Nancy, <a href=\"https:\/\/www.estrepublicain.fr\/p\/mathieu-klein\" target=\"_blank\" rel=\"noopener\">Mathieu Klein<\/a>, rien de tout cela ne doit arriver. L\u2019\u00e9lu nanc\u00e9ien a indiqu\u00e9 ce mardi 2\u00a0septembre devant la presse locale, r\u00e9unie dans un caf\u00e9 du centre-ville en vue des municipales de 2026, qu\u2019il est \u00ab\u00a0contre la dissolution de l\u2019Assembl\u00e9e, et contre la d\u00e9mission du chef de l\u2019\u00c9tat\u00a0\u00bb.<\/p>\n<p>Ce contenu est bloqu\u00e9 car vous n&rsquo;avez pas accept\u00e9 les cookies et autres traceurs.<\/p>\n<p>En cliquant sur \u00ab J\u2019accepte \u00bb, les cookies et autres traceurs seront d\u00e9pos\u00e9s et vous pourrez visualiser les contenus  (<a href=\"\" class=\"consentModule_policy\" target=\"_blank\" title=\"Consulter la politique de protection des donn\u00e9es du fournisseur\">plus d&rsquo;informations<\/a>).<\/p>\n<p>En cliquant sur \u00ab J\u2019accepte tous les cookies \u00bb, vous autorisez des d\u00e9p\u00f4ts de cookies et autres traceurs pour le stockage de vos donn\u00e9es sur nos sites et applications \u00e0 des fins de personnalisation et de ciblage publicitaire.<\/p>\n<p class=\"consentModule_secondaryText\">Vous gardez la possibilit\u00e9 de retirer votre consentement \u00e0 tout moment en consultant notre <a href=\"https:\/\/www.estrepublicain.fr\/protection-des-donnees\" target=\"_blank\" title=\"Consulter notre politique de protection des donn\u00e9es\" rel=\"noopener\">politique de protection des donn\u00e9es<\/a>. <br \/>&#13;<br \/>\n            <a href=\"https:\/\/www.estrepublicain.fr\/elections\/2025\/09\/02\/javascript:Didomi.notice.show()\" class=\"consentModule_cmp\" target=\"_blank\" rel=\"noopener\">G\u00e9rer mes choix<\/a>&#13;\n        <\/p>\n<p>&#13;<br \/>\n                        J&rsquo;accepte&#13;<br \/>\n            J&rsquo;accepte tous les cookies&#13;\n        <\/p>\n<p>  \u00ab\u00a0Nous mettre autour d\u2019une table\u00a0\u00bb<\/p>\n<p>Interrog\u00e9 sur son calendrier de campagne d\u2019ici le premier tour du scrutin local, le 15\u00a0mars 2026, Mathieu Klein a soulign\u00e9 qu\u2019il est encore \u00ab\u00a0trop t\u00f4t\u00a0\u00bb pour lui pour \u00ab\u00a0se projeter\u00a0\u00bb localement (m\u00eame si la planification de sa campagne a bel et bien d\u00e9marr\u00e9). \u00ab\u00a0Personne n\u2019est s\u00fbr de rien sur ce qui va se passer durant les trois prochaines semaines\u00a0\u00bb, dit-il.<\/p>\n<p>\u00ab\u00a0C\u2019est le brouillard institutionnel devant nous, d\u00e9fend Mathieu Klein. J\u2019attends donc d\u2019y voir plus clair. Moi, je n\u2019appelle pas \u00e0 une dissolution de l\u2019Assembl\u00e9e. Ni \u00e0 une d\u00e9mission d\u2019Emmanuel Macron. La situation d\u00e9mocratique est de plus en plus sur un fil actuellement. Cela m\u2019inqui\u00e8te au plus haut point. C\u2019est donc le moment de changer de braquet, d\u2019acter le d\u00e9part de Bayrou, et de revenir \u00e0 une lecture parlementaire des choses.\u00a0\u00bb<\/p>\n<p>Le maire de Nancy appelle la majorit\u00e9 pr\u00e9sidentielle \u00e0 dialoguer avec la gauche pour un \u00ab\u00a0accord de m\u00e9thode parlementaire pour que le pays avance\u00a0\u00bb\u00a0: \u00ab\u00a0Nous avons une obligation ardente de nous mettre autour d\u2019une table, dans l\u2019int\u00e9r\u00eat du pays. Il ne faut pas cr\u00e9er une crise de r\u00e9gime. Il nous faut trouver des compromis.\u00a0\u00bb<\/p>\n","protected":false},"excerpt":{"rendered":"Ce lundi 8\u00a0septembre, l\u2019Assembl\u00e9e nationale donnera ou ne donnera pas sa confiance au Premier ministre Fran\u00e7ois Bayrou. De&hellip;\n","protected":false},"author":2,"featured_media":362878,"comment_status":"","ping_status":"","sticky":false,"template":"","format":"standard","meta":{"footnotes":""},"categories":[9635],"tags":[1111,11,1984,1707,1704,1706,1705,4188,1777,674,1011,27,775,2338,3539,3457,1702,1703,12,8387,3541,316,25],"class_list":{"0":"post-362877","1":"post","2":"type-post","3":"status-publish","4":"format-standard","5":"has-post-thumbnail","7":"category-nancy","8":"tag-actu","9":"tag-actualites","10":"tag-conseil-municipal","11":"tag-edition-luneville","12":"tag-edition-nancy-et-agglomeration","13":"tag-edition-pont-a-mousson","14":"tag-edition-toul","15":"tag-elections-municipales","16":"tag-eu","17":"tag-europe","18":"tag-fr","19":"tag-france","20":"tag-grand-est","21":"tag-la-france-insoumise","22":"tag-les-ecologistes","23":"tag-meurthe-et-moselle","24":"tag-nancy","25":"tag-nancy-ville-54b","26":"tag-news","27":"tag-parti-communiste","28":"tag-parti-socialiste","29":"tag-politique","30":"tag-republique-francaise"},"share_on_mastodon":{"url":"https:\/\/pubeurope.com\/@fr\/115139578638404316","error":""},"_links":{"self":[{"href":"https:\/\/www.europesays.com\/fr\/wp-json\/wp\/v2\/posts\/362877","targetHints":{"allow":["GET"]}}],"collection":[{"href":"https:\/\/www.europesays.com\/fr\/wp-json\/wp\/v2\/posts"}],"about":[{"href":"https:\/\/www.europesays.com\/fr\/wp-json\/wp\/v2\/types\/post"}],"author":[{"embeddable":true,"href":"https:\/\/www.europesays.com\/fr\/wp-json\/wp\/v2\/users\/2"}],"replies":[{"embeddable":true,"href":"https:\/\/www.europesays.com\/fr\/wp-json\/wp\/v2\/comments?post=362877"}],"version-history":[{"count":0,"href":"https:\/\/www.europesays.com\/fr\/wp-json\/wp\/v2\/posts\/362877\/revisions"}],"wp:featuredmedia":[{"embeddable":true,"href":"https:\/\/www.europesays.com\/fr\/wp-json\/wp\/v2\/media\/362878"}],"wp:attachment":[{"href":"https:\/\/www.europesays.com\/fr\/wp-json\/wp\/v2\/media?parent=362877"}],"wp:term":[{"taxonomy":"category","embeddable":true,"href":"https:\/\/www.europesays.com\/fr\/wp-json\/wp\/v2\/categories?post=362877"},{"taxonomy":"post_tag","embeddable":true,"href":"https:\/\/www.europesays.com\/fr\/wp-json\/wp\/v2\/tags?post=362877"}],"curies":[{"name":"wp","href":"https:\/\/api.w.org\/{rel}","templated":true}]}}