{"id":362879,"date":"2025-09-03T09:08:10","date_gmt":"2025-09-03T09:08:10","guid":{"rendered":"https:\/\/www.europesays.com\/fr\/362879\/"},"modified":"2025-09-03T09:08:10","modified_gmt":"2025-09-03T09:08:10","slug":"30kg-de-cannabis-retrouves-dans-une-voiture-un-trafic-de-stupefiants-a-ete-demantele-a-toulon","status":"publish","type":"post","link":"https:\/\/www.europesays.com\/fr\/362879\/","title":{"rendered":"30kg de cannabis retrouv\u00e9s dans une voiture: un trafic de stup\u00e9fiants a \u00e9t\u00e9 d\u00e9mantel\u00e9 \u00e0 Toulon"},"content":{"rendered":"<p>Des flux de transport r\u00e9gulier de produits stup\u00e9fiants ont \u00e9t\u00e9 mis au jour par les policiers du commissariat de Toulon. Dans le cadre de leur surveillance, une \u00e9quipe de la BAC (brigade anti-criminalit\u00e9) avait interpell\u00e9, en avril, une conductrice d\u2019une quarantaine d\u2019ann\u00e9es \u00e0 Toulon. En fouillant l\u2019int\u00e9rieur de son v\u00e9hicule, les fonctionnaires avaient d\u00e9couvert 29,88kg de r\u00e9sine de cannabis, cach\u00e9s dans son coffre.<\/p>\n<p>A partir de l\u00e0, les investigations se sont \u00e9tendues et ont \u00e9t\u00e9 confi\u00e9es aux sp\u00e9cialistes de la brigade des stup\u00e9fiants de Toulon. Pour les enqu\u00eateurs, il ne faisait gu\u00e8re de doute que la quadrag\u00e9naire effectuait des allers-retours entre Narbonne et La Farl\u00e8de en jouant le r\u00f4le d\u2019ouvreuse (en d\u00e9but de convoi). Il apparaissait \u00e9galement que plusieurs voyages avaient \u00e9t\u00e9 organis\u00e9s vers l\u2019Espagne dont un, en avril dernier, pour en ramener des produits stup\u00e9fiants.<\/p>\n<p>Coup de filet \u00e0 Cuers<\/p>\n<p>L\u2019enqu\u00eate a r\u00e9v\u00e9l\u00e9 que ces voyages \u00e9taient vraisemblablement \u00ab\u00a0commandit\u00e9s\u00a0\u00bb par l\u2019utilisateur d\u2019un compte Snapchat sur Internet. Intervenant sur commission rogatoire d\u2019un juge d\u2019instruction toulonnais, les policiers ont poursuivi leurs investigations pour pr\u00e9ciser l\u2019\u00e9tendue du r\u00e9seau.<\/p>\n<p>Tr\u00e8s vite, il est apparu que l\u2019un des animateurs pr\u00e9sum\u00e9s de ce r\u00e9seau vivait pr\u00e8s de Barcelone et faisait des incursions en France pour v\u00e9rifier que les flux de produits se d\u00e9roulaient bien. Il rendait \u00e9galement visite \u00e0 deux de ses proches qui r\u00e9sidaient dans le Var. Mais c\u2019est le 30 ao\u00fbt dernier que les fonctionnaires ont d\u00e9clench\u00e9 un coup de filet pour appr\u00e9hender l\u2019organisateur pr\u00e9sum\u00e9 du trafic, localis\u00e9 \u00e0 Cuers.<\/p>\n<p>Quatre personnes incarc\u00e9r\u00e9es<\/p>\n<p>Sa compagne et un complice ont \u00e9galement \u00e9t\u00e9 interpell\u00e9s. Au domicile de ce dernier, 23 grammes de coca\u00efne, 96 grammes de cannabis et 22.000 euros d\u2019argent liquide ont \u00e9t\u00e9 saisis.<\/p>\n<p>Les trois mis en cause ont \u00e9t\u00e9 d\u00e9f\u00e9r\u00e9s au parquet de Toulon et \u00e9crou\u00e9s. La conductrice du v\u00e9hicule intercept\u00e9 est \u00e9galement incarc\u00e9r\u00e9e. Les investigations continuent pour pr\u00e9ciser les responsabilit\u00e9s de chacun dans cette affaire.<\/p>\n","protected":false},"excerpt":{"rendered":"Des flux de transport r\u00e9gulier de produits stup\u00e9fiants ont \u00e9t\u00e9 mis au jour par les policiers du commissariat&hellip;\n","protected":false},"author":2,"featured_media":362880,"comment_status":"","ping_status":"","sticky":false,"template":"","format":"standard","meta":{"footnotes":""},"categories":[9619],"tags":[1111,11,1777,674,1011,27,12,882,25,2310,3366],"class_list":{"0":"post-362879","1":"post","2":"type-post","3":"status-publish","4":"format-standard","5":"has-post-thumbnail","7":"category-toulon","8":"tag-actu","9":"tag-actualites","10":"tag-eu","11":"tag-europe","12":"tag-fr","13":"tag-france","14":"tag-news","15":"tag-provence-alpes-cote-dazur","16":"tag-republique-francaise","17":"tag-toulon","18":"tag-vie-locale"},"share_on_mastodon":{"url":"https:\/\/pubeurope.com\/@fr\/115139582577326183","error":""},"_links":{"self":[{"href":"https:\/\/www.europesays.com\/fr\/wp-json\/wp\/v2\/posts\/362879","targetHints":{"allow":["GET"]}}],"collection":[{"href":"https:\/\/www.europesays.com\/fr\/wp-json\/wp\/v2\/posts"}],"about":[{"href":"https:\/\/www.europesays.com\/fr\/wp-json\/wp\/v2\/types\/post"}],"author":[{"embeddable":true,"href":"https:\/\/www.europesays.com\/fr\/wp-json\/wp\/v2\/users\/2"}],"replies":[{"embeddable":true,"href":"https:\/\/www.europesays.com\/fr\/wp-json\/wp\/v2\/comments?post=362879"}],"version-history":[{"count":0,"href":"https:\/\/www.europesays.com\/fr\/wp-json\/wp\/v2\/posts\/362879\/revisions"}],"wp:featuredmedia":[{"embeddable":true,"href":"https:\/\/www.europesays.com\/fr\/wp-json\/wp\/v2\/media\/362880"}],"wp:attachment":[{"href":"https:\/\/www.europesays.com\/fr\/wp-json\/wp\/v2\/media?parent=362879"}],"wp:term":[{"taxonomy":"category","embeddable":true,"href":"https:\/\/www.europesays.com\/fr\/wp-json\/wp\/v2\/categories?post=362879"},{"taxonomy":"post_tag","embeddable":true,"href":"https:\/\/www.europesays.com\/fr\/wp-json\/wp\/v2\/tags?post=362879"}],"curies":[{"name":"wp","href":"https:\/\/api.w.org\/{rel}","templated":true}]}}