{"id":362881,"date":"2025-09-03T09:09:09","date_gmt":"2025-09-03T09:09:09","guid":{"rendered":"https:\/\/www.europesays.com\/fr\/362881\/"},"modified":"2025-09-03T09:09:09","modified_gmt":"2025-09-03T09:09:09","slug":"zach-mercer-explique-pourquoi-sa-signature-a-toulon-a-provoque-un-clash-avec-gloucester","status":"publish","type":"post","link":"https:\/\/www.europesays.com\/fr\/362881\/","title":{"rendered":"Zach Mercer explique pourquoi sa signature \u00e0 Toulon a provoqu\u00e9 un clash avec Gloucester"},"content":{"rendered":"<p>Le troisi\u00e8me ligne international Anglais Zach Mercer s\u2019est engag\u00e9 en faveur du Rugby Club Toulonnais cet \u00e9t\u00e9.<\/p>\n<p>Le solide joueur Anglais va faire son grand retour en Top 14, lui qui a d\u00e9j\u00e0 \u00e9volu\u00e9 au sein du championnat Fran\u00e7ais entre 2021 et 2023, du c\u00f4t\u00e9 de Montpellier.<\/p>\n<p>Interrog\u00e9 via <a href=\"https:\/\/www.midilibre.fr\/2025\/09\/03\/jespere-que-je-serai-bien-accueilli-zach-mercer-se-confie-avant-toulon-mhr-et-raconte-ses-deux-dernieres-annees-12905181.php\" rel=\"nofollow noopener\" target=\"_blank\">Midi Libre<\/a>, Zach Mercer a expliqu\u00e9 se sentir en pleine forme pour le d\u00e9but de la saison.<\/p>\n<p><strong>Il indique \u00eatre \u00e0 120%. Extrait:<\/strong><\/p>\n<p>Pleine forme, \u00e0 120\u00a0%. En fait, j\u2019en ai profit\u00e9 pour faire d\u2019une pierre deux coups. En plus du ligament crois\u00e9 ant\u00e9rieur rompu il y a huit mois, je me suis fait r\u00e9parer le post\u00e9rieur, que je n\u2019avais plus depuis 2018.\u00a0J\u2019ai jou\u00e9 sans quand j\u2019\u00e9tais \u00e0 Montpellier.\u00a0Maintenant, c\u2019est tout neuf. Je me sens\u00a0beaucoup mieux et je suis pr\u00eat \u00e0 attaquer la saison.<\/p>\n<p><strong>Selon lui, cette blessure a finalement \u00e9t\u00e9 un mal pour un bien. Il s\u2019explique. Extrait:<\/strong><\/p>\n<p>\u00c0 Montpellier, j\u2019ai beaucoup jou\u00e9 (59 matches en deux saisons). Quand je suis arriv\u00e9 \u00e0 Gloucester, mon corps me disait que j\u2019\u00e9tais fatigu\u00e9. \u00c9videmment, je pr\u00e9f\u00e8re jouer au rugby que d\u2019\u00eatre bless\u00e9. Mais en m\u00eame temps, j\u2019ai eu de la chance. Mon fils \u00e9tait tout petit et ma femme \u00e9tait enceinte. J\u2019ai pu passer du temps avec eux, ne pas \u00eatre\u00a0tout le temps \u00e0 droite \u00e0 gauche.<\/p>\n<p>Puis, apr\u00e8s ma blessure, en novembre, Gloucester ne voulait plus que je sois au club. Je ne suis plus affili\u00e9 \u00e0 un club depuis d\u00e9cembre. Donc j\u2019\u00e9tais \u00e0 la maison et faisais ma propre r\u00e9\u00e9ducation, en collaboration avec un kin\u00e9 priv\u00e9. Il a \u00e9t\u00e9 top. Il m\u00e9rite tous les cr\u00e9dits pour m\u2019avoir remis sur pied.<\/p>\n<p><strong>Dans la foul\u00e9e, il explique que sa signature \u00e0 Toulon, tr\u00e8s t\u00f4t dans la saison, a provoqu\u00e9 des histoires avec son club de Gloucester. Extrait:<\/strong><\/p>\n<p>Disons qu\u2019il y a eu quelques d\u00e9saccords sur l\u2019annonce de mon transfert de Gloucester \u00e0 Toulon. Gloucester voulait une chose, Toulon une autre. Je voulais suivre ce que Toulon disait, mais Gloucester n\u2019\u00e9tait pas vraiment sur la m\u00eame longueur d\u2019onde.<\/p>\n<p>En d\u00e9cembre, Toulon a pris en charge ma r\u00e9\u00e9ducation. Alors, je suis pass\u00e9 par le centre r\u00e9put\u00e9 de Capbreton. J\u2019y ai pass\u00e9 sept semaines au total, c\u2019\u00e9tait un endroit incroyable, avec des mecs au top.<\/p>\n<p><strong>Il explique sa d\u00e9cision de faire son retour en France. Extrait:<\/strong><\/p>\n<p>Parce que j\u2019aime la France. J\u2019ai ador\u00e9 mon temps \u00e0 Montpellier. Puis les supporters, leur passion. La derni\u00e8re fois, \u00e0 un entra\u00eenement le dimanche, il y avait 500 personnes\u2026 Il n\u2019y a pas \u00e7a en Premiership. Toulon est une ville \u00e0 part dans le rugby, pleine d\u2019histoire. Quand les dirigeants m\u2019ont contact\u00e9, ce n\u2019\u00e9tait pas la peine de me demander deux fois.<\/p>\n","protected":false},"excerpt":{"rendered":"Le troisi\u00e8me ligne international Anglais Zach Mercer s\u2019est engag\u00e9 en faveur du Rugby Club Toulonnais cet \u00e9t\u00e9. Le&hellip;\n","protected":false},"author":2,"featured_media":238630,"comment_status":"","ping_status":"","sticky":false,"template":"","format":"standard","meta":{"footnotes":""},"categories":[9619],"tags":[1111,11,1777,674,1011,27,12,882,25,2310],"class_list":{"0":"post-362881","1":"post","2":"type-post","3":"status-publish","4":"format-standard","5":"has-post-thumbnail","7":"category-toulon","8":"tag-actu","9":"tag-actualites","10":"tag-eu","11":"tag-europe","12":"tag-fr","13":"tag-france","14":"tag-news","15":"tag-provence-alpes-cote-dazur","16":"tag-republique-francaise","17":"tag-toulon"},"share_on_mastodon":{"url":"https:\/\/pubeurope.com\/@fr\/115139586514751989","error":""},"_links":{"self":[{"href":"https:\/\/www.europesays.com\/fr\/wp-json\/wp\/v2\/posts\/362881","targetHints":{"allow":["GET"]}}],"collection":[{"href":"https:\/\/www.europesays.com\/fr\/wp-json\/wp\/v2\/posts"}],"about":[{"href":"https:\/\/www.europesays.com\/fr\/wp-json\/wp\/v2\/types\/post"}],"author":[{"embeddable":true,"href":"https:\/\/www.europesays.com\/fr\/wp-json\/wp\/v2\/users\/2"}],"replies":[{"embeddable":true,"href":"https:\/\/www.europesays.com\/fr\/wp-json\/wp\/v2\/comments?post=362881"}],"version-history":[{"count":0,"href":"https:\/\/www.europesays.com\/fr\/wp-json\/wp\/v2\/posts\/362881\/revisions"}],"wp:featuredmedia":[{"embeddable":true,"href":"https:\/\/www.europesays.com\/fr\/wp-json\/wp\/v2\/media\/238630"}],"wp:attachment":[{"href":"https:\/\/www.europesays.com\/fr\/wp-json\/wp\/v2\/media?parent=362881"}],"wp:term":[{"taxonomy":"category","embeddable":true,"href":"https:\/\/www.europesays.com\/fr\/wp-json\/wp\/v2\/categories?post=362881"},{"taxonomy":"post_tag","embeddable":true,"href":"https:\/\/www.europesays.com\/fr\/wp-json\/wp\/v2\/tags?post=362881"}],"curies":[{"name":"wp","href":"https:\/\/api.w.org\/{rel}","templated":true}]}}