{"id":362884,"date":"2025-09-03T09:11:15","date_gmt":"2025-09-03T09:11:15","guid":{"rendered":"https:\/\/www.europesays.com\/fr\/362884\/"},"modified":"2025-09-03T09:11:15","modified_gmt":"2025-09-03T09:11:15","slug":"150-vols-a-la-roulotte-deux-chefs-de-reseaux-interpelles","status":"publish","type":"post","link":"https:\/\/www.europesays.com\/fr\/362884\/","title":{"rendered":"150 vols \u00e0 la roulotte, deux \u00ab\u00a0chefs de r\u00e9seaux\u00a0\u00bb interpell\u00e9s"},"content":{"rendered":"<p>\nLa police nationale 34 enqu\u00eatait sur de nombreux vols \u00e0 la roulotte \u00e0 Montpellier.<\/p>\n<p><a data-no-instant=\"1\" href=\"https:\/\/www.gard.fr\/information\/actualites\/rentree-2025-2026-le-conseil-departemental-sengage-pour-la-jeunesse\" rel=\"noopener\" class=\"a2t-link\" aria-label=\"DEP30-2025-CAMPAGNE-JEUNESSE-RENTREE-1220x260px\" target=\"_blank\"><img decoding=\"async\" src=\"https:\/\/www.europesays.com\/fr\/wp-content\/uploads\/2025\/09\/DEP30-2025-CAMPAGNE-JEUNESSE-RENTREE-1220x260px.gif\" alt=\"\"\/><\/a><\/p>\n<p>La police nationale de l\u2019<a href=\"https:\/\/infoccitanie.fr\/tag\/herault\/\" target=\"_blank\" rel=\"noopener\">H\u00e9rault<\/a> enqu\u00eatait depuis plusieurs mois au sujet de 150 vols \u00e0 la roulotte \u00e0 Montpellier. Un\u00a0<strong>vol \u00e0 la roulotte\u00a0<\/strong>est un\u00a0vol\u00a0commis dans un\u00a0v\u00e9hicule\u00a0ou dans une\u00a0roulotte. Le voleur, appel\u00e9\u00a0roulottier, s\u2019arrange g\u00e9n\u00e9ralement pour agir pendant que le v\u00e9hicule n\u2019est pas occup\u00e9 et esp\u00e8re trouver\u00a0t\u00e9l\u00e9phone portable,\u00a0certificat d\u2019immatriculation,\u00a0autoradio,\u00a0sac \u00e0 main,\u00a0cl\u00e9s, etc.<\/p>\n<p>Arme de poing, fusil de chasse\u2026<\/p>\n<p>La police nationale 34 indique ce mercredi 3 septembre avoir trouv\u00e9 une arme de poing, un fusil de chasse et divers objets saisis, et avoir interpell\u00e9 le 28 ao\u00fbt dernier deux \u00ab\u00a0chefs de r\u00e9seaux\u00a0\u00bb. Ces derniers seront jug\u00e9s le 31 octobre prochain.<\/p>\n<p><a data-no-instant=\"1\" href=\"https:\/\/www.lio-occitanie.fr\/titres-et-tarifs\/\" rel=\"noopener\" class=\"a2t-link\" aria-label=\"2915-lio-sncf-2025\" target=\"_blank\"><img decoding=\"async\" src=\"https:\/\/www.europesays.com\/fr\/wp-content\/uploads\/2025\/08\/2915-lio-sncf-2025.png\" alt=\"\"  \/><\/a><\/p>\n","protected":false},"excerpt":{"rendered":"La police nationale 34 enqu\u00eatait sur de nombreux vols \u00e0 la roulotte \u00e0 Montpellier. La police nationale de&hellip;\n","protected":false},"author":2,"featured_media":362885,"comment_status":"","ping_status":"","sticky":false,"template":"","format":"standard","meta":{"footnotes":""},"categories":[9599],"tags":[1111,11,1777,674,1011,27,2208,12,2680,4843,25],"class_list":{"0":"post-362884","1":"post","2":"type-post","3":"status-publish","4":"format-standard","5":"has-post-thumbnail","7":"category-montpellier","8":"tag-actu","9":"tag-actualites","10":"tag-eu","11":"tag-europe","12":"tag-fr","13":"tag-france","14":"tag-montpellier","15":"tag-news","16":"tag-occitanie","17":"tag-police-nationale","18":"tag-republique-francaise"},"share_on_mastodon":{"url":"https:\/\/pubeurope.com\/@fr\/115139594742045002","error":""},"_links":{"self":[{"href":"https:\/\/www.europesays.com\/fr\/wp-json\/wp\/v2\/posts\/362884","targetHints":{"allow":["GET"]}}],"collection":[{"href":"https:\/\/www.europesays.com\/fr\/wp-json\/wp\/v2\/posts"}],"about":[{"href":"https:\/\/www.europesays.com\/fr\/wp-json\/wp\/v2\/types\/post"}],"author":[{"embeddable":true,"href":"https:\/\/www.europesays.com\/fr\/wp-json\/wp\/v2\/users\/2"}],"replies":[{"embeddable":true,"href":"https:\/\/www.europesays.com\/fr\/wp-json\/wp\/v2\/comments?post=362884"}],"version-history":[{"count":0,"href":"https:\/\/www.europesays.com\/fr\/wp-json\/wp\/v2\/posts\/362884\/revisions"}],"wp:featuredmedia":[{"embeddable":true,"href":"https:\/\/www.europesays.com\/fr\/wp-json\/wp\/v2\/media\/362885"}],"wp:attachment":[{"href":"https:\/\/www.europesays.com\/fr\/wp-json\/wp\/v2\/media?parent=362884"}],"wp:term":[{"taxonomy":"category","embeddable":true,"href":"https:\/\/www.europesays.com\/fr\/wp-json\/wp\/v2\/categories?post=362884"},{"taxonomy":"post_tag","embeddable":true,"href":"https:\/\/www.europesays.com\/fr\/wp-json\/wp\/v2\/tags?post=362884"}],"curies":[{"name":"wp","href":"https:\/\/api.w.org\/{rel}","templated":true}]}}