{"id":362886,"date":"2025-09-03T09:13:13","date_gmt":"2025-09-03T09:13:13","guid":{"rendered":"https:\/\/www.europesays.com\/fr\/362886\/"},"modified":"2025-09-03T09:13:13","modified_gmt":"2025-09-03T09:13:13","slug":"les-puces-jeanne-darc-le-grand-rendez-vous-du-dimanche-a-rouen","status":"publish","type":"post","link":"https:\/\/www.europesays.com\/fr\/362886\/","title":{"rendered":"Les Puces Jeanne d\u2019Arc : le grand rendez-vous du dimanche \u00e0 Rouen"},"content":{"rendered":"<p>Chaque <strong>premier dimanche du mois<\/strong>, la <strong>rue Jeanne d\u2019Arc<\/strong> se transforme en v\u00e9ritable terrain de chasse aux tr\u00e9sors. Les <strong>Puces Jeanne d\u2019Arc<\/strong> reviennent en force ce <strong>dimanche 7 septembre<\/strong> avec des dizaines d\u2019<strong>exposants<\/strong> pr\u00eats \u00e0 d\u00e9gainer leurs trouvailles.<\/p>\n<p>Au programme : <strong>v\u00eatements vintage<\/strong>, <strong>vinyles collectors<\/strong>, <strong>meubles r\u00e9tro<\/strong> et autres p\u00e9pites inattendues. C\u2019est le genre de <strong>brocante g\u00e9ante<\/strong> o\u00f9 tu viens fl\u00e2ner, n\u00e9gocier, et repartir les bras charg\u00e9s de bonnes affaires.<\/p>\n<p style=\"margin: 0; color: #000000; font-size: 16px; font-weight: bold;\">\u00c0 voir aussi sur Rouen Bouge<\/p>\n<\/p>\n<p>                    \u2716\n                <\/p>\n<p><strong>Une ambiance qui cartonne \ud83c\udfb6<\/strong><\/p>\n<p>Ici, ce n\u2019est pas juste un march\u00e9 : c\u2019est un vrai <strong>spot de convivialit\u00e9<\/strong> qui rassemble chaque mois des <strong>milliers de personnes<\/strong>. Les <strong>brocanteurs rouennais<\/strong> sortent leurs plus beaux \u00e9tals, les chineurs se pressent, et tout le monde partage le m\u00eame objectif : trouver la pi\u00e8ce qui fera la diff\u00e9rence dans son appart ou dans son dressing.<\/p>\n<p>M\u00eame si la <strong>m\u00e9t\u00e9o reste incertaine<\/strong>, la <strong>bonne humeur<\/strong> est toujours de la partie. Et on sait tr\u00e8s bien que la pluie n\u2019a jamais emp\u00each\u00e9 un bon plan de cartonner \u00e0 Rouen !<\/p>\n","protected":false},"excerpt":{"rendered":"Chaque premier dimanche du mois, la rue Jeanne d\u2019Arc se transforme en v\u00e9ritable terrain de chasse aux tr\u00e9sors.&hellip;\n","protected":false},"author":2,"featured_media":362887,"comment_status":"","ping_status":"","sticky":false,"template":"","format":"standard","meta":{"footnotes":""},"categories":[9587],"tags":[1111,11,1777,674,1011,27,12,5161,25,9590],"class_list":{"0":"post-362886","1":"post","2":"type-post","3":"status-publish","4":"format-standard","5":"has-post-thumbnail","7":"category-rouen","8":"tag-actu","9":"tag-actualites","10":"tag-eu","11":"tag-europe","12":"tag-fr","13":"tag-france","14":"tag-news","15":"tag-normandie","16":"tag-republique-francaise","17":"tag-rouen"},"share_on_mastodon":{"url":"https:\/\/pubeurope.com\/@fr\/115139602415695106","error":""},"_links":{"self":[{"href":"https:\/\/www.europesays.com\/fr\/wp-json\/wp\/v2\/posts\/362886","targetHints":{"allow":["GET"]}}],"collection":[{"href":"https:\/\/www.europesays.com\/fr\/wp-json\/wp\/v2\/posts"}],"about":[{"href":"https:\/\/www.europesays.com\/fr\/wp-json\/wp\/v2\/types\/post"}],"author":[{"embeddable":true,"href":"https:\/\/www.europesays.com\/fr\/wp-json\/wp\/v2\/users\/2"}],"replies":[{"embeddable":true,"href":"https:\/\/www.europesays.com\/fr\/wp-json\/wp\/v2\/comments?post=362886"}],"version-history":[{"count":0,"href":"https:\/\/www.europesays.com\/fr\/wp-json\/wp\/v2\/posts\/362886\/revisions"}],"wp:featuredmedia":[{"embeddable":true,"href":"https:\/\/www.europesays.com\/fr\/wp-json\/wp\/v2\/media\/362887"}],"wp:attachment":[{"href":"https:\/\/www.europesays.com\/fr\/wp-json\/wp\/v2\/media?parent=362886"}],"wp:term":[{"taxonomy":"category","embeddable":true,"href":"https:\/\/www.europesays.com\/fr\/wp-json\/wp\/v2\/categories?post=362886"},{"taxonomy":"post_tag","embeddable":true,"href":"https:\/\/www.europesays.com\/fr\/wp-json\/wp\/v2\/tags?post=362886"}],"curies":[{"name":"wp","href":"https:\/\/api.w.org\/{rel}","templated":true}]}}