{"id":362888,"date":"2025-09-03T09:14:11","date_gmt":"2025-09-03T09:14:11","guid":{"rendered":"https:\/\/www.europesays.com\/fr\/362888\/"},"modified":"2025-09-03T09:14:11","modified_gmt":"2025-09-03T09:14:11","slug":"metropole-de-grenoble-la-base-de-loisirs-du-bois-francais-prolonge-son-ouverture-estivale","status":"publish","type":"post","link":"https:\/\/www.europesays.com\/fr\/362888\/","title":{"rendered":"M\u00e9tropole de Grenoble. La base de loisirs du Bois fran\u00e7ais prolonge son ouverture estivale"},"content":{"rendered":"<p>La base de loisirs du Bois fran\u00e7ais joue les prolongations. Si l\u2019heure de la rentr\u00e9e a sonn\u00e9 ce lundi 1er septembre pour les \u00e9l\u00e8ves, l\u2019\u00e9t\u00e9 n\u2019est pas encore fini. Et pour en profiter encore, la M\u00e9tropole de Grenoble annonce que la base ouvrira ses portes les samedis et dimanches 6, 7 et 13, 14\u00a0septembre de 10h \u00e0 18h (le snack sera lui ferm\u00e9).<\/p>\n<p>Ce contenu est bloqu\u00e9 car vous n&rsquo;avez pas accept\u00e9 les cookies et autres traceurs.<\/p>\n<p>En cliquant sur \u00ab J\u2019accepte \u00bb, les cookies et autres traceurs seront d\u00e9pos\u00e9s et vous pourrez visualiser les contenus  (<a href=\"\" class=\"consentModule_policy\" target=\"_blank\" title=\"Consulter la politique de protection des donn\u00e9es du fournisseur\">plus d&rsquo;informations<\/a>).<\/p>\n<p>En cliquant sur \u00ab J\u2019accepte tous les cookies \u00bb, vous autorisez des d\u00e9p\u00f4ts de cookies et autres traceurs pour le stockage de vos donn\u00e9es sur nos sites et applications \u00e0 des fins de personnalisation et de ciblage publicitaire.<\/p>\n<p class=\"consentModule_secondaryText\">Vous gardez la possibilit\u00e9 de retirer votre consentement \u00e0 tout moment en consultant notre <a href=\"https:\/\/www.ledauphine.com\/protection-des-donnees\" target=\"_blank\" title=\"Consulter notre politique de protection des donn\u00e9es\" rel=\"nofollow noopener\">politique de protection des donn\u00e9es<\/a>. <br \/>&#13;<br \/>\n            <a href=\"https:\/\/www.ledauphine.com\/culture-loisirs\/2025\/09\/03\/javascript:Didomi.notice.show()\" class=\"consentModule_cmp\" rel=\"nofollow noopener\" target=\"_blank\">G\u00e9rer mes choix<\/a>&#13;\n        <\/p>\n<p>&#13;<br \/>\n                        J&rsquo;accepte&#13;<br \/>\n            J&rsquo;accepte tous les cookies&#13;\n        <\/p>\n<p>Une mani\u00e8re de prolonger un peu l\u2019ann\u00e9e anniversaire du plus grand site naturel p\u00e9riurbain de la r\u00e9gion, v\u00e9ritable paradis d\u2019eau douce, qui f\u00eate <a href=\"https:\/\/www.ledauphine.com\/culture-loisirs\/2025\/05\/20\/a-la-base-de-loisirs-du-bois-francais-on-se-baigne-des-ce-samedi-24-mai\" target=\"_blank\" rel=\"nofollow noopener\">ses 40 ans cette ann\u00e9e<\/a>. Tout l\u2019\u00e9t\u00e9, des animations \u00e9taient propos\u00e9es\u00a0: des cours de yoga au hip-hop, des ateliers cr\u00e9atifs ou des animations de d\u00e9couverte de la nature\u2026 Une programmation qui a attir\u00e9 72\u00a0000 visiteurs entre le 24\u00a0mai et la fin du mois d\u2019ao\u00fbt\u00a02025, contre 64\u00a0000 en 2024.<\/p>\n<p>\u00c0 noter que la base de loisirs du Bois fran\u00e7ais a obtenu le label \u201cTourisme et handicap\u201d qui identifie les \u00e9tablissements r\u00e9pondant aux besoins sp\u00e9cifiques des touristes en situation de handicap qu\u2019il soit auditif, mental, moteur ou visuel.<\/p>\n<p class=\"note\">Tarifs et renseignements sur <a href=\"https:\/\/www.grenoblealpesmetropole.fr\/234-base-de-loisirs-du-bois-francais.htm\" target=\"_blank\" rel=\"nofollow noopener\">grenoblealpesmetropole.fr<\/a>.<\/p>\n","protected":false},"excerpt":{"rendered":"La base de loisirs du Bois fran\u00e7ais joue les prolongations. Si l\u2019heure de la rentr\u00e9e a sonn\u00e9 ce&hellip;\n","protected":false},"author":2,"featured_media":362889,"comment_status":"","ping_status":"","sticky":false,"template":"","format":"standard","meta":{"footnotes":""},"categories":[9566],"tags":[1111,11,2430,1687,112,113,1777,674,1011,27,2731,2732,1985,12,25],"class_list":{"0":"post-362888","1":"post","2":"type-post","3":"status-publish","4":"format-standard","5":"has-post-thumbnail","7":"category-grenoble","8":"tag-actu","9":"tag-actualites","10":"tag-auvergne-rhone-alpes","11":"tag-culture-loisirs","12":"tag-edition-grenoble-agglomeration","13":"tag-edition-gresivaudan-oisans","14":"tag-eu","15":"tag-europe","16":"tag-fr","17":"tag-france","18":"tag-grenoble","19":"tag-grenoble-bassin","20":"tag-metropole-de-grenoble","21":"tag-news","22":"tag-republique-francaise"},"share_on_mastodon":{"url":"https:\/\/pubeurope.com\/@fr\/115139606244903245","error":""},"_links":{"self":[{"href":"https:\/\/www.europesays.com\/fr\/wp-json\/wp\/v2\/posts\/362888","targetHints":{"allow":["GET"]}}],"collection":[{"href":"https:\/\/www.europesays.com\/fr\/wp-json\/wp\/v2\/posts"}],"about":[{"href":"https:\/\/www.europesays.com\/fr\/wp-json\/wp\/v2\/types\/post"}],"author":[{"embeddable":true,"href":"https:\/\/www.europesays.com\/fr\/wp-json\/wp\/v2\/users\/2"}],"replies":[{"embeddable":true,"href":"https:\/\/www.europesays.com\/fr\/wp-json\/wp\/v2\/comments?post=362888"}],"version-history":[{"count":0,"href":"https:\/\/www.europesays.com\/fr\/wp-json\/wp\/v2\/posts\/362888\/revisions"}],"wp:featuredmedia":[{"embeddable":true,"href":"https:\/\/www.europesays.com\/fr\/wp-json\/wp\/v2\/media\/362889"}],"wp:attachment":[{"href":"https:\/\/www.europesays.com\/fr\/wp-json\/wp\/v2\/media?parent=362888"}],"wp:term":[{"taxonomy":"category","embeddable":true,"href":"https:\/\/www.europesays.com\/fr\/wp-json\/wp\/v2\/categories?post=362888"},{"taxonomy":"post_tag","embeddable":true,"href":"https:\/\/www.europesays.com\/fr\/wp-json\/wp\/v2\/tags?post=362888"}],"curies":[{"name":"wp","href":"https:\/\/api.w.org\/{rel}","templated":true}]}}